{"id":186929,"date":"2021-08-09T18:36:08","date_gmt":"2021-08-09T16:36:08","guid":{"rendered":"http:\/\/www.leccecronaca.it\/?p=186929"},"modified":"2021-08-10T17:15:28","modified_gmt":"2021-08-10T15:15:28","slug":"seconda-festa-noscia-in-tono-minore-anche-questanno-solo-poche-luminarie-banda-musicale-e-fuochi-dartificio","status":"publish","type":"post","link":"https:\/\/www.leccecronaca.it\/index.php\/2021\/08\/09\/seconda-festa-noscia-in-tono-minore-anche-questanno-solo-poche-luminarie-banda-musicale-e-fuochi-dartificio\/","title":{"rendered":"SECONDA FESTA NOSCIA IN TONO MINORE, SOLO POCHE LUMINARIE, BANDA MUSICALE E FUOCHI D&#8217;ARTIFICIO"},"content":{"rendered":"<p><img decoding=\"async\" loading=\"lazy\" class=\"alignnone size-full wp-image-186930\" src=\"https:\/\/www.leccecronaca.it\/wordpress\/wp-content\/uploads\/2021\/08\/processione-678x381-1.jpg\" alt=\"\" width=\"678\" height=\"381\" srcset=\"https:\/\/www.leccecronaca.it\/wordpress\/wp-content\/uploads\/2021\/08\/processione-678x381-1.jpg 678w, https:\/\/www.leccecronaca.it\/wordpress\/wp-content\/uploads\/2021\/08\/processione-678x381-1-300x169.jpg 300w\" sizes=\"(max-width: 678px) 100vw, 678px\" \/>(Rdl)______&#8221;<em>Purtroppo per il secondo anno a causa della persistere dell&#8217;emergenza sanitaria e stante il quadro di\u00a0misure di contenimento del contagio da SARS-CoV-2, ad oggi, si conferma, purtroppo,\u00a0l&#8217;impossibilit\u00e0 di realizzare alcune tradizionali attivit\u00e0 programmate nel periodo delle festivit\u00e0\u00a0patronali leccesi come la cosiddetta Fiera di Sant&#8217;Oronzo ed il Luna Park&#8221;.<\/em><\/p>\n<p>Scrivono cos\u00ec gli amministratori comunali, nella delibera di giunta n.\u00a0210 del 05\/08\/2021 pubblicata oggi e dedicata alle ormai imminenti feste patronali , e cos\u00ec proseguono, in pratica deludendo le tante attese e le tante richieste che da pi\u00f9 parti si erano levate nei mesi scorsi:<\/p>\n<p><em>&#8220;ATTESO:<\/em><br \/>\n<em>CHE in occasione delle festivit\u00e0 dei Santi Patroni, le cui celebrazioni religiose avvengono nei giorni<\/em><br \/>\n<em>24, 25 e 26 Agosto, la citt\u00e0, per tradizione, di consueto festeggia la ricorrenza con un ricco<\/em><br \/>\n<em>programma di iniziative che attira moltissimi visitatori dalla provincia di Lecce e di quelle<\/em><br \/>\n<em>confinanti; oltre ai tanti turisti presenti in citt\u00e0 e nell&#8217;hinterland;<\/em><br \/>\n<em>CHE la situazione epidemiologica SARS Cov 2 (Covid19), malgrado la campagna vaccinale, non<\/em><br \/>\n<em>pu\u00f2 dirsi rientrata e continua a destare preoccupazione e obbliga a comportamenti orientati alla<\/em><br \/>\n<em>cautela. In questo momento storico l&#8217;azione amministrativa, seppur tesa al perseguimento di una<\/em><br \/>\n<em>graduale ripresa del tessuto economico e sociale, non deve perdere di vista la tutela della salute<\/em><br \/>\n<em>pubblica che resta sempre l&#8217;interesse prioritario;<\/em><br \/>\n<em>CHE il 23 luglio 2021 \u00e8 stato adottato il Decreto-Legge n. 105 &#8220;Misure urgenti per fronteggiare<\/em><br \/>\n<em>l\u2019emergenza epidemiologica da COVID-19 e per l\u2019esercizio in sicurezza di attivit\u00e0 sociali ed<\/em><br \/>\n<em>economiche&#8221; che proroga al 31\/12\/2021 lo stato di emergenza dichiarato con deliberazione del<\/em><br \/>\n<em>Consiglio dei ministri del 31\/01\/2020 e conferma diverse misure restrittive oltre al divieto di diverse\u00a0attivit\u00e0&#8221;.<\/em><\/p>\n<p>QUINDI ECCO QUANTO DECISO:<\/p>\n<p><em>Si \u00e8 ritenuto, pertanto, di assumere un atto di indirizzo che limiti le attivit\u00e0 tese alla celebrazione<\/em><br \/>\n<em>delle festivit\u00e0 patronali alle seguenti attivit\u00e0:<\/em><\/p>\n<p><em>\u2013 l&#8217;installazione dei tipici addobbi luminari (cd. Luminarie) in alcune vie del centro storico e<\/em><br \/>\n<em>della cassa armonica in piazza Sant&#8217;Oronzo, destinando a tale intervento la somma<\/em><br \/>\n<em>complessiva di \u20ac 17.000,00;<\/em><\/p>\n<p><em>\u2013 l&#8217;esibizione itinerante in citt\u00e0 e fissa in citt\u00e0 della banda musicale \u201eCitt\u00e0 di Lecce-Nino Far\u00ec\u201c<\/em><br \/>\n<em>diretta dal M\u00b0 Giovanni Pellegrini verso un corrispettivo omnicompresivo di \u20ac 12.500,00,<\/em><br \/>\n<em>proposta dall&#8217;associazione Musicale Salentina di Surbo;<\/em><br \/>\n<em>\u2013 la realizzazione del consueto spettacolo pirotecnico verso un corrispettivo omnicompresivo<\/em><br \/>\n<em>di \u20ac 5.000,00;<\/em><br \/>\n<em>\u2013 la collaborazione con l&#8217;associazione Pugliarmonica di Lecce (P.IVA 04849810751)<\/em><br \/>\n<em>consistente in forme di coordinamento e supporto per garantire la migliore riuscita delle<\/em><br \/>\n<em>attivit\u00e0 di cui innanzi.<\/em><\/p>\n<p><em>Per quanto innanzi, il budget per l&#8217;intervento in parola, che deve comprendere anche i<\/em><br \/>\n<em>diritti SIAE relativi all&#8217;esibizione della banda e altre spese di organizzazione, \u00e8 stimato in \u20ac<\/em><br \/>\n<em>40.000,00&#8243;.<\/em><\/p>\n<p>Sui dettagli di quanto deliberato dall&#8217;amministrazione comunale e sulle decisioni della Curia\u00a0 parleranno domani mattina, marted\u00ec 10 agosto, il sindaco Carlo Salvemini e l&#8217;arivescovo Michele Seccia in una conferenza stampa congiunta.______<\/p>\n<p>LA RICERCA nel nostro articolo dell&#8217;8 giugno scorso, contenente in coda nei commenti altre successive prese di posizione<\/p>\n<blockquote class=\"wp-embedded-content\" data-secret=\"otj0q08YLO\"><p><a href=\"https:\/\/www.leccecronaca.it\/index.php\/2021\/06\/08\/la-festa-noscia-come-rinascita-della-citta\/\">LA FESTA NOSCIA COME RINASCITA DELLA CITTA&#8217;<\/a><\/p><\/blockquote>\n<p><iframe class=\"wp-embedded-content\" sandbox=\"allow-scripts\" security=\"restricted\" style=\"position: absolute; clip: rect(1px, 1px, 1px, 1px);\" src=\"https:\/\/www.leccecronaca.it\/index.php\/2021\/06\/08\/la-festa-noscia-come-rinascita-della-citta\/embed\/#?secret=otj0q08YLO\" data-secret=\"otj0q08YLO\" width=\"500\" height=\"282\" title=\"&#8220;LA FESTA NOSCIA COME RINASCITA DELLA CITTA&#8217;&#8221; &#8212; LecceCronaca.it\" frameborder=\"0\" marginwidth=\"0\" marginheight=\"0\" scrolling=\"no\"><\/iframe><\/p>\n<p>&nbsp;<\/p>\n<fb:like href='https:\/\/www.leccecronaca.it\/index.php\/2021\/08\/09\/seconda-festa-noscia-in-tono-minore-anche-questanno-solo-poche-luminarie-banda-musicale-e-fuochi-dartificio\/' send='true' layout='button_count' show_faces='true' width='450' height='65' action='recommend' colorscheme='light' font='lucida grande'><\/fb:like><span class=\"fb_share\"><fb:like href=\"https:\/\/www.leccecronaca.it\/index.php\/2021\/08\/09\/seconda-festa-noscia-in-tono-minore-anche-questanno-solo-poche-luminarie-banda-musicale-e-fuochi-dartificio\/\" layout=\"button_count\"><\/fb:like><\/span>","protected":false},"excerpt":{"rendered":"<p>(Rdl)______&#8221;Purtroppo per il secondo anno a causa della persistere dell&#8217;emergenza sanitaria e stante il quadro di\u00a0misure di contenimento del contagio da SARS-CoV-2, ad oggi, si conferma, purtroppo,\u00a0l&#8217;impossibilit\u00e0 di realizzare alcune tradizionali attivit\u00e0 programmate nel periodo delle festivit\u00e0\u00a0patronali leccesi come la cosiddetta Fiera di Sant&#8217;Oronzo ed il Luna Park&#8221;. Scrivono cos\u00ec gli amministratori comunali, nella delibera [&hellip;]<\/p>\n","protected":false},"author":4,"featured_media":186930,"comment_status":"open","ping_status":"closed","sticky":false,"template":"","format":"standard","meta":[],"categories":[69,76],"tags":[],"_links":{"self":[{"href":"https:\/\/www.leccecronaca.it\/index.php\/wp-json\/wp\/v2\/posts\/186929"}],"collection":[{"href":"https:\/\/www.leccecronaca.it\/index.php\/wp-json\/wp\/v2\/posts"}],"about":[{"href":"https:\/\/www.leccecronaca.it\/index.php\/wp-json\/wp\/v2\/types\/post"}],"author":[{"embeddable":true,"href":"https:\/\/www.leccecronaca.it\/index.php\/wp-json\/wp\/v2\/users\/4"}],"replies":[{"embeddable":true,"href":"https:\/\/www.leccecronaca.it\/index.php\/wp-json\/wp\/v2\/comments?post=186929"}],"version-history":[{"count":5,"href":"https:\/\/www.leccecronaca.it\/index.php\/wp-json\/wp\/v2\/posts\/186929\/revisions"}],"predecessor-version":[{"id":186968,"href":"https:\/\/www.leccecronaca.it\/index.php\/wp-json\/wp\/v2\/posts\/186929\/revisions\/186968"}],"wp:featuredmedia":[{"embeddable":true,"href":"https:\/\/www.leccecronaca.it\/index.php\/wp-json\/wp\/v2\/media\/186930"}],"wp:attachment":[{"href":"https:\/\/www.leccecronaca.it\/index.php\/wp-json\/wp\/v2\/media?parent=186929"}],"wp:term":[{"taxonomy":"category","embeddable":true,"href":"https:\/\/www.leccecronaca.it\/index.php\/wp-json\/wp\/v2\/categories?post=186929"},{"taxonomy":"post_tag","embeddable":true,"href":"https:\/\/www.leccecronaca.it\/index.php\/wp-json\/wp\/v2\/tags?post=186929"}],"curies":[{"name":"wp","href":"https:\/\/api.w.org\/{rel}","templated":true}]}}