{"id":187014,"date":"2021-08-11T18:08:22","date_gmt":"2021-08-11T16:08:22","guid":{"rendered":"http:\/\/www.leccecronaca.it\/?p=187014"},"modified":"2021-08-20T19:05:59","modified_gmt":"2021-08-20T17:05:59","slug":"sostegno-senza-stampelle-il-ritorno","status":"publish","type":"post","link":"https:\/\/www.leccecronaca.it\/index.php\/2021\/08\/11\/sostegno-senza-stampelle-il-ritorno\/","title":{"rendered":"SOSTEGNO SENZA STAMPELLE: IL RITORNO  \u00a0"},"content":{"rendered":"<p>&nbsp;<\/p>\n<p><img decoding=\"async\" loading=\"lazy\" class=\"alignnone size-full wp-image-187015\" src=\"https:\/\/www.leccecronaca.it\/wordpress\/wp-content\/uploads\/2021\/08\/sostegno-2.jpg\" alt=\"\" width=\"1000\" height=\"563\" srcset=\"https:\/\/www.leccecronaca.it\/wordpress\/wp-content\/uploads\/2021\/08\/sostegno-2.jpg 1000w, https:\/\/www.leccecronaca.it\/wordpress\/wp-content\/uploads\/2021\/08\/sostegno-2-300x169.jpg 300w, https:\/\/www.leccecronaca.it\/wordpress\/wp-content\/uploads\/2021\/08\/sostegno-2-768x432.jpg 768w\" sizes=\"(max-width: 1000px) 100vw, 1000px\" \/>di <strong>Stefania Isola<\/strong>\u00a0 *\u00a0(avvocato &#8211; socio SIDELS, Societ\u00e0 Italiana di Diritto e Legislazione Scolastica &#8211; per <strong>leccecronaca.it<\/strong>)______<\/p>\n<p>&nbsp;<\/p>\n<p>Manca poco all\u2019inizio della scuola e, nonostante le buone intenzioni del Ministro Bianchi che vorrebbe tutti i docenti in cattedra dal primo di settembre, anche quest\u2019anno il clima intorno alla scuola \u00e8 pi\u00f9 bollente di queste afose giornate di agosto.<\/p>\n<p>Quest\u2019anno infatti, come gli addetti ai lavori sanno, si \u00e8 aperta una finestra aggiuntiva alle graduatorie provinciali per le supplenze (note come GPS) dalle quali, secondo un piano straordinario di assunzioni, valevole solo per l\u2019anno 2021\/2022, si potr\u00e0 attingere per le assunzioni in ruolo.<\/p>\n<p>La detta procedura \u00e8 stata oggetto di una specifica circolare emessa in data 06\/08\/2021 dal Ministero dell\u2019Istruzione, la quale nel descrivere la procedura per le immissioni in ruolo, specifica che alla procedura potranno partecipare, sia per i posti di sostegno (che per i posti comuni) gli iscritti in prima fascia o negli appositi elenchi aggiuntivi \u201c<strong>ai quali possono iscriversi, <u>anche con riserva di accertamento del titolo<\/u>, coloro che conseguono il titolo di abilitazione o di specializzazione entro il 31 Luglio 2021<\/strong>\u201d.<\/p>\n<p>Chiaro vero? Ed invece no.<\/p>\n<p>Infatti la maggior parte degli Uffici scolastici provinciali, dopo aver inserito in graduatoria tutti coloro che, avendo preso il titolo di abilitazione o di specializzazione all\u2019estero sono in attesa di riconoscimento (avendone fatto espressa domanda nei termini) stanno pubblicando i provvedimenti chi di sospensione, chi di esclusione e chi ancora, non sapendo che pesci prendere, di accertamento del titolo.<\/p>\n<p>Ora tralasciamo che gi\u00e0 di per s\u00e9 avviare una procedura di accertamento di un titolo estero non \u00e8 di competenza dell\u2019USP ma quello che ci si domanda \u00e8 cosa significhi anche perch\u00e9, differentemente dalle prese di posizione degli altri USP, lascia i destinatari nella pi\u00f9 totale incertezza.<\/p>\n<p>&nbsp;<\/p>\n<p>A parte, quindi, a parere di chi scrive, l\u2019evidente errore in cui gli USP stanno incorrendo (errore che coster\u00e0 al ministero una valanga di ricorsi che, con molta probabilit\u00e0 paralizzeranno l\u2019avvio dell\u2019anno scolastico o comunque lo renderanno estremamente complicato) quello che salta agli occhi \u00e8 che a pagarne le spese, come sempre, saranno i ragazzi, in particolar modo coloro i quali hanno o avranno bisogno del sostegno.<\/p>\n<p>Difatti basterebbe vedere il numero degli iscritti alle GPS sostegno della Provincia di Lecce pubblicate il 06\/08\/2021 e poi confrontarle con i nominativi inseriti nel provvedimento di accertamento del titolo pubblicato in data 10\/08\/21 per rendersi conto che ad essersi \u201csalvati\u201d sono meno della met\u00e0 degli iscritti.<\/p>\n<p>Questo ha una inevitabile conseguenza: se il procedimento di accertamento\/esclusione non dovesse concludersi entro i termini per l\u2019assegnazione delle supplenze, le stesse saranno assegnate, con molta probabilit\u00e0 e come succede quasi ogni anno, <strong>a personale non specializzato<\/strong>.<\/p>\n<p>Cosa pensare quindi di un\u2019amministrazione che\u00a0 preferisce affidare una materia delicata come quella del sostegno ad un docente non specializzato piuttosto che ad un docente che ha comunque acquisito un titolo post universitario sostenendo esami e discutendo una tesi finale in un Paese comunque appartenente alla comunit\u00e0 Europea ed il cui riconoscimento, in considerazione dei recentissimi orientamenti del Consiglio di Stato, \u00e8 una mera formalit\u00e0.<\/p>\n<p>Noi, come sempre dalla parte dei docenti, speriamo che la situazione si risolva nel migliore dei modi e che a Settembre ogni alunno abbia il proprio insegnante specializzato per non dover affrontare nuovamente un \u201csostegno senza stampelle\u201d.<\/p>\n<p>&nbsp;<\/p>\n<fb:like href='https:\/\/www.leccecronaca.it\/index.php\/2021\/08\/11\/sostegno-senza-stampelle-il-ritorno\/' send='true' layout='button_count' show_faces='true' width='450' height='65' action='recommend' colorscheme='light' font='lucida grande'><\/fb:like><span class=\"fb_share\"><fb:like href=\"https:\/\/www.leccecronaca.it\/index.php\/2021\/08\/11\/sostegno-senza-stampelle-il-ritorno\/\" layout=\"button_count\"><\/fb:like><\/span>","protected":false},"excerpt":{"rendered":"<p>&nbsp; di Stefania Isola\u00a0 *\u00a0(avvocato &#8211; socio SIDELS, Societ\u00e0 Italiana di Diritto e Legislazione Scolastica &#8211; per leccecronaca.it)______ &nbsp; Manca poco all\u2019inizio della scuola e, nonostante le buone intenzioni del Ministro Bianchi che vorrebbe tutti i docenti in cattedra dal primo di settembre, anche quest\u2019anno il clima intorno alla scuola \u00e8 pi\u00f9 bollente di queste [&hellip;]<\/p>\n","protected":false},"author":4,"featured_media":187015,"comment_status":"open","ping_status":"closed","sticky":false,"template":"","format":"standard","meta":[],"categories":[1,69,76],"tags":[],"_links":{"self":[{"href":"https:\/\/www.leccecronaca.it\/index.php\/wp-json\/wp\/v2\/posts\/187014"}],"collection":[{"href":"https:\/\/www.leccecronaca.it\/index.php\/wp-json\/wp\/v2\/posts"}],"about":[{"href":"https:\/\/www.leccecronaca.it\/index.php\/wp-json\/wp\/v2\/types\/post"}],"author":[{"embeddable":true,"href":"https:\/\/www.leccecronaca.it\/index.php\/wp-json\/wp\/v2\/users\/4"}],"replies":[{"embeddable":true,"href":"https:\/\/www.leccecronaca.it\/index.php\/wp-json\/wp\/v2\/comments?post=187014"}],"version-history":[{"count":2,"href":"https:\/\/www.leccecronaca.it\/index.php\/wp-json\/wp\/v2\/posts\/187014\/revisions"}],"predecessor-version":[{"id":187017,"href":"https:\/\/www.leccecronaca.it\/index.php\/wp-json\/wp\/v2\/posts\/187014\/revisions\/187017"}],"wp:featuredmedia":[{"embeddable":true,"href":"https:\/\/www.leccecronaca.it\/index.php\/wp-json\/wp\/v2\/media\/187015"}],"wp:attachment":[{"href":"https:\/\/www.leccecronaca.it\/index.php\/wp-json\/wp\/v2\/media?parent=187014"}],"wp:term":[{"taxonomy":"category","embeddable":true,"href":"https:\/\/www.leccecronaca.it\/index.php\/wp-json\/wp\/v2\/categories?post=187014"},{"taxonomy":"post_tag","embeddable":true,"href":"https:\/\/www.leccecronaca.it\/index.php\/wp-json\/wp\/v2\/tags?post=187014"}],"curies":[{"name":"wp","href":"https:\/\/api.w.org\/{rel}","templated":true}]}}