{"id":187138,"date":"2021-08-14T14:38:07","date_gmt":"2021-08-14T12:38:07","guid":{"rendered":"http:\/\/www.leccecronaca.it\/?p=187138"},"modified":"2021-08-14T14:56:49","modified_gmt":"2021-08-14T12:56:49","slug":"leccese-finisce-nei-guai-per-un-post-su-instagram","status":"publish","type":"post","link":"https:\/\/www.leccecronaca.it\/index.php\/2021\/08\/14\/leccese-finisce-nei-guai-per-un-post-su-instagram\/","title":{"rendered":"LECCESE FINISCE NEI GUAI PER UN POST SU INSTAGRAM"},"content":{"rendered":"<p><img decoding=\"async\" loading=\"lazy\" class=\"alignnone size-full wp-image-187142\" src=\"https:\/\/www.leccecronaca.it\/wordpress\/wp-content\/uploads\/2021\/08\/unnamed-13.jpg\" alt=\"\" width=\"512\" height=\"237\" srcset=\"https:\/\/www.leccecronaca.it\/wordpress\/wp-content\/uploads\/2021\/08\/unnamed-13.jpg 512w, https:\/\/www.leccecronaca.it\/wordpress\/wp-content\/uploads\/2021\/08\/unnamed-13-300x139.jpg 300w, https:\/\/www.leccecronaca.it\/wordpress\/wp-content\/uploads\/2021\/08\/unnamed-13-315x145.jpg 315w\" sizes=\"(max-width: 512px) 100vw, 512px\" \/>(e.l.)_______Un uomo di 42 anni di Lecce, incensurato, \u00e8 stato denunciato a piede libero con l&#8217;accusa di &#8220;vilipendio della Repubblica, delle Istituzioni costituzionali e delle Forze Armate\u201d. Lo si apprende questa mattina dalla Questura (nella foto). I fatti contestati si riferiscono al 29 luglio scorso, quando sul suo profilo Instagram apparve un video che riprendeva una normale operazione di controllo di un cittadino extracomunitario effettuata poco prima in viale Oronzo Quarta da una pattuglia delle Volanti.<\/p>\n<p>Infatti, alcune persone avevano ripreso la scena col telefonino.<\/p>\n<p>Sul post contestato,\u00a0 i visi dei poliziotti erano stati coperti da facce raffiguranti un pagliaccio, con intenti\u00a0smaccatamente denigratori.<\/p>\n<p>Inoltre si sono aggiunti commenti che manifestavano avversione ed ostilit\u00e0 nei confronti dello Stato e delle Forze dell\u2019Ordine.<\/p>\n<p>Da qui gli accertamenti che\u00a0hanno consentito di risalire alle generalit\u00e0 dell\u2019autore della pubblicazione, al quale \u00e8 stato notificato il provvedimento di cui dovr\u00e0 rispondere all&#8217;autorit\u00e0 giudiziaria.<\/p>\n<p>&nbsp;<\/p>\n<fb:like href='https:\/\/www.leccecronaca.it\/index.php\/2021\/08\/14\/leccese-finisce-nei-guai-per-un-post-su-instagram\/' send='true' layout='button_count' show_faces='true' width='450' height='65' action='recommend' colorscheme='light' font='lucida grande'><\/fb:like><span class=\"fb_share\"><fb:like href=\"https:\/\/www.leccecronaca.it\/index.php\/2021\/08\/14\/leccese-finisce-nei-guai-per-un-post-su-instagram\/\" layout=\"button_count\"><\/fb:like><\/span>","protected":false},"excerpt":{"rendered":"<p>(e.l.)_______Un uomo di 42 anni di Lecce, incensurato, \u00e8 stato denunciato a piede libero con l&#8217;accusa di &#8220;vilipendio della Repubblica, delle Istituzioni costituzionali e delle Forze Armate\u201d. Lo si apprende questa mattina dalla Questura (nella foto). I fatti contestati si riferiscono al 29 luglio scorso, quando sul suo profilo Instagram apparve un video che riprendeva [&hellip;]<\/p>\n","protected":false},"author":4,"featured_media":187142,"comment_status":"open","ping_status":"closed","sticky":false,"template":"","format":"standard","meta":[],"categories":[69],"tags":[],"_links":{"self":[{"href":"https:\/\/www.leccecronaca.it\/index.php\/wp-json\/wp\/v2\/posts\/187138"}],"collection":[{"href":"https:\/\/www.leccecronaca.it\/index.php\/wp-json\/wp\/v2\/posts"}],"about":[{"href":"https:\/\/www.leccecronaca.it\/index.php\/wp-json\/wp\/v2\/types\/post"}],"author":[{"embeddable":true,"href":"https:\/\/www.leccecronaca.it\/index.php\/wp-json\/wp\/v2\/users\/4"}],"replies":[{"embeddable":true,"href":"https:\/\/www.leccecronaca.it\/index.php\/wp-json\/wp\/v2\/comments?post=187138"}],"version-history":[{"count":3,"href":"https:\/\/www.leccecronaca.it\/index.php\/wp-json\/wp\/v2\/posts\/187138\/revisions"}],"predecessor-version":[{"id":187147,"href":"https:\/\/www.leccecronaca.it\/index.php\/wp-json\/wp\/v2\/posts\/187138\/revisions\/187147"}],"wp:featuredmedia":[{"embeddable":true,"href":"https:\/\/www.leccecronaca.it\/index.php\/wp-json\/wp\/v2\/media\/187142"}],"wp:attachment":[{"href":"https:\/\/www.leccecronaca.it\/index.php\/wp-json\/wp\/v2\/media?parent=187138"}],"wp:term":[{"taxonomy":"category","embeddable":true,"href":"https:\/\/www.leccecronaca.it\/index.php\/wp-json\/wp\/v2\/categories?post=187138"},{"taxonomy":"post_tag","embeddable":true,"href":"https:\/\/www.leccecronaca.it\/index.php\/wp-json\/wp\/v2\/tags?post=187138"}],"curies":[{"name":"wp","href":"https:\/\/api.w.org\/{rel}","templated":true}]}}