{"id":187873,"date":"2021-09-02T16:50:25","date_gmt":"2021-09-02T14:50:25","guid":{"rendered":"http:\/\/www.leccecronaca.it\/?p=187873"},"modified":"2021-09-02T18:03:57","modified_gmt":"2021-09-02T16:03:57","slug":"casa-lecce-conferenza-stampa-post-mercato-di-sticchi-damiani-corvino-e-trinchera","status":"publish","type":"post","link":"https:\/\/www.leccecronaca.it\/index.php\/2021\/09\/02\/casa-lecce-conferenza-stampa-post-mercato-di-sticchi-damiani-corvino-e-trinchera\/","title":{"rendered":"CASA LECCE \/  CONFERENZA STAMPA POST MERCATO DI STICCHI DAMIANI, CORVINO E TRINCHERA"},"content":{"rendered":"<p><strong><img decoding=\"async\" loading=\"lazy\" class=\"alignnone size-full wp-image-186394\" src=\"https:\/\/www.leccecronaca.it\/wordpress\/wp-content\/uploads\/2021\/07\/TRINCHERA.jpg\" alt=\"\" width=\"1024\" height=\"768\" srcset=\"https:\/\/www.leccecronaca.it\/wordpress\/wp-content\/uploads\/2021\/07\/TRINCHERA.jpg 1024w, https:\/\/www.leccecronaca.it\/wordpress\/wp-content\/uploads\/2021\/07\/TRINCHERA-300x225.jpg 300w, https:\/\/www.leccecronaca.it\/wordpress\/wp-content\/uploads\/2021\/07\/TRINCHERA-768x576.jpg 768w, https:\/\/www.leccecronaca.it\/wordpress\/wp-content\/uploads\/2021\/07\/TRINCHERA-400x300.jpg 400w\" sizes=\"(max-width: 1024px) 100vw, 1024px\" \/>(m.a)_________<\/strong><\/p>\n<p>Questo pomeriggio la societ\u00e0 giallorossa, congiuntamente\u00a0 alla direzione tecnica, ha voluto tracciare in conferenza stampa\u00a0 un primo bilancio al termine della campagna acquisti estiva e delle prime due giornate di campionato.<\/p>\n<p>Ecco a voi i passaggi principali della conferenza stampa di <strong>Sticchi Damiani, Corvino e Trinchera\u00a0<\/strong>(nella foto):<\/p>\n<p><strong>\u00a0SAVERIO STICCHI DAMIANI<\/strong>:<em> &#8220;Questa \u00e8 l&#8217;occasione per fare il punto della situazione al termine del mercato. Con questa conferenza stampa vogliamo dissipare ogni dubbio, anche perch\u00e9 nel corso dell&#8217;estate si \u00e8 parlato fin troppo. Rispondere alle domande con chiarezza \u00e8 l&#8217;unica medicina per una comunicazione efficace. <\/em><\/p>\n<p><em>Concludiamo una prima fase del progetto con l&#8217;abbassamento dell&#8217;et\u00e0 media, e allo stesso tempo, la politica dei calciatori di propriet\u00e0 l&#8217;abbiamo portata avanti. <\/em><\/p>\n<p><em>Abbiamo fatto 10 acquisizioni, di cui 8 a titolo definitivo con un&#8217;et\u00e0 media molto bassa, e inoltre, \u00e8 stato fatto un doppio mercato, quello per la Primavera, che abbiamo dovuto rendere competitiva per la Primavera 1,\u00a0 arricchita con 10 acquisizioni di giovani provenienti da ogni parte del mondo e utili al nostro progetto. <\/em><\/p>\n<p><em>La societ\u00e0 ha allestito per la prima squadra\u00a0 una rosa competitiva per la B, campionato molto difficile, con tante squadre ugualmente forti e allo stesso livello. <\/em><\/p>\n<p><em>Molte formazioni di A hanno collocato in B i loro calciatori, a questo si aggiunge un processo che sta interessando tante compagini cadette, con l&#8217;ingresso di capitali freschi. <\/em><\/p>\n<p><em>In questo senso vorrei fare un appunto, noi non ci chiudiamo in un rigido campanilismo, abbiamo anche dato dei mandati, ma in questi anni non\u00a0 abbiamo avuto riscontro a causa della posizione geografica della citt\u00e0. Resteremo comunque vigili qualora ci fosse l&#8217;occasione di rafforzare la societ\u00e0. <\/em><\/p>\n<p>&nbsp;<\/p>\n<p><em>Proprio per questo serve un ambiente unito e compatto, \u00e8 stata infatti un&#8217;estate difficile, con alcune frizioni con dei tesserati, i quali cercano di strappare il miglior contratto possibile, con la richiesta che il Lecce chieda il meno possibile. La societ\u00e0 non pu\u00f2 accettare simili richieste e si \u00e8 messa l&#8217;elmetto, anche perch\u00e9\u00a0 bisogna tutelare il patrimonio tecnico e sportivo. <\/em><\/p>\n<p><em>Mettiamoci in testa che la\u00a0 differenza della lotta per la A e quella per non retrocedere passa per i dettagli, \u00e8 un campionato complicatissimo, in cui avremo bisogno del supporto del nostro pubblico. <\/em><\/p>\n<p><em>Falco? E&#8217; stata una questione spinosa che abbiamo dovuto affrontare. Il calciatore aveva delle ambizioni e invitava il club a non avere pretese economiche. La\u00a0 Stella Rossa ancora non ha versato dei corrispettivi, siamo gi\u00e0 andati nelle sedi opportune e sono stati condannati al pagamento di questi corrispettivi, pi\u00f9 le penali, una condizione che potrebbe impedire loro di partecipare alle coppe internazionali. <\/em><\/p>\n<p><em>Dal punto di vista del conto trasferimenti, ci\u00f2 che abbiamo incassato dalla vendita di Henderson \u00e8 stato investito per altre acquisizioni a titolo oneroso come Strefezza, Blin e Gargiulo. I<\/em><\/p>\n<p><em>l monte ingaggi si \u00e8 abbassato del 25%, una voce che pu\u00f2 migliorare ancora. Nel conto \u00e8 compreso anche Corini, ancora a libro paga. <\/em><\/p>\n<p><em>Abbiamo una perdita di bilancio nonostante l&#8217;attenzione con cui ci siamo mossi, avremmo bisogno di una super plusvalenza. Quanto al calciatore no vax \u00e8 sempre quello di cui abbiamo parlato negli ultimi mesi, mentre non sono aggiornato sugli ultimi. Tuttavia questo aspetto non ha influito sulle nostre scelte&#8221;.<\/em><\/p>\n<p>&nbsp;<\/p>\n<p><strong>PANTALEO CORVINO<\/strong>: <em>&#8221; In quest&#8217;ultimo anno abbiamo fatto tanto, e nel modo con cui volevamo farlo. Abbiamo sempre detto a cosa puntavamo. Abbiamo detto con coraggio che l&#8217;obiettivo della prima squadra \u00e8 il raggiungimento della A in tre anni, e dopo 12 mesi abbiamo disputato una semifinale playoff persa a causa di un episodio a pochi minuti dalla fine, al primo anno, non al terzo. <\/em><\/p>\n<p><em>Avevamo anche detto di voler ricostruire a livello giovanile, e dopo nove mesi siamo tornati nel calcio che conta. <\/em><\/p>\n<p><em>Avevamo anche detto che volevamo ringiovanire la prima squadra, con equilibrio finanziario e patrimonializzazione. <\/em><\/p>\n<p><em>Costruire per noi \u00e8 mettere allo stesso livello settore giovanile e prima squadra, eppure veniamo rimproverati per come la promozione \u00e8 stata raggiunta, pur raggiungendola con impegno e sacrificio, in quanto ho detto in modo critico che non ho trovato quello che mi aspettavo. <\/em><\/p>\n<p><em>Il patrimonio tecnico che avevamo era rappresentato solo da Shakhov, Vera, Benzar e Gallo a qualsiasi persona sarebbe venuto il mal di testa, ma io essendo tifoso del Lecce mi sono messo al lavoro, eppure dopo 12 mesi siamo rimproverati di non aver raggiunto un obiettivo che non avevamo annunciato. <\/em><\/p>\n<p><em>In tanti poi ci accusano di mancanza di salentinit\u00e0, ma a me, se un calciatore \u00e8 da Lecce, non deve importare se viene da Vernole, Campi o Ucraina. <\/em><\/p>\n<p><em>Tutti noi vorremmo innamorarci della donna del nostro paese, ma non mettiamo in conto di poterci innamorare di una donna ucraina. In passato ho lanciato tanti salentini in A, ma io cerco solo calciatori validi per questo progetto. Quando faccio delle scelte le ho sempre motivate.<\/em><\/p>\n<p><em> Quando cambio un allenatore \u00e8 perch\u00e9 vedo che il Lecce \u00e8 la difesa pi\u00f9 battuta assieme all&#8217;Entella, il tutto nell&#8217;interesse di questi colori. Nel mercato avevamo alcuni obiettivi, abbiamo fatto 30 e non 31 a causa di alcune uscite mancate. <\/em><\/p>\n<p><em>Per Benzar e Pisacane \u00e8 probabile la risoluzione del contratto, mentre Meccariello e Paganini rientrano in gruppo e poi decider\u00e0 il mister. <\/em><\/p>\n<p><em>Abbiamo fatto tante acquisizioni per tempo, senza aspettare l&#8217;ultimo minuto. Il 4-3-3 viene criticato, ma io penso che possa essere un modulo giusto per noi, \u00e8 possibile giocare con due esterni e una sola punta. Tra quelli che sono andati via abbiamo lasciato un totale di 19 gol, e dal mercato sono arrivate lo stesso numero di reti, tra cui spiccano le 8 di Gargiulo. Chi \u00e8 arrivato ci aiuter\u00e0 nel nostro percorso di crescita. <\/em><\/p>\n<p><em>Gendrey, Calabresi e Gallo, cos\u00ec come Vera, fanno parte di questo percorso, nel frattempo per\u00f2 \u00e8 arrivato Barreca, un&#8217;opportunit\u00e0. <\/em><\/p>\n<p><em>Dermaku \u00e8 stato preso con un margine di rischio. <\/em><\/p>\n<p><em>Se tutte queste opportunit\u00e0 andranno bene abbiamo fatto bingo, ma un margine di rischio ci deve essere sempre. <\/em><\/p>\n<p><em>Si \u00e8 vero, avevo preannunciato un terzo attaccante, ma con Baroni abbiamo deciso di preservare un capitale importante che avevamo quale Rodriguez, assieme a Coda. Comunque se non ci dovesse essere uno di loro, le opzioni ci sono. <\/em><\/p>\n<p><em>Siamo troppo esterofili? Noi non prendiamo scappati di casa, ma giocatori con delle potenzialit\u00e0, e alcuni di loro sono protagonisti con le loro Nazionali.\u00a0 <\/em><\/p>\n<p><em>Modulo? Il calcio si pu\u00f2 fare anche in maniera alternativa al trequartista. <\/em><\/p>\n<p><em>Riguardo ai costi per tutti gli innesti del settore giovanile abbiamo speso circa 650.000 fra stipendi e acquisizioni. <\/em><\/p>\n<p><em>Et\u00e0 media della squadra? 25 anni&#8221;.<\/em><\/p>\n<fb:like href='https:\/\/www.leccecronaca.it\/index.php\/2021\/09\/02\/casa-lecce-conferenza-stampa-post-mercato-di-sticchi-damiani-corvino-e-trinchera\/' send='true' layout='button_count' show_faces='true' width='450' height='65' action='recommend' colorscheme='light' font='lucida grande'><\/fb:like><span class=\"fb_share\"><fb:like href=\"https:\/\/www.leccecronaca.it\/index.php\/2021\/09\/02\/casa-lecce-conferenza-stampa-post-mercato-di-sticchi-damiani-corvino-e-trinchera\/\" layout=\"button_count\"><\/fb:like><\/span>","protected":false},"excerpt":{"rendered":"<p>(m.a)_________ Questo pomeriggio la societ\u00e0 giallorossa, congiuntamente\u00a0 alla direzione tecnica, ha voluto tracciare in conferenza stampa\u00a0 un primo bilancio al termine della campagna acquisti estiva e delle prime due giornate di campionato. Ecco a voi i passaggi principali della conferenza stampa di Sticchi Damiani, Corvino e Trinchera\u00a0(nella foto): \u00a0SAVERIO STICCHI DAMIANI: &#8220;Questa \u00e8 l&#8217;occasione per [&hellip;]<\/p>\n","protected":false},"author":4,"featured_media":186394,"comment_status":"open","ping_status":"closed","sticky":false,"template":"","format":"standard","meta":[],"categories":[28],"tags":[],"_links":{"self":[{"href":"https:\/\/www.leccecronaca.it\/index.php\/wp-json\/wp\/v2\/posts\/187873"}],"collection":[{"href":"https:\/\/www.leccecronaca.it\/index.php\/wp-json\/wp\/v2\/posts"}],"about":[{"href":"https:\/\/www.leccecronaca.it\/index.php\/wp-json\/wp\/v2\/types\/post"}],"author":[{"embeddable":true,"href":"https:\/\/www.leccecronaca.it\/index.php\/wp-json\/wp\/v2\/users\/4"}],"replies":[{"embeddable":true,"href":"https:\/\/www.leccecronaca.it\/index.php\/wp-json\/wp\/v2\/comments?post=187873"}],"version-history":[{"count":4,"href":"https:\/\/www.leccecronaca.it\/index.php\/wp-json\/wp\/v2\/posts\/187873\/revisions"}],"predecessor-version":[{"id":187888,"href":"https:\/\/www.leccecronaca.it\/index.php\/wp-json\/wp\/v2\/posts\/187873\/revisions\/187888"}],"wp:featuredmedia":[{"embeddable":true,"href":"https:\/\/www.leccecronaca.it\/index.php\/wp-json\/wp\/v2\/media\/186394"}],"wp:attachment":[{"href":"https:\/\/www.leccecronaca.it\/index.php\/wp-json\/wp\/v2\/media?parent=187873"}],"wp:term":[{"taxonomy":"category","embeddable":true,"href":"https:\/\/www.leccecronaca.it\/index.php\/wp-json\/wp\/v2\/categories?post=187873"},{"taxonomy":"post_tag","embeddable":true,"href":"https:\/\/www.leccecronaca.it\/index.php\/wp-json\/wp\/v2\/tags?post=187873"}],"curies":[{"name":"wp","href":"https:\/\/api.w.org\/{rel}","templated":true}]}}