{"id":187939,"date":"2021-09-03T15:30:30","date_gmt":"2021-09-03T13:30:30","guid":{"rendered":"http:\/\/www.leccecronaca.it\/?p=187939"},"modified":"2021-09-03T16:37:10","modified_gmt":"2021-09-03T14:37:10","slug":"casa-lecce-presentato-antonio-barreca","status":"publish","type":"post","link":"https:\/\/www.leccecronaca.it\/index.php\/2021\/09\/03\/casa-lecce-presentato-antonio-barreca\/","title":{"rendered":"CASA LECCE \/ PRESENTATO ANTONIO BARRECA"},"content":{"rendered":"<p><strong><img decoding=\"async\" loading=\"lazy\" class=\"alignnone size-full wp-image-187623\" src=\"https:\/\/www.leccecronaca.it\/wordpress\/wp-content\/uploads\/2021\/08\/barreca.jpg\" alt=\"\" width=\"1440\" height=\"1080\" srcset=\"https:\/\/www.leccecronaca.it\/wordpress\/wp-content\/uploads\/2021\/08\/barreca.jpg 1440w, https:\/\/www.leccecronaca.it\/wordpress\/wp-content\/uploads\/2021\/08\/barreca-300x225.jpg 300w, https:\/\/www.leccecronaca.it\/wordpress\/wp-content\/uploads\/2021\/08\/barreca-1024x768.jpg 1024w, https:\/\/www.leccecronaca.it\/wordpress\/wp-content\/uploads\/2021\/08\/barreca-768x576.jpg 768w, https:\/\/www.leccecronaca.it\/wordpress\/wp-content\/uploads\/2021\/08\/barreca-400x300.jpg 400w\" sizes=\"(max-width: 1440px) 100vw, 1440px\" \/>(m.a)_______<\/strong><\/p>\n<p>Il <strong>Lecce<\/strong> ha presentato questa mattina presso la sede di <strong>Links<\/strong>, main sponsor della societ\u00e0 giallorossa, il nuovo acquisto per la fascia sinistra difensiva <strong>Antonio Barreca<\/strong> (nella foto al centro).<\/p>\n<p>Vediamo insieme le parole del laterale torinese\u00a0 classe 1995, proveniente, ricordiamo, dal <strong>Monaco<\/strong> con la formula del prestito secco:<\/p>\n<p><strong>PROGETTO<\/strong>: <em>&#8220;Mi ha convinto il progetto della societ\u00e0, vogliamo la A possibilmente vincendo il campionato. Vengo da un&#8217;annata difficle, ora dar\u00f2 il massimo per la mia nuova squadra&#8221;.<\/em><\/p>\n<p><strong>ESTERO<\/strong>:<em> &#8220;L&#8217;esperienza internazionale, sia al Newcastle che al Monaco, mi ha fatto crescere tanto. Mi porto questi insegnamenti nel campionato di B&#8221;.<\/em><\/p>\n<p><strong>CARATTERISTICHE<\/strong>: <em>&#8220;Nasco come terzino in una difesa a quattro, ma posso giocare anche pi\u00f9 avanti, in un 3-5-2 per esempio. Mi metto a disposizione di un club che ha puntato molto su di me&#8221;.<\/em><\/p>\n<p><strong>CONCORRENZA<\/strong>: <em>&#8220;Ci sono due ragazzi molto giovani nel mio ruolo, spero di aiutarli. Quanto alla formazione titolare, sar\u00e0 poi il mister a scegliere. Non conoscevo in generale i miei compagni di reparto&#8221;.<\/em><\/p>\n<p><strong>SERIE B<\/strong>: <em>&#8220;Si tratta di un campionato molto tosto, difficile e intenso. Noi proveremo a vincerlo, ma non sar\u00e0 affatto facile&#8221;.<\/em><\/p>\n<p><strong>COMO<\/strong>: <em>&#8220;E&#8217; stata una gara complicata come fisiologico. Bisogna lavorare tanto, non si pu\u00f2 stare al massimo gi\u00e0 in questo periodo. Tuttavia le qualit\u00e0 per fare bene ci sono tutte&#8221;.<\/em><\/p>\n<p><strong>CONDIZIONE FISICA<\/strong>: <em>&#8220;Mi sono allenato due settimane a Monaco, poi ho lavorato a casa mia con un preparatore. Mi servono due settimane per allinearmi ai miei compagni&#8221;.<\/em><\/p>\n<p><strong>BARONI<\/strong>: <em>&#8220;Per ora ho sentito il mister solo al telefono, ma mi ha fatto subito sentire la sua vicinanza. Lo ritengo un tecnico preparato che sa ottenere il massimo dalla sua squadra&#8221;.<\/em><\/p>\n<p><strong>TIFOSI<\/strong>: <em>&#8220;Ringrazio i tifosi per il calore che mi hanno fatto sentire fin da subito. Spero di ripagarli dando il mio impegno nell&#8217;ottica del raggiungimento di quell&#8217;obiettivo che aspettano da tanto&#8221;.<\/em><\/p>\n<p>&nbsp;<\/p>\n<p>&nbsp;<\/p>\n<p>&nbsp;<\/p>\n<p>&nbsp;<\/p>\n<fb:like href='https:\/\/www.leccecronaca.it\/index.php\/2021\/09\/03\/casa-lecce-presentato-antonio-barreca\/' send='true' layout='button_count' show_faces='true' width='450' height='65' action='recommend' colorscheme='light' font='lucida grande'><\/fb:like><span class=\"fb_share\"><fb:like href=\"https:\/\/www.leccecronaca.it\/index.php\/2021\/09\/03\/casa-lecce-presentato-antonio-barreca\/\" layout=\"button_count\"><\/fb:like><\/span>","protected":false},"excerpt":{"rendered":"<p>(m.a)_______ Il Lecce ha presentato questa mattina presso la sede di Links, main sponsor della societ\u00e0 giallorossa, il nuovo acquisto per la fascia sinistra difensiva Antonio Barreca (nella foto al centro). Vediamo insieme le parole del laterale torinese\u00a0 classe 1995, proveniente, ricordiamo, dal Monaco con la formula del prestito secco: PROGETTO: &#8220;Mi ha convinto il [&hellip;]<\/p>\n","protected":false},"author":4,"featured_media":187623,"comment_status":"open","ping_status":"closed","sticky":false,"template":"","format":"standard","meta":[],"categories":[28],"tags":[],"_links":{"self":[{"href":"https:\/\/www.leccecronaca.it\/index.php\/wp-json\/wp\/v2\/posts\/187939"}],"collection":[{"href":"https:\/\/www.leccecronaca.it\/index.php\/wp-json\/wp\/v2\/posts"}],"about":[{"href":"https:\/\/www.leccecronaca.it\/index.php\/wp-json\/wp\/v2\/types\/post"}],"author":[{"embeddable":true,"href":"https:\/\/www.leccecronaca.it\/index.php\/wp-json\/wp\/v2\/users\/4"}],"replies":[{"embeddable":true,"href":"https:\/\/www.leccecronaca.it\/index.php\/wp-json\/wp\/v2\/comments?post=187939"}],"version-history":[{"count":3,"href":"https:\/\/www.leccecronaca.it\/index.php\/wp-json\/wp\/v2\/posts\/187939\/revisions"}],"predecessor-version":[{"id":187956,"href":"https:\/\/www.leccecronaca.it\/index.php\/wp-json\/wp\/v2\/posts\/187939\/revisions\/187956"}],"wp:featuredmedia":[{"embeddable":true,"href":"https:\/\/www.leccecronaca.it\/index.php\/wp-json\/wp\/v2\/media\/187623"}],"wp:attachment":[{"href":"https:\/\/www.leccecronaca.it\/index.php\/wp-json\/wp\/v2\/media?parent=187939"}],"wp:term":[{"taxonomy":"category","embeddable":true,"href":"https:\/\/www.leccecronaca.it\/index.php\/wp-json\/wp\/v2\/categories?post=187939"},{"taxonomy":"post_tag","embeddable":true,"href":"https:\/\/www.leccecronaca.it\/index.php\/wp-json\/wp\/v2\/tags?post=187939"}],"curies":[{"name":"wp","href":"https:\/\/api.w.org\/{rel}","templated":true}]}}