{"id":188078,"date":"2021-09-06T16:22:38","date_gmt":"2021-09-06T14:22:38","guid":{"rendered":"http:\/\/www.leccecronaca.it\/?p=188078"},"modified":"2021-09-06T16:23:25","modified_gmt":"2021-09-06T14:23:25","slug":"casa-lecce-presentato-francesco-di-mariano","status":"publish","type":"post","link":"https:\/\/www.leccecronaca.it\/index.php\/2021\/09\/06\/casa-lecce-presentato-francesco-di-mariano\/","title":{"rendered":"CASA LECCE \/ PRESENTATO FRANCESCO DI MARIANO"},"content":{"rendered":"<p><strong>(m.a)______<\/strong><\/p>\n<p><img decoding=\"async\" loading=\"lazy\" class=\"alignnone size-full wp-image-187629\" src=\"https:\/\/www.leccecronaca.it\/wordpress\/wp-content\/uploads\/2021\/08\/di-mariano.jpg\" alt=\"\" width=\"300\" height=\"390\" srcset=\"https:\/\/www.leccecronaca.it\/wordpress\/wp-content\/uploads\/2021\/08\/di-mariano.jpg 300w, https:\/\/www.leccecronaca.it\/wordpress\/wp-content\/uploads\/2021\/08\/di-mariano-231x300.jpg 231w\" sizes=\"(max-width: 300px) 100vw, 300px\" \/>Vediamo insieme i passaggi rilevanti della presentazione\u00a0 di <strong>Francesco Di Mariano <\/strong>(nella foto), esterno offensivo classe 1996\u00a0 ritornato a <strong>Lecce<\/strong>\u00a0durante l&#8217;ultima\u00a0 sessione estiva di calciomercato.<\/p>\n<p>L&#8217;ala siciliana ha sottoscritto con il club giallorosso un contratto triennale.<\/p>\n<p><strong>CONFERENZA STAMPA:<\/strong><\/p>\n<p>&nbsp;<\/p>\n<p><strong>CARATTERISTICHE<\/strong>: <em>&#8220;Qualche anno fa mi sono espresso bene in una coppia d&#8217;attacco, ma negli ultimi due anni sono stato impiegato nel mio ruolo naturale, esterno sinistro. Davanti posso giocare ovunque, ma preferisco la fascia sinistra perch\u00e9 l\u00ec posso accentrarmi e cercare il tiro, oltre che crossare dal fondo. Penso di poter entrare in poco tempo negli schemi del mister&#8221;.<\/em><\/p>\n<p><strong>GRUPPO<\/strong>: <em>&#8220;Cosa serve al Lecce? In questo campionato se non c&#8217;\u00e8 il gruppo \u00e8 difficile fare bene&#8221;.<\/em><\/p>\n<p><strong>NUMERO DI MAGLIA<\/strong>: <em>&#8220;Ho scelto il 10, numero che ho portato fin dall&#8217;inizio della mia carriera. Secondo me \u00e8 stato un segno del destino che ritornando a Lecce ho trovato libero proprio il 10. Poi, certo, non guardo troppo queste cose , ho gi\u00e0 tutto per ricaricarmi&#8221;.<\/em><\/p>\n<p><strong>EMOZIONI<\/strong>: <em>&#8220;E&#8217; emozionante entrare al Via del Mare con questa maglia, ricevi una carica enorme. Spero di restare qui il pi\u00f9 a lungo possibile perch\u00e9 ci sto bene e per il progetto ambizioso della societ\u00e0. Questa \u00e8 davvero l&#8217;unica piazza\u00a0 per cui avrei lasciato la A. Non la vivo come una sconfitta&#8221;.<\/em><\/p>\n<p><strong>CAMPIONATO CADETTO<\/strong>: <em>&#8220;Questo \u00e8 il campionato pi\u00f9 difficile, molto insidioso. Non voglio esprimermi pi\u00f9 di tanto, dico solo che dobbiamo lavorare sodo e creare un gruppo. Se si fa questo poi le cose belle vengono da s\u00e9&#8221;.<\/em><\/p>\n<p>&nbsp;<\/p>\n<fb:like href='https:\/\/www.leccecronaca.it\/index.php\/2021\/09\/06\/casa-lecce-presentato-francesco-di-mariano\/' send='true' layout='button_count' show_faces='true' width='450' height='65' action='recommend' colorscheme='light' font='lucida grande'><\/fb:like><span class=\"fb_share\"><fb:like href=\"https:\/\/www.leccecronaca.it\/index.php\/2021\/09\/06\/casa-lecce-presentato-francesco-di-mariano\/\" layout=\"button_count\"><\/fb:like><\/span>","protected":false},"excerpt":{"rendered":"<p>(m.a)______ Vediamo insieme i passaggi rilevanti della presentazione\u00a0 di Francesco Di Mariano (nella foto), esterno offensivo classe 1996\u00a0 ritornato a Lecce\u00a0durante l&#8217;ultima\u00a0 sessione estiva di calciomercato. L&#8217;ala siciliana ha sottoscritto con il club giallorosso un contratto triennale. CONFERENZA STAMPA: &nbsp; CARATTERISTICHE: &#8220;Qualche anno fa mi sono espresso bene in una coppia d&#8217;attacco, ma negli ultimi [&hellip;]<\/p>\n","protected":false},"author":4,"featured_media":187629,"comment_status":"open","ping_status":"closed","sticky":false,"template":"","format":"standard","meta":[],"categories":[28],"tags":[],"_links":{"self":[{"href":"https:\/\/www.leccecronaca.it\/index.php\/wp-json\/wp\/v2\/posts\/188078"}],"collection":[{"href":"https:\/\/www.leccecronaca.it\/index.php\/wp-json\/wp\/v2\/posts"}],"about":[{"href":"https:\/\/www.leccecronaca.it\/index.php\/wp-json\/wp\/v2\/types\/post"}],"author":[{"embeddable":true,"href":"https:\/\/www.leccecronaca.it\/index.php\/wp-json\/wp\/v2\/users\/4"}],"replies":[{"embeddable":true,"href":"https:\/\/www.leccecronaca.it\/index.php\/wp-json\/wp\/v2\/comments?post=188078"}],"version-history":[{"count":3,"href":"https:\/\/www.leccecronaca.it\/index.php\/wp-json\/wp\/v2\/posts\/188078\/revisions"}],"predecessor-version":[{"id":188086,"href":"https:\/\/www.leccecronaca.it\/index.php\/wp-json\/wp\/v2\/posts\/188078\/revisions\/188086"}],"wp:featuredmedia":[{"embeddable":true,"href":"https:\/\/www.leccecronaca.it\/index.php\/wp-json\/wp\/v2\/media\/187629"}],"wp:attachment":[{"href":"https:\/\/www.leccecronaca.it\/index.php\/wp-json\/wp\/v2\/media?parent=188078"}],"wp:term":[{"taxonomy":"category","embeddable":true,"href":"https:\/\/www.leccecronaca.it\/index.php\/wp-json\/wp\/v2\/categories?post=188078"},{"taxonomy":"post_tag","embeddable":true,"href":"https:\/\/www.leccecronaca.it\/index.php\/wp-json\/wp\/v2\/tags?post=188078"}],"curies":[{"name":"wp","href":"https:\/\/api.w.org\/{rel}","templated":true}]}}