{"id":188142,"date":"2021-09-07T16:00:09","date_gmt":"2021-09-07T14:00:09","guid":{"rendered":"http:\/\/www.leccecronaca.it\/?p=188142"},"modified":"2021-09-07T16:22:29","modified_gmt":"2021-09-07T14:22:29","slug":"casa-lecce-presentato-mario-gargiulo","status":"publish","type":"post","link":"https:\/\/www.leccecronaca.it\/index.php\/2021\/09\/07\/casa-lecce-presentato-mario-gargiulo\/","title":{"rendered":"CASA LECCE \/ PRESENTATO MARIO GARGIULO"},"content":{"rendered":"<p><strong>(m.a)______<\/strong><\/p>\n<p><img decoding=\"async\" loading=\"lazy\" class=\"alignnone size-full wp-image-188144\" src=\"https:\/\/www.leccecronaca.it\/wordpress\/wp-content\/uploads\/2021\/09\/gargiulo.jpg\" alt=\"\" width=\"720\" height=\"332\" srcset=\"https:\/\/www.leccecronaca.it\/wordpress\/wp-content\/uploads\/2021\/09\/gargiulo.jpg 720w, https:\/\/www.leccecronaca.it\/wordpress\/wp-content\/uploads\/2021\/09\/gargiulo-300x138.jpg 300w, https:\/\/www.leccecronaca.it\/wordpress\/wp-content\/uploads\/2021\/09\/gargiulo-630x290.jpg 630w, https:\/\/www.leccecronaca.it\/wordpress\/wp-content\/uploads\/2021\/09\/gargiulo-315x145.jpg 315w\" sizes=\"(max-width: 720px) 100vw, 720px\" \/>Presentato questa mattina presso lo stadio Via del Mare il nuovo centrocampista del <strong>Lecce Mario Gargiulo<\/strong>\u00a0(nella foto),\u00a0 mezzala sinistra classe 1996 rilevata dal <strong>Cittadella<\/strong>.<\/p>\n<p>Vediamo le sue dichiarazioni:<\/p>\n<p><strong>CAMPIONATO SCORSO<\/strong>: <em>&#8220;Sono partito da zero. Il mister inizialmente non mi vedeva, al massimo mi concedeva 10-15 minuti a partita,\u00a0 e io cercavo di dare il massimo. Cos\u00ec ho provato a fare sempre pi\u00f9. Ritengo importante nel calcio la compattezza della squadra, lo scorso anno col Cittadella siamo andati ad un passo dalla A proprio per questo. Quando dai tutto alla fine non puoi essere deluso per una promozione sfumata. Con l&#8217;unione del collettivo, in ogni caso, si pu\u00f2 andare avanti&#8221;.<\/em><\/p>\n<p><strong>FAME<\/strong>: <em>&#8220;Sia da titolare che da subentrante \u00e8 importante avere molta fame e farsi trovare sempre pronti. Per andare avanti ognuno deve dare tanto alla squadra&#8221;.<\/em><\/p>\n<p><strong>OCCASIONE<\/strong>: <em>&#8220;Non mi sarei mai aspettato di\u00a0 venire a Lecce. Questa \u00e8 una piazza molto ambiziosa e con una grande tifoseria. Sono consapevole di quello che societ\u00e0 e tifosi si aspettano da me, sono pronto a dare tutto per questa maglia&#8221;.<\/em><\/p>\n<p><strong>RUOLO<\/strong>: <em>&#8220;Prediligo giocare come mezzala sinistra in un 4-3-3 o in un 4-3-1-2, ma posso fare anche il trequartista. Ho gamba, fisicit\u00e0, e cerco spesso il tiro in porta. Assomiglio di pi\u00f9 a Henderson o Mancosu? Sono molto diversi da me, al limite posso dire che per gamba e inserimenti sono pi\u00f9 vicino allo scozzese&#8221;.<\/em><\/p>\n<p><strong>TENACIA<\/strong>: <em>&#8220;Non mollare mi ha permesso di essere qui in giallorosso. So quello che ho passato nel mio percorso, e non \u00e8 stato semplice. A Brescia ho fatto tutto il settore giovanile fino alla Serie B, ma non avevo la maturit\u00e0 giusta pur avendo fatto 6-7 partite da titolare. Avevo bisogno di fare la gavetta per arrivare pronto per questa categoria&#8221;.<\/em><\/p>\n<p><strong>SUD<\/strong>: <em>&#8220;Si \u00e8 vero, questa \u00e8 la mia prima esperienza professionale al sud da meridionale. Sono contento di essere in una piazza calorosa come Lecce, so quanto valgo e ci\u00f2 che posso dare alla squadra. Se ho accettato di venire qui nel Salento \u00e8 perch\u00e9 mi sento pronto&#8221;.<\/em><\/p>\n<p><strong>GIOVANI<\/strong>: <em>&#8220;In questo gruppo ci sono un sacco di giovani molto bravi, promettono davvero bene. faranno grandi cose&#8221;.<\/em><\/p>\n<p><strong>BARONI<\/strong>: <em>&#8220;Mi piace molto come allenatore. E&#8217; un tecnico che riesce ad incidere soprattutto nei momenti di difficolt\u00e0, e questo \u00e8 molto importante&#8221;.<\/em><\/p>\n<p><strong>BENEVENTO<\/strong>: <em>&#8220;Venerd\u00ec a Benevento mi aspetto una gara difficile, combattuta. Noi per\u00f2 dobbiamo guardare solo a noi stessi ed essere concentrati sul campo. I risultati poi arriveranno&#8221;.<\/em><\/p>\n<p>&nbsp;<\/p>\n<p>&nbsp;<\/p>\n<p>&nbsp;<\/p>\n<p>&nbsp;<\/p>\n<p>&nbsp;<\/p>\n<p>&nbsp;<\/p>\n<fb:like href='https:\/\/www.leccecronaca.it\/index.php\/2021\/09\/07\/casa-lecce-presentato-mario-gargiulo\/' send='true' layout='button_count' show_faces='true' width='450' height='65' action='recommend' colorscheme='light' font='lucida grande'><\/fb:like><span class=\"fb_share\"><fb:like href=\"https:\/\/www.leccecronaca.it\/index.php\/2021\/09\/07\/casa-lecce-presentato-mario-gargiulo\/\" layout=\"button_count\"><\/fb:like><\/span>","protected":false},"excerpt":{"rendered":"<p>(m.a)______ Presentato questa mattina presso lo stadio Via del Mare il nuovo centrocampista del Lecce Mario Gargiulo\u00a0(nella foto),\u00a0 mezzala sinistra classe 1996 rilevata dal Cittadella. Vediamo le sue dichiarazioni: CAMPIONATO SCORSO: &#8220;Sono partito da zero. Il mister inizialmente non mi vedeva, al massimo mi concedeva 10-15 minuti a partita,\u00a0 e io cercavo di dare il [&hellip;]<\/p>\n","protected":false},"author":4,"featured_media":188144,"comment_status":"open","ping_status":"closed","sticky":false,"template":"","format":"standard","meta":[],"categories":[28],"tags":[],"_links":{"self":[{"href":"https:\/\/www.leccecronaca.it\/index.php\/wp-json\/wp\/v2\/posts\/188142"}],"collection":[{"href":"https:\/\/www.leccecronaca.it\/index.php\/wp-json\/wp\/v2\/posts"}],"about":[{"href":"https:\/\/www.leccecronaca.it\/index.php\/wp-json\/wp\/v2\/types\/post"}],"author":[{"embeddable":true,"href":"https:\/\/www.leccecronaca.it\/index.php\/wp-json\/wp\/v2\/users\/4"}],"replies":[{"embeddable":true,"href":"https:\/\/www.leccecronaca.it\/index.php\/wp-json\/wp\/v2\/comments?post=188142"}],"version-history":[{"count":2,"href":"https:\/\/www.leccecronaca.it\/index.php\/wp-json\/wp\/v2\/posts\/188142\/revisions"}],"predecessor-version":[{"id":188149,"href":"https:\/\/www.leccecronaca.it\/index.php\/wp-json\/wp\/v2\/posts\/188142\/revisions\/188149"}],"wp:featuredmedia":[{"embeddable":true,"href":"https:\/\/www.leccecronaca.it\/index.php\/wp-json\/wp\/v2\/media\/188144"}],"wp:attachment":[{"href":"https:\/\/www.leccecronaca.it\/index.php\/wp-json\/wp\/v2\/media?parent=188142"}],"wp:term":[{"taxonomy":"category","embeddable":true,"href":"https:\/\/www.leccecronaca.it\/index.php\/wp-json\/wp\/v2\/categories?post=188142"},{"taxonomy":"post_tag","embeddable":true,"href":"https:\/\/www.leccecronaca.it\/index.php\/wp-json\/wp\/v2\/tags?post=188142"}],"curies":[{"name":"wp","href":"https:\/\/api.w.org\/{rel}","templated":true}]}}