{"id":188174,"date":"2021-09-08T13:18:27","date_gmt":"2021-09-08T11:18:27","guid":{"rendered":"http:\/\/www.leccecronaca.it\/?p=188174"},"modified":"2021-09-08T14:07:14","modified_gmt":"2021-09-08T12:07:14","slug":"fate-fogli-di-poesia-poeti-nel-centro-storico-di-lecce-venerdi-10-una-serata-evento-particolare-una-movida-di-venti-poeti-che-interpreteranno-per-strada-i-propri-componimenti","status":"publish","type":"post","link":"https:\/\/www.leccecronaca.it\/index.php\/2021\/09\/08\/fate-fogli-di-poesia-poeti-nel-centro-storico-di-lecce-venerdi-10-una-serata-evento-particolare-una-movida-di-venti-poeti-che-interpreteranno-per-strada-i-propri-componimenti\/","title":{"rendered":"&#8216;Fate fogli di poesia, poeti!&#8217;, IL READING. NEL CENTRO STORICO DI LECCE VENERDI&#8217; 10 ALLE  20.00 UNA &#8216;MOVIDA&#8217; DI VENTI POETI, CHE INTERPRETERANNO PER STRADA I PROPRI COMPONIMENTI. IN ONORE DI ANTONIO VERRI"},"content":{"rendered":"<p><img decoding=\"async\" loading=\"lazy\" class=\"alignnone size-full wp-image-188176\" src=\"https:\/\/www.leccecronaca.it\/wordpress\/wp-content\/uploads\/2021\/09\/stefano-donno4.jpg\" alt=\"\" width=\"1599\" height=\"1200\" srcset=\"https:\/\/www.leccecronaca.it\/wordpress\/wp-content\/uploads\/2021\/09\/stefano-donno4.jpg 1599w, https:\/\/www.leccecronaca.it\/wordpress\/wp-content\/uploads\/2021\/09\/stefano-donno4-300x225.jpg 300w, https:\/\/www.leccecronaca.it\/wordpress\/wp-content\/uploads\/2021\/09\/stefano-donno4-1024x768.jpg 1024w, https:\/\/www.leccecronaca.it\/wordpress\/wp-content\/uploads\/2021\/09\/stefano-donno4-768x576.jpg 768w, https:\/\/www.leccecronaca.it\/wordpress\/wp-content\/uploads\/2021\/09\/stefano-donno4-1536x1153.jpg 1536w, https:\/\/www.leccecronaca.it\/wordpress\/wp-content\/uploads\/2021\/09\/stefano-donno4-400x300.jpg 400w\" sizes=\"(max-width: 1599px) 100vw, 1599px\" \/>(g.p.)______<\/p>\n<p><strong><em>\u201cCominciate, poeti, a spedire fogli di poesia \/ Ai politici, gabellieri d\u2019allegria \/ A chi ha perso l\u2019aria di studente spaesato \/ A chi ha svenduto lo stupore di un tempo \/ Le ribalte del non previsto, \/ ai sindacalisti, ai capitani d\u2019industria \/ ai capitani di qualcosa, \/ usate la loro stessa lingua \/ non pensate, promettete \u2026 &#8216;disarmateli&#8217; se potete! \/ (al diavolo le eccedenze, poeti \/ <\/em><\/strong><\/p>\n<p><strong><em>Le care eccedenze, le assenze anche, \/ i passeri di tristezza, i rapimenti \/ i pendoli fermi, i voli mozzi, i sigilli \/ le care figure accostate al silenzio \/ gli addentellati, i germogli, gli abbagli\u2026 \/ al diavolo, al diavolo\u2026) \/ disprezzate i nuovi eroi, poeti \/ cacciateli nelle secche del mio gazebo oblungo \/ (ricco di umori malandrini, cos\u00ec ben fatto!) \/ <\/em><\/strong><\/p>\n<p>&nbsp;<\/p>\n<p><strong><em>Fatevi anche voi un gazebo oblungo \/ Chiudeteci le loro parole di merda \/ I loro umori, i loro figli, il denaro \/ Il broncio delle loro donne, le loro albe livide. \/ Spedite fogli di poesia, poeti\/ Dateli in cambio di poche lire \/ Insultate il damerino, l\u2019accademico borioso \/ La distinzione delle sue idee \/ La sua lunga morte, \/ fatevi poi dare un teatro, un qualcosa \/ raccontateci le cose pi\u00f9 idiote \/ svestitevi, ubriacatevi, pisciate all\u2019angolo del locale \/ combinate poi anche voi un manifesto \/ cannibale nell\u2019oscurit\u00e0 \/ riparlate di morte, dite delle baracche \/ schiacciate dal cielo torvo, delle parole di Picabia \/ delle rose del Sud, della Lucerna di Jacca \/ della marza per l\u2019innesto \/ della tramontana greca che viene dalla Russia \/ del gallipolino piovoso (angolo di Sternatia) \/ dell\u2019osteria di De Candia (consacratela a qualcosa!). \/ <\/em><\/strong><\/p>\n<p><strong><em>Osteggiate i Capitali Metropolitani, poeti \/ i vizi del culto. Le dame in veletta, i &#8216;venditori di tappeti&#8217; \/ i direttori che stupiscono, i direttori di qualcosa, \/ i burocrati, i falsi meridionalisti \/ (e un po\u2019 anche i veri) i surrogati \/ Le menzogne vendute in codici, l\u2019urgenza dei giorni sfatti, \/ non alzatevi in piedi per nessuno, poeti \/ \u2026 se mai odorate la madre e il miglio stompato \/ Le rabbie solitarie, le pratiche di rivolta, il pane. \/ <\/em><\/strong><\/p>\n<p><strong><em>Ecco. Fate solo quello che v\u2019incanta! \/ <\/em><\/strong><\/p>\n<p><strong><em>Fate fogli di poesia, poeti \/ Vendeteli e poi ricominciate. \/ Fatevi disprezzare, dissentite quanto potete \/ <\/em><\/strong><\/p>\n<p><strong><em>Fatevi un gazebo oblungo, amate \/ Gli sciocchi artisti beoni, i buffoni \/ Le loro rivolte senza senso \/ Le tenerezze di morte, i cieli di prugna \/ Le assolutezze, i desideri di volare, le risorse del corpo \/ I misteri di donna Catena. \/ Fate fogli di poesia, poeti, \/ vendeteli per poche lire!\u201d.______<\/em><\/strong><\/p>\n<p>&nbsp;<\/p>\n<p>&#8216;i direttori che stupiscono, i direttori di qualcosa&#8217;.<\/p>\n<p>&nbsp;<\/p>\n<p>Gi\u00e0, nelle esortazioni &#8211; lucidamente profetiche &#8211;\u00a0 di Antonio Verri ai poeti, c&#8217;\u00e8 pure quella a osteggiare una categoria in cui rientro.<\/p>\n<p>Spero per\u00f2 di non essere osteggiato, venerd\u00ec sera, a Lecce, in quanto io ci sar\u00f2, io che non scrivo versi, ma profondamente li amo, quindi voglio andare a sentire, ad applaudire, a vivere un attimo di eternit\u00e0, e ad eccitarmi, perch\u00e9 la poesia \u00e8 una delle ultime cose rimaste ancora capaci di prendere la mente e di far fremere il cuore.<\/p>\n<p>L&#8217;appuntamento \u00e8 per <span style=\"color: #ff0000;\"><strong>venerd\u00ec 10 settembre alle 20.00 a Lecce in via\u00a0Santa Maria del Paradiso<\/strong><\/span>. La manifestazione si svolger\u00e0 tutta quanta all&#8217;aperto, quindi a chi voglia assistervi \u00e8 richiesto solo l&#8217;uso della mascherina.<\/p>\n<p>&nbsp;<\/p>\n<p>L&#8217;idea di Stefano Donno\u00a0(nella foto di copertina)\u00a0promette una serata emozionante.<\/p>\n<p>Intanto, l&#8217;omaggio ad Antonio Verri\u00a0\u00a0(nella foto sotto,\u00a0di Fernando Bevilacqua), poeta suggestivo e infaticabile animatore culturale salentino, morto nel 1993 in un incidente stradale all&#8217;et\u00e0 di 44 anni, oggi, come si vede, pi\u00f9 che mai attuale.<\/p>\n<p>Un omaggio non formale, ma sostanziale.<\/p>\n<p><em><strong>&#8216;<span style=\"color: #ff0000;\">Questo manifesto tutto \u00e8 tranne che un testamento, ma un assalto frontale alla poesia da cortile, da laboratorio chimico di quel Salento\u00a0\u00a0odiato\/amato dal futurista Vittorio Bodini, dagli irregolari e s\/regolati Salvatore Toma e Claudia Ruggeri solo per citarne alcuni&#8217;<\/span><\/strong><\/em> &#8211; spiega Stefano Donno &#8211; <strong><span style=\"color: #ff0000;\"><em>&#8216;Ecco questo reading \u00e8 un po&#8217; ripensare ad Antonio Verri e al suo messaggio, al suo agire puro, nudo e crudo che ha unito poeti in tutto il mondo, da Caprarica di Lecce (il suo paese natale) al resto d\u2019Italia e oltre&#8217;<\/em><\/span><\/strong>.<\/p>\n<p>&nbsp;<\/p>\n<p>Poi, l&#8217;omaggio alla Poesia.<\/p>\n<p>Nell&#8217;occasione Stefano Donno ha chiamato a raccolta alcuni dei suoi poeti, alcuni di quelli pubblicati dalla sua casa editrice, i Quaderni del Bardo Edizioni, ognuno dei quali reciter\u00e0 un proprio componimento, e avr\u00e0 solo l&#8217;imbarazzo della scelta.<\/p>\n<p>Ci saranno a interpretare\u00a0s\u00e9 stessi\u00a0Ottavio Rossani, Vincenzo Ampolo, Marilena Cataldini, Chiara Evangelista, Maria Grazia Palazzo, Simone Franco, Francesco Pasca, Giuseppe Zilli, Elio Coriano, Marcello Buttazzo, Alessandra Merico, Francesco Aprile, Carlo Stasi, Alessandra Peluso, Marta Vigneri, Vito Antonio Conte, Maurizio Leo, Anastasia Leo, Maurizio Nocera e Mauro Marino, e ci sar\u00e0 luce nella trepida e sapida serata leccese settembrina.<\/p>\n<p>La poesia torna cos\u00ec nelle strade, nelle piazze, l\u00e0 dove nacque tremila anni fa con i poemi omerici creati e tramandati dagli aedi un angolo di citt\u00e0 dopo l&#8217;altro.<\/p>\n<p>Torna, e oggi pi\u00f9 che allora rivendica il primato della cultura sulla politica, sull&#8217;economia, su ogni altro accadimento contingente, in nome e per conto della Bellezza.<\/p>\n<p><img decoding=\"async\" loading=\"lazy\" class=\"alignnone size-full wp-image-188175\" src=\"https:\/\/www.leccecronaca.it\/wordpress\/wp-content\/uploads\/2021\/09\/verri.jpg\" alt=\"\" width=\"1200\" height=\"882\" srcset=\"https:\/\/www.leccecronaca.it\/wordpress\/wp-content\/uploads\/2021\/09\/verri.jpg 1200w, https:\/\/www.leccecronaca.it\/wordpress\/wp-content\/uploads\/2021\/09\/verri-300x221.jpg 300w, https:\/\/www.leccecronaca.it\/wordpress\/wp-content\/uploads\/2021\/09\/verri-1024x753.jpg 1024w, https:\/\/www.leccecronaca.it\/wordpress\/wp-content\/uploads\/2021\/09\/verri-768x564.jpg 768w\" sizes=\"(max-width: 1200px) 100vw, 1200px\" \/><\/p>\n<p>&nbsp;<\/p>\n<fb:like href='https:\/\/www.leccecronaca.it\/index.php\/2021\/09\/08\/fate-fogli-di-poesia-poeti-nel-centro-storico-di-lecce-venerdi-10-una-serata-evento-particolare-una-movida-di-venti-poeti-che-interpreteranno-per-strada-i-propri-componimenti\/' send='true' layout='button_count' show_faces='true' width='450' height='65' action='recommend' colorscheme='light' font='lucida grande'><\/fb:like><span class=\"fb_share\"><fb:like href=\"https:\/\/www.leccecronaca.it\/index.php\/2021\/09\/08\/fate-fogli-di-poesia-poeti-nel-centro-storico-di-lecce-venerdi-10-una-serata-evento-particolare-una-movida-di-venti-poeti-che-interpreteranno-per-strada-i-propri-componimenti\/\" layout=\"button_count\"><\/fb:like><\/span>","protected":false},"excerpt":{"rendered":"<p>(g.p.)______ \u201cCominciate, poeti, a spedire fogli di poesia \/ Ai politici, gabellieri d\u2019allegria \/ A chi ha perso l\u2019aria di studente spaesato \/ A chi ha svenduto lo stupore di un tempo \/ Le ribalte del non previsto, \/ ai sindacalisti, ai capitani d\u2019industria \/ ai capitani di qualcosa, \/ usate la loro stessa lingua [&hellip;]<\/p>\n","protected":false},"author":4,"featured_media":188176,"comment_status":"open","ping_status":"closed","sticky":false,"template":"","format":"standard","meta":[],"categories":[69,31,75],"tags":[],"_links":{"self":[{"href":"https:\/\/www.leccecronaca.it\/index.php\/wp-json\/wp\/v2\/posts\/188174"}],"collection":[{"href":"https:\/\/www.leccecronaca.it\/index.php\/wp-json\/wp\/v2\/posts"}],"about":[{"href":"https:\/\/www.leccecronaca.it\/index.php\/wp-json\/wp\/v2\/types\/post"}],"author":[{"embeddable":true,"href":"https:\/\/www.leccecronaca.it\/index.php\/wp-json\/wp\/v2\/users\/4"}],"replies":[{"embeddable":true,"href":"https:\/\/www.leccecronaca.it\/index.php\/wp-json\/wp\/v2\/comments?post=188174"}],"version-history":[{"count":7,"href":"https:\/\/www.leccecronaca.it\/index.php\/wp-json\/wp\/v2\/posts\/188174\/revisions"}],"predecessor-version":[{"id":188183,"href":"https:\/\/www.leccecronaca.it\/index.php\/wp-json\/wp\/v2\/posts\/188174\/revisions\/188183"}],"wp:featuredmedia":[{"embeddable":true,"href":"https:\/\/www.leccecronaca.it\/index.php\/wp-json\/wp\/v2\/media\/188176"}],"wp:attachment":[{"href":"https:\/\/www.leccecronaca.it\/index.php\/wp-json\/wp\/v2\/media?parent=188174"}],"wp:term":[{"taxonomy":"category","embeddable":true,"href":"https:\/\/www.leccecronaca.it\/index.php\/wp-json\/wp\/v2\/categories?post=188174"},{"taxonomy":"post_tag","embeddable":true,"href":"https:\/\/www.leccecronaca.it\/index.php\/wp-json\/wp\/v2\/tags?post=188174"}],"curies":[{"name":"wp","href":"https:\/\/api.w.org\/{rel}","templated":true}]}}