{"id":188305,"date":"2021-09-11T13:56:52","date_gmt":"2021-09-11T11:56:52","guid":{"rendered":"http:\/\/www.leccecronaca.it\/?p=188305"},"modified":"2021-09-11T14:00:20","modified_gmt":"2021-09-11T12:00:20","slug":"novita-editoriali-esce-il-compasso-morale-del-cane-di-aldo-recchia-provocatorio-invito-a-pensare","status":"publish","type":"post","link":"https:\/\/www.leccecronaca.it\/index.php\/2021\/09\/11\/novita-editoriali-esce-il-compasso-morale-del-cane-di-aldo-recchia-provocatorio-invito-a-pensare\/","title":{"rendered":"NOVITA\u2019 EDITORIALI \/ ESCE \u201cIl compasso morale del cane\u201d DI ALDO RECCHIA, PROVOCATORIO INVITO A PENSARE"},"content":{"rendered":"<p><img decoding=\"async\" loading=\"lazy\" class=\"alignnone size-full wp-image-188307\" src=\"https:\/\/www.leccecronaca.it\/wordpress\/wp-content\/uploads\/2021\/09\/hotel-internazionale-2.jpg\" alt=\"\" width=\"600\" height=\"338\" srcset=\"https:\/\/www.leccecronaca.it\/wordpress\/wp-content\/uploads\/2021\/09\/hotel-internazionale-2.jpg 600w, https:\/\/www.leccecronaca.it\/wordpress\/wp-content\/uploads\/2021\/09\/hotel-internazionale-2-300x169.jpg 300w\" sizes=\"(max-width: 600px) 100vw, 600px\" \/>di <strong>Raffaele Polo<\/strong>______<\/p>\n<p>E chi lo ha detto che un giornalista, dopo tanti anni di professione, dopo essersi confrontato in\u00a0 ogni modo con le contraddizioni e i misfatti del mondo contemporaneo, non posso ritagliarsi uno spazio per esprimere le proprie, personalissime considerazioni, decidendo anche di divulgarle nell&#8217;unico modo che conosce, ovvero a mezzo stampa?<\/p>\n<p>Nasce cos\u00ec questo\u00a0<strong><em>\u201cIl compasso morale del cane\u201d\u00a0<\/em><\/strong>\u00a0edito dalle edizioni Il Raggio Verde (336 pagine, 15 euro) di <strong>Aldo Recchia<\/strong>.<\/p>\n<p>Il libro viene presentato gioved\u00ec 23 settembre, alle 19.30, a Brindisi, nella Sala Reale del Grande Albergo Internazionale, in Lungomare Regina Margherita,\u00a023 (nella foto), a cura del Rotary, club &#8216;Valesio&#8217;.<\/p>\n<p>E, a proposito di questo, scrive Ettore Catalano docente dell&#8217;Universit\u00e0 del Salento: <strong><em>&#8220;Le restrizioni dovute all&#8217;emergenza pandemica hanno spinto molti alle pi\u00f9 disparate modalit\u00e0 di sopravvivenza (&#8230;) Aldo Recchia, giornalista di lungo corso, ha scritto &#8216;Il compasso morale del can&#8217;, titolo che sfrutta, da un punto di vista linguistico, l&#8217;anisomorfismo per generare un effetto conoscitivo divisivo tra ambiguit\u00e0 voluta e ricchezza semantica procurata, giocando anche sulle ricerche del noto etologo americano Marc Bekoff, studioso della vita emotiva degli animali.<\/em><\/strong><\/p>\n<p><strong><em> L&#8217;obiettivo del libro &#8211; gustoso e scritto con vivacit\u00e0 che lo avvicina certo al suo Lettore &#8211; \u00e8 quello di offrire spunti di riflessione, volti a contrastare la pretesa mania di onnipotenza degli esseri umani e spingerli a modificare i loro comportamenti, per evitare guai peggiori al pianeta Terra. <\/em><\/strong><\/p>\n<p><strong><em>Nel contempo l&#8217;Autore sottolinea il ruolo insostituibile dell&#8217;Informazione, elemento costitutivo della Democrazia e del sempre pi\u00f9 latitante Bene Comune&#8221;.\u00a0 <\/em><\/strong><\/p>\n<p>&nbsp;<\/p>\n<p>Fuori dai denti, diciamo che il lettore potrebbe non condividere alcune delle prese di posizione di Recchia che, pure, usa un tono leggero e conciliante anche sulle questioni pi\u00f9 scabrose, ma \u00e8 proprio questo il pi\u00f9 sincero e interessante aspetto dello scritto: la sincera partecipazione e l&#8217;esposizione senza fronzoli di idee e opinioni che si possono non condividere ma vanno rispettate e comprese. A volte, addirittura, pare che Recchia, molto intelligentemente, funzioni da &#8216;provocatore&#8217;, per costringerci a pensare.\u00a0\u00a0 Ecco, pare dirci l&#8217;autore, proprio il &#8216;pensare&#8217; \u00e8 un&#8217;attivit\u00e0 che \u00e8 decisamente in declino, negli ultimi tempi&#8230;______<\/p>\n<p><img decoding=\"async\" loading=\"lazy\" class=\"alignnone size-full wp-image-188306\" src=\"https:\/\/www.leccecronaca.it\/wordpress\/wp-content\/uploads\/2021\/09\/cop_ilcompasso_aldorecchia-web.jpg\" alt=\"\" width=\"1770\" height=\"2413\" srcset=\"https:\/\/www.leccecronaca.it\/wordpress\/wp-content\/uploads\/2021\/09\/cop_ilcompasso_aldorecchia-web.jpg 1770w, https:\/\/www.leccecronaca.it\/wordpress\/wp-content\/uploads\/2021\/09\/cop_ilcompasso_aldorecchia-web-220x300.jpg 220w, https:\/\/www.leccecronaca.it\/wordpress\/wp-content\/uploads\/2021\/09\/cop_ilcompasso_aldorecchia-web-751x1024.jpg 751w, https:\/\/www.leccecronaca.it\/wordpress\/wp-content\/uploads\/2021\/09\/cop_ilcompasso_aldorecchia-web-768x1047.jpg 768w, https:\/\/www.leccecronaca.it\/wordpress\/wp-content\/uploads\/2021\/09\/cop_ilcompasso_aldorecchia-web-1127x1536.jpg 1127w, https:\/\/www.leccecronaca.it\/wordpress\/wp-content\/uploads\/2021\/09\/cop_ilcompasso_aldorecchia-web-1502x2048.jpg 1502w\" sizes=\"(max-width: 1770px) 100vw, 1770px\" \/><\/p>\n<p>&nbsp;<\/p>\n<p>______<\/p>\n<p>Per acquistare il libro<\/p>\n<p><a href=\"https:\/\/www.ilraggioverdesrl.it\/negozio\/compasso-morale-del-cane-aldo-recchia\/\">https:\/\/www.ilraggioverdesrl.it\/negozio\/compasso-morale-del-cane-aldo-recchia\/<\/a><\/p>\n<p>&nbsp;<\/p>\n<fb:like href='https:\/\/www.leccecronaca.it\/index.php\/2021\/09\/11\/novita-editoriali-esce-il-compasso-morale-del-cane-di-aldo-recchia-provocatorio-invito-a-pensare\/' send='true' layout='button_count' show_faces='true' width='450' height='65' action='recommend' colorscheme='light' font='lucida grande'><\/fb:like><span class=\"fb_share\"><fb:like href=\"https:\/\/www.leccecronaca.it\/index.php\/2021\/09\/11\/novita-editoriali-esce-il-compasso-morale-del-cane-di-aldo-recchia-provocatorio-invito-a-pensare\/\" layout=\"button_count\"><\/fb:like><\/span>","protected":false},"excerpt":{"rendered":"<p>di Raffaele Polo______ E chi lo ha detto che un giornalista, dopo tanti anni di professione, dopo essersi confrontato in\u00a0 ogni modo con le contraddizioni e i misfatti del mondo contemporaneo, non posso ritagliarsi uno spazio per esprimere le proprie, personalissime considerazioni, decidendo anche di divulgarle nell&#8217;unico modo che conosce, ovvero a mezzo stampa? Nasce [&hellip;]<\/p>\n","protected":false},"author":4,"featured_media":188307,"comment_status":"open","ping_status":"closed","sticky":false,"template":"","format":"standard","meta":[],"categories":[31,75,57],"tags":[],"_links":{"self":[{"href":"https:\/\/www.leccecronaca.it\/index.php\/wp-json\/wp\/v2\/posts\/188305"}],"collection":[{"href":"https:\/\/www.leccecronaca.it\/index.php\/wp-json\/wp\/v2\/posts"}],"about":[{"href":"https:\/\/www.leccecronaca.it\/index.php\/wp-json\/wp\/v2\/types\/post"}],"author":[{"embeddable":true,"href":"https:\/\/www.leccecronaca.it\/index.php\/wp-json\/wp\/v2\/users\/4"}],"replies":[{"embeddable":true,"href":"https:\/\/www.leccecronaca.it\/index.php\/wp-json\/wp\/v2\/comments?post=188305"}],"version-history":[{"count":1,"href":"https:\/\/www.leccecronaca.it\/index.php\/wp-json\/wp\/v2\/posts\/188305\/revisions"}],"predecessor-version":[{"id":188312,"href":"https:\/\/www.leccecronaca.it\/index.php\/wp-json\/wp\/v2\/posts\/188305\/revisions\/188312"}],"wp:featuredmedia":[{"embeddable":true,"href":"https:\/\/www.leccecronaca.it\/index.php\/wp-json\/wp\/v2\/media\/188307"}],"wp:attachment":[{"href":"https:\/\/www.leccecronaca.it\/index.php\/wp-json\/wp\/v2\/media?parent=188305"}],"wp:term":[{"taxonomy":"category","embeddable":true,"href":"https:\/\/www.leccecronaca.it\/index.php\/wp-json\/wp\/v2\/categories?post=188305"},{"taxonomy":"post_tag","embeddable":true,"href":"https:\/\/www.leccecronaca.it\/index.php\/wp-json\/wp\/v2\/tags?post=188305"}],"curies":[{"name":"wp","href":"https:\/\/api.w.org\/{rel}","templated":true}]}}