{"id":188361,"date":"2021-09-12T16:25:08","date_gmt":"2021-09-12T14:25:08","guid":{"rendered":"http:\/\/www.leccecronaca.it\/?p=188361"},"modified":"2021-09-12T16:43:44","modified_gmt":"2021-09-12T14:43:44","slug":"detenuto-ai-domiciliari-chiama-i-carabinieri-per-poter-torna-in-carcere-non-sopporto-piu-mia-suocera","status":"publish","type":"post","link":"https:\/\/www.leccecronaca.it\/index.php\/2021\/09\/12\/detenuto-ai-domiciliari-chiama-i-carabinieri-per-poter-torna-in-carcere-non-sopporto-piu-mia-suocera\/","title":{"rendered":"DETENUTO AI DOMICILIARI, CHIAMA I CARABINIERI E VUOLE TORNARE IN CARCERE: \u201cNon sopporto pi\u00f9 mia suocera\u201c"},"content":{"rendered":"<p><img decoding=\"async\" loading=\"lazy\" class=\"alignnone size-full wp-image-188362\" src=\"https:\/\/www.leccecronaca.it\/wordpress\/wp-content\/uploads\/2021\/09\/carcere.jpg\" alt=\"\" width=\"562\" height=\"355\" srcset=\"https:\/\/www.leccecronaca.it\/wordpress\/wp-content\/uploads\/2021\/09\/carcere.jpg 562w, https:\/\/www.leccecronaca.it\/wordpress\/wp-content\/uploads\/2021\/09\/carcere-300x190.jpg 300w\" sizes=\"(max-width: 562px) 100vw, 562px\" \/>(e.l.)____I diciamo cos\u00ec spesso complicati rapporti fra suocera e genero sono da sempre un classico del costume italiano. Una nuova pagina della storia infinita l&#8217;ha scritta la scorsa settimana un uomo di 52 anni di Lecce, residente ad Asti con la famiglia, madre della moglie compresa.<\/p>\n<p>Era stato condannato a due anni e due mesi da scontare in casa, ma&#8230;A farla breve, si \u00e8 presto reso conto che la convivenza forzata con la suocera era diventata problematica quanto per lui pericolosa, nel senso che lei gli dava sui nervi, e ha deciso di porvi rimedio, per tempo, magari prevenendo il peggio.<\/p>\n<p>Allora ha telefonato ai Carabinieri, chiedendo di essere riportato nel carcere di Asti\u00a0(nella foto), ma niente da fare, in quanto non \u00e8 una decisione di competenza dei militari, ma sempre dei magistrati, sulla base dei rapporti ricevuti da loro.<\/p>\n<p>Allora, \u00e8 scappato di casa, \u00e8 andato in caserma, ha aggredito i Carabinieri presenti, e, a questo punto, proprio come voleva, \u00e8 finito in cella.<\/p>\n<p>L&#8217;avvocato Roberto Caranzano del Foro di Asti ha perorato le sue ragioni davanti al gip del Tribunale, spiegando come il suo assistito fosse esasperato e ubriaco.<\/p>\n<p>Ora sar\u00e0 processato per direttissima, cio\u00e8 nel giro di pochissimi giorni.<\/p>\n<p>La speranza \u00e8 che sia condannato a una pena lieve, e rimesso ai domiciliari, per\u00f2 &#8211; e dai &#8211; in un posto alternativo, magari una comunit\u00e0.<\/p>\n<p>&nbsp;<\/p>\n<fb:like href='https:\/\/www.leccecronaca.it\/index.php\/2021\/09\/12\/detenuto-ai-domiciliari-chiama-i-carabinieri-per-poter-torna-in-carcere-non-sopporto-piu-mia-suocera\/' send='true' layout='button_count' show_faces='true' width='450' height='65' action='recommend' colorscheme='light' font='lucida grande'><\/fb:like><span class=\"fb_share\"><fb:like href=\"https:\/\/www.leccecronaca.it\/index.php\/2021\/09\/12\/detenuto-ai-domiciliari-chiama-i-carabinieri-per-poter-torna-in-carcere-non-sopporto-piu-mia-suocera\/\" layout=\"button_count\"><\/fb:like><\/span>","protected":false},"excerpt":{"rendered":"<p>(e.l.)____I diciamo cos\u00ec spesso complicati rapporti fra suocera e genero sono da sempre un classico del costume italiano. Una nuova pagina della storia infinita l&#8217;ha scritta la scorsa settimana un uomo di 52 anni di Lecce, residente ad Asti con la famiglia, madre della moglie compresa. Era stato condannato a due anni e due mesi [&hellip;]<\/p>\n","protected":false},"author":4,"featured_media":188362,"comment_status":"open","ping_status":"closed","sticky":false,"template":"","format":"standard","meta":[],"categories":[69],"tags":[],"_links":{"self":[{"href":"https:\/\/www.leccecronaca.it\/index.php\/wp-json\/wp\/v2\/posts\/188361"}],"collection":[{"href":"https:\/\/www.leccecronaca.it\/index.php\/wp-json\/wp\/v2\/posts"}],"about":[{"href":"https:\/\/www.leccecronaca.it\/index.php\/wp-json\/wp\/v2\/types\/post"}],"author":[{"embeddable":true,"href":"https:\/\/www.leccecronaca.it\/index.php\/wp-json\/wp\/v2\/users\/4"}],"replies":[{"embeddable":true,"href":"https:\/\/www.leccecronaca.it\/index.php\/wp-json\/wp\/v2\/comments?post=188361"}],"version-history":[{"count":4,"href":"https:\/\/www.leccecronaca.it\/index.php\/wp-json\/wp\/v2\/posts\/188361\/revisions"}],"predecessor-version":[{"id":188367,"href":"https:\/\/www.leccecronaca.it\/index.php\/wp-json\/wp\/v2\/posts\/188361\/revisions\/188367"}],"wp:featuredmedia":[{"embeddable":true,"href":"https:\/\/www.leccecronaca.it\/index.php\/wp-json\/wp\/v2\/media\/188362"}],"wp:attachment":[{"href":"https:\/\/www.leccecronaca.it\/index.php\/wp-json\/wp\/v2\/media?parent=188361"}],"wp:term":[{"taxonomy":"category","embeddable":true,"href":"https:\/\/www.leccecronaca.it\/index.php\/wp-json\/wp\/v2\/categories?post=188361"},{"taxonomy":"post_tag","embeddable":true,"href":"https:\/\/www.leccecronaca.it\/index.php\/wp-json\/wp\/v2\/tags?post=188361"}],"curies":[{"name":"wp","href":"https:\/\/api.w.org\/{rel}","templated":true}]}}