{"id":188420,"date":"2021-09-14T13:39:04","date_gmt":"2021-09-14T11:39:04","guid":{"rendered":"http:\/\/www.leccecronaca.it\/?p=188420"},"modified":"2021-09-14T13:40:59","modified_gmt":"2021-09-14T11:40:59","slug":"manifestazione-del-partito-comunista-a-bari-sabato-18","status":"publish","type":"post","link":"https:\/\/www.leccecronaca.it\/index.php\/2021\/09\/14\/manifestazione-del-partito-comunista-a-bari-sabato-18\/","title":{"rendered":"IL PARTITO COMUNISTA IN PIAZZA A BARI SABATO 18"},"content":{"rendered":"<p><img decoding=\"async\" loading=\"lazy\" class=\"alignnone size-full wp-image-188421\" src=\"https:\/\/www.leccecronaca.it\/wordpress\/wp-content\/uploads\/2021\/09\/partito-comunista-bari-600x335.jpg\" alt=\"\" width=\"600\" height=\"335\" srcset=\"https:\/\/www.leccecronaca.it\/wordpress\/wp-content\/uploads\/2021\/09\/partito-comunista-bari-600x335.jpg 600w, https:\/\/www.leccecronaca.it\/wordpress\/wp-content\/uploads\/2021\/09\/partito-comunista-bari-600x335-300x168.jpg 300w\" sizes=\"(max-width: 600px) 100vw, 600px\" \/>(Rdl)______Sabato 18 settembre, alle 18.00, a Bari, in piazza Umberto I, ci sar\u00e0 una manifestazione indetta dal Partito Comunista contro la cos\u00ec detta &#8216;legge -Fornero&#8217;:\u00a0\u00a0\u201c<em>va cancellata con la lotta popolare<\/em>\u201d.<\/p>\n<p>Il presidente\u00a0Antonino Mosaico, e il segretario regionale Roberto Cardilli\u00a0(nella foto)\u00a0 del Partito Comunista ne spiegano le ragioni.<\/p>\n<p><em>\u201cIl 27 giugno 2012 viene approvata definitivamente la legge Fornero per innalzare a 67 il tetto dell\u2019et\u00e0 pensionabile colpendo duramente le conquiste sociali ed insultando la dignit\u00e0 del popolo italiano: lavoratori, futuri lavoratori e disoccupati ormai rassegnati.<\/em><\/p>\n<p><em>Per chi \u00e8 a contratto a tempo indeterminato, dopo i 60 anni di et\u00e0, per tanti, il lavoro \u00e8 diventato impraticabile, un esempio per tutti sono le condizioni delle donne delle pulizie, delle maestre della scuola dell\u2019infanzia ed i primi anni delle elementari e delle infermiere che per la Fornero, a 67 devono fare lavori fisici, per loro ormai impossibili.<\/em><\/p>\n<p><em>NESSUN PADRONE ASSUME BRACCIANTI O PESCATORI CHE HANNO SUPERATO I 60 ANNI DI ETA\u2019.<\/em><\/p>\n<p><em>I precari e stagionali che hanno superato i 60 anni di et\u00e0 sono condannati all\u2019esclusione dal lavoro e se assunti sono a rischio incidenti, anche mortali.<\/em><\/p>\n<p><em>Nessuna\/o bracciante pu\u00f2 a 67 anni lavorare sotto i tendoni, o a salire con scale sopra gli alberi o nell\u2019umidit\u00e0 dei campi, i loro corpi sono ormai posseduti dalle artrosi. Allo stesso tempo ai giovani viene negato l\u2019accesso al mondo del lavoro.<\/em><\/p>\n<p><em>Per attuare le imposizioni dell\u2019Unione Europea, in Italia, non serve una democrazia fondata sul lavoro, ma una dittatura al servizio del profitto globalizzato capitalista.<\/em><\/p>\n<p><em>Se non \u00e8 ancora chiaro, alla Fornero e a chi ha votato quella infame legge, del danno che hanno causato all\u2019Italia intera allora serve la politica dell\u2019alternanza, mandiamo la Fornero e chi l\u2019ha sostenuta a lavorare nei campi sotto il controllo dei caporali e al posto loro in parlamento mandiamo i braccianti veri a fare le leggi e forse sar\u00e0 la volta buona per aggiustare l\u2019Italia\u201d.<\/em><\/p>\n<p><img decoding=\"async\" loading=\"lazy\" class=\"alignnone size-full wp-image-188423\" src=\"https:\/\/www.leccecronaca.it\/wordpress\/wp-content\/uploads\/2021\/09\/230290407_4818967441470053_4172579840874250207_n.jpg\" alt=\"\" width=\"960\" height=\"960\" srcset=\"https:\/\/www.leccecronaca.it\/wordpress\/wp-content\/uploads\/2021\/09\/230290407_4818967441470053_4172579840874250207_n.jpg 960w, https:\/\/www.leccecronaca.it\/wordpress\/wp-content\/uploads\/2021\/09\/230290407_4818967441470053_4172579840874250207_n-300x300.jpg 300w, https:\/\/www.leccecronaca.it\/wordpress\/wp-content\/uploads\/2021\/09\/230290407_4818967441470053_4172579840874250207_n-150x150.jpg 150w, https:\/\/www.leccecronaca.it\/wordpress\/wp-content\/uploads\/2021\/09\/230290407_4818967441470053_4172579840874250207_n-768x768.jpg 768w, https:\/\/www.leccecronaca.it\/wordpress\/wp-content\/uploads\/2021\/09\/230290407_4818967441470053_4172579840874250207_n-60x60.jpg 60w\" sizes=\"(max-width: 960px) 100vw, 960px\" \/><\/p>\n<fb:like href='https:\/\/www.leccecronaca.it\/index.php\/2021\/09\/14\/manifestazione-del-partito-comunista-a-bari-sabato-18\/' send='true' layout='button_count' show_faces='true' width='450' height='65' action='recommend' colorscheme='light' font='lucida grande'><\/fb:like><span class=\"fb_share\"><fb:like href=\"https:\/\/www.leccecronaca.it\/index.php\/2021\/09\/14\/manifestazione-del-partito-comunista-a-bari-sabato-18\/\" layout=\"button_count\"><\/fb:like><\/span>","protected":false},"excerpt":{"rendered":"<p>(Rdl)______Sabato 18 settembre, alle 18.00, a Bari, in piazza Umberto I, ci sar\u00e0 una manifestazione indetta dal Partito Comunista contro la cos\u00ec detta &#8216;legge -Fornero&#8217;:\u00a0\u00a0\u201cva cancellata con la lotta popolare\u201d. Il presidente\u00a0Antonino Mosaico, e il segretario regionale Roberto Cardilli\u00a0(nella foto)\u00a0 del Partito Comunista ne spiegano le ragioni. \u201cIl 27 giugno 2012 viene approvata definitivamente la [&hellip;]<\/p>\n","protected":false},"author":4,"featured_media":188422,"comment_status":"open","ping_status":"closed","sticky":false,"template":"","format":"standard","meta":[],"categories":[69,75,76],"tags":[],"_links":{"self":[{"href":"https:\/\/www.leccecronaca.it\/index.php\/wp-json\/wp\/v2\/posts\/188420"}],"collection":[{"href":"https:\/\/www.leccecronaca.it\/index.php\/wp-json\/wp\/v2\/posts"}],"about":[{"href":"https:\/\/www.leccecronaca.it\/index.php\/wp-json\/wp\/v2\/types\/post"}],"author":[{"embeddable":true,"href":"https:\/\/www.leccecronaca.it\/index.php\/wp-json\/wp\/v2\/users\/4"}],"replies":[{"embeddable":true,"href":"https:\/\/www.leccecronaca.it\/index.php\/wp-json\/wp\/v2\/comments?post=188420"}],"version-history":[{"count":2,"href":"https:\/\/www.leccecronaca.it\/index.php\/wp-json\/wp\/v2\/posts\/188420\/revisions"}],"predecessor-version":[{"id":188425,"href":"https:\/\/www.leccecronaca.it\/index.php\/wp-json\/wp\/v2\/posts\/188420\/revisions\/188425"}],"wp:featuredmedia":[{"embeddable":true,"href":"https:\/\/www.leccecronaca.it\/index.php\/wp-json\/wp\/v2\/media\/188422"}],"wp:attachment":[{"href":"https:\/\/www.leccecronaca.it\/index.php\/wp-json\/wp\/v2\/media?parent=188420"}],"wp:term":[{"taxonomy":"category","embeddable":true,"href":"https:\/\/www.leccecronaca.it\/index.php\/wp-json\/wp\/v2\/categories?post=188420"},{"taxonomy":"post_tag","embeddable":true,"href":"https:\/\/www.leccecronaca.it\/index.php\/wp-json\/wp\/v2\/tags?post=188420"}],"curies":[{"name":"wp","href":"https:\/\/api.w.org\/{rel}","templated":true}]}}