{"id":188431,"date":"2021-09-14T14:25:48","date_gmt":"2021-09-14T12:25:48","guid":{"rendered":"http:\/\/www.leccecronaca.it\/?p=188431"},"modified":"2021-09-20T13:35:20","modified_gmt":"2021-09-20T11:35:20","slug":"daniele-vitale-racconta-come-e-finito-per-tre-giorni-in-carcere-sono-un-coltivatore-di-canapa-autorizzato-non-sono-un-criminale","status":"publish","type":"post","link":"https:\/\/www.leccecronaca.it\/index.php\/2021\/09\/14\/daniele-vitale-racconta-come-e-finito-per-tre-giorni-in-carcere-sono-un-coltivatore-di-canapa-autorizzato-non-sono-un-criminale\/","title":{"rendered":"DANIELE VITALE RACCONTA PERCHE&#8217; E&#8217; FINITO PER TRE GIORNI IN CARCERE, E SPIEGA: \u201dSono un coltivatore di canapa autorizzato, non sono un criminale\u201c"},"content":{"rendered":"<p><img decoding=\"async\" loading=\"lazy\" class=\"alignnone size-full wp-image-188432\" src=\"https:\/\/www.leccecronaca.it\/wordpress\/wp-content\/uploads\/2021\/09\/hemp.jpg\" alt=\"\" width=\"6720\" height=\"4480\" \/><\/p>\n<p>Riceviamo e volentieri pubblichiamo. Daniele Vitale ci manda il seguente comunicato_____<\/p>\n<p>Daniele Vitale di Salento Hemp: da agricoltore di canapa a criminale. Le parole di un uomo libero<br \/>\nL\u2019agricoltore di canapa Daniele Vitale di Salento Hemp Valle della Cupa replica alle diffamazioni mosse nei suoi confronti<\/p>\n<p>&nbsp;<\/p>\n<p>\u201cMaxi coltivazione di marijuana nell\u2019azienda agricola, per un 37enne si aprono le porte del carcere\u201d<\/p>\n<p>\u201cEstesa piantagione di marijuana scoperta a Novoli: trovati 17 chili gi\u00e0 confezionati\u201d<\/p>\n<p>\u201cNell\u2019azienda agricola di Novoli anche la marijuana: arrestato il titolare\u201d<\/p>\n<p>\u201cColtiva, essicca e confeziona marijuana. Scatta l\u2019arresto per un 37enne imprenditore agricolo\u201d<\/p>\n<p>\u201cCarabinieri in un\u2019azienda agricola, trovati piantagione di marijuana e 17 chili di \u201cerba\u201d<\/p>\n<p>Sono questi i titoli che un uomo che ha speso gli ultimi sei anni della sua vita lavorando, si ritrova a leggere, trattato dai media alla stregua di un criminale.<\/p>\n<p>Non sono un agricoltore, come molti giornali hanno \u201cvolutamente o meno\u201d, lasciato intendere ai propri lettori. Non coltivo cavoli e cipolle, arance o frutta esotica. Sono un agricoltore regolarmente iscritto come coltivatore di canapa. L\u2019errore di tutti, dai giornali a chi ha deciso di portarmi in caserma, parte proprio da questa specifica. Io non ho allestito un campo di canapa, cannabis marjuana, erba o come la si preferisce chiamare, in un terreno adibito ai pomodori.<\/p>\n<p>Io coltivo canapa: lo faccio di mestiere.<\/p>\n<p>Proprio per questa ragione, e per restare nella Legge, in cui credo fermamente, acquisto solo semi certificati, ogni mia pianta \u00e8 etichettata, assolutamente legale. Io coltivo la canapa, la raccolgo, la faccio analizzare e la rivendo come CBD, ci realizzo farine per alimenti, cosmetici e olii, ma anche fibre, per tessuti o materiali edili.<\/p>\n<p>Come tutti gli esseri viventi, anche la canapa, nonostante parta da un seme certificato e autorizzato dal Ministero delle Politiche Agricole, pu\u00f2 mutare. E pu\u00f2 farlo a causa di diversi fattori. Come il clima. Il caldo torrido di quest\u2019ultima estate poteva variare la percentuale di Thc presente all\u2019interno delle infiorescenze e lo ha fatto.<\/p>\n<p>Il lavoro di sei mesi \u00e8 andato in fumo. Ma questo non \u00e8 sufficiente a distruggere un uomo: quando succede ci si rimbocca le maniche e si ricomincia. Ma come reagire alla comunicazione avida di titoloni, alla ricerca spasmodica di un apprezzamento, un commento, un like in pi\u00f9? Sicuramente, titolare un articolo scrivendo \u201cTrovata cannabis nel campo di un coltivatore di cannabis\u201d non avrebbe fatto troppo scalpore!<\/p>\n<p>Come spiegare alla propria famiglia che quel criminale, di cui si racconta sul giornale, non ha nulla a che fare con il padre che ogni giorno lavora con passione al suo progetto di agricoltura biologica e organica, capace di rimettere in moto una nuova economia circolare? Non si pu\u00f2, per farlo, probabilmente si dovr\u00e0 ricorrere alle opportune sedi, nelle quali si stabilir\u00e0 dove termina il diritto di cronaca e quando comincia il diritto alla verit\u00e0.<\/p>\n<p>Secondo la Legge 242 del 2016:<\/p>\n<p>\u201cI meccanismi di controllo dettati dalla norma fanno salvi i criteri europei e nazionali di prelievo e campionamento, individuando un ambito di tolleranza, esente da responsabilit\u00e0, tra il tenore di 0,2 e 0,6 di tetraidrocannabinolo (THC).Il sequestro o la distruzione delle coltivazioni di canapa impiantate possono essere disposti dall&#8217;autorit\u00e0 giudiziaria solo qualora, a seguito di un accertamento effettuato risulti che il contenuto di THC nella coltivazione \u00e8 superiore allo 0,6 per cento. Anche in tal caso \u00e8 esclusa la responsabilit\u00e0 dell&#8217;agricoltore.\u201d<\/p>\n<p>Anche in caso di superamento dello 0,6 per cento del contenuto di THC \u00e8 esclusa la responsabilit\u00e0 penale dell\u2019agricoltore.<\/p>\n<p>Questo stralcio che conclude i dettami della normativa 242, credo che sintetizzi la voragine di emozioni che da coltivatore di canapa mi sono ritrovato a vivere. Una Legge che esclude la mia responsabilit\u00e0 penale da un lato, e una realt\u00e0 che invece mi accusa di reati inverosimili.<\/p>\n<p>Oltre a essere un coltivatore di canapa autorizzato, sono referente di FederCanapa e dall\u2019inizio della mia attivit\u00e0 collaboro con l\u2019unico centro di trasformazione presente in Italia.<\/p>\n<p>Sono anche segretario della neo-nata associazione \u201cOrnella Muti Hemp Club\u201d.<\/p>\n<p>Assieme a Ornella Muti e Naike Rivelli, presidente e vicepresidente, e Paolo Lo Tuso di Grow Yard, intendiamo promuovere la coltivazione di canapa legale, e soprattutto essere un supporto e insieme un ponte fra medici, pazienti e prescrizioni mediche, allestendo una sede fisica con sala terapia, per consentire a tutti coloro i quali hanno trovato nella canapa un alleato nella lotta a svariate malattie degenerative, di eseguire i trattamenti.<\/p>\n<p>Al momento vorrei ringraziare in primis la mia famiglia, l\u2019Associazione \u201cOrnella Muti Hemp Club\u201d, gli amici, gli estimatori e i clienti che in questi tre giorni non mi hanno fatto mancare l\u2019affetto e il sostegno.<\/p>\n<p>Vorrei poi ringraziare la Giustizia, che ha dimostrato ancora una volta di prevalere sui giochi di potere e politica, restando fedele alla Legge.<\/p>\n<p>Vorrei ringraziare anche gli uomini in divisa che hanno cercato di rendere questi tre giorni meno infernali.<\/p>\n<p>Spero che ci\u00f2 che \u00e8 successo a me sia da monito per gli altri agricoltori: il rispetto delle norme resta fondamentale per continuare a coltivare il sogno di una societ\u00e0 orientata verso la green economy e a quanto pare, anche per essere liberi di farlo.<\/p>\n<fb:like href='https:\/\/www.leccecronaca.it\/index.php\/2021\/09\/14\/daniele-vitale-racconta-come-e-finito-per-tre-giorni-in-carcere-sono-un-coltivatore-di-canapa-autorizzato-non-sono-un-criminale\/' send='true' layout='button_count' show_faces='true' width='450' height='65' action='recommend' colorscheme='light' font='lucida grande'><\/fb:like><span class=\"fb_share\"><fb:like href=\"https:\/\/www.leccecronaca.it\/index.php\/2021\/09\/14\/daniele-vitale-racconta-come-e-finito-per-tre-giorni-in-carcere-sono-un-coltivatore-di-canapa-autorizzato-non-sono-un-criminale\/\" layout=\"button_count\"><\/fb:like><\/span>","protected":false},"excerpt":{"rendered":"<p>Riceviamo e volentieri pubblichiamo. Daniele Vitale ci manda il seguente comunicato_____ Daniele Vitale di Salento Hemp: da agricoltore di canapa a criminale. Le parole di un uomo libero L\u2019agricoltore di canapa Daniele Vitale di Salento Hemp Valle della Cupa replica alle diffamazioni mosse nei suoi confronti &nbsp; \u201cMaxi coltivazione di marijuana nell\u2019azienda agricola, per un [&hellip;]<\/p>\n","protected":false},"author":4,"featured_media":188432,"comment_status":"open","ping_status":"closed","sticky":false,"template":"","format":"standard","meta":[],"categories":[69,36],"tags":[],"_links":{"self":[{"href":"https:\/\/www.leccecronaca.it\/index.php\/wp-json\/wp\/v2\/posts\/188431"}],"collection":[{"href":"https:\/\/www.leccecronaca.it\/index.php\/wp-json\/wp\/v2\/posts"}],"about":[{"href":"https:\/\/www.leccecronaca.it\/index.php\/wp-json\/wp\/v2\/types\/post"}],"author":[{"embeddable":true,"href":"https:\/\/www.leccecronaca.it\/index.php\/wp-json\/wp\/v2\/users\/4"}],"replies":[{"embeddable":true,"href":"https:\/\/www.leccecronaca.it\/index.php\/wp-json\/wp\/v2\/comments?post=188431"}],"version-history":[{"count":5,"href":"https:\/\/www.leccecronaca.it\/index.php\/wp-json\/wp\/v2\/posts\/188431\/revisions"}],"predecessor-version":[{"id":188677,"href":"https:\/\/www.leccecronaca.it\/index.php\/wp-json\/wp\/v2\/posts\/188431\/revisions\/188677"}],"wp:featuredmedia":[{"embeddable":true,"href":"https:\/\/www.leccecronaca.it\/index.php\/wp-json\/wp\/v2\/media\/188432"}],"wp:attachment":[{"href":"https:\/\/www.leccecronaca.it\/index.php\/wp-json\/wp\/v2\/media?parent=188431"}],"wp:term":[{"taxonomy":"category","embeddable":true,"href":"https:\/\/www.leccecronaca.it\/index.php\/wp-json\/wp\/v2\/categories?post=188431"},{"taxonomy":"post_tag","embeddable":true,"href":"https:\/\/www.leccecronaca.it\/index.php\/wp-json\/wp\/v2\/tags?post=188431"}],"curies":[{"name":"wp","href":"https:\/\/api.w.org\/{rel}","templated":true}]}}