{"id":188438,"date":"2021-09-15T00:02:19","date_gmt":"2021-09-14T22:02:19","guid":{"rendered":"http:\/\/www.leccecronaca.it\/?p=188438"},"modified":"2021-09-14T18:06:03","modified_gmt":"2021-09-14T16:06:03","slug":"novita-editoriali-perche-la-vita-e-meravigliosa-nella-storia-di-ibrahim-e-di-elena","status":"publish","type":"post","link":"https:\/\/www.leccecronaca.it\/index.php\/2021\/09\/15\/novita-editoriali-perche-la-vita-e-meravigliosa-nella-storia-di-ibrahim-e-di-elena\/","title":{"rendered":"NOVITA&#8217; EDITORIALI \/ PERCHE&#8217; LA VITA E&#8217; MERAVIGLIOSA NELLA STORIA DI IBRAHIM E DI ELENA"},"content":{"rendered":"<p><img decoding=\"async\" loading=\"lazy\" class=\"alignnone size-full wp-image-188441\" src=\"https:\/\/www.leccecronaca.it\/wordpress\/wp-content\/uploads\/2021\/09\/Foto-quarta-di-copertina.jpeg\" alt=\"\" width=\"6000\" height=\"4000\" \/>(Rdl)______Esce per i Quaderni del Bardo Edizioni di Stefano Donno <em><strong>\u201cIncontro alla vita!\u201d<\/strong><\/em>, di <strong>Ibrahim Saeed<\/strong> ed <strong>Elena Del Coco<\/strong> (104 pagg. 12,50 euro),<\/p>\n<p>E&#8217; la storia raccontata in prima persona dai due protagonisti di Elena e di Ibrahim, che si sono conosciuti nel settembre del 2018.<\/p>\n<p>\u201cIbra\u201d come da subito Elena ha cominciato a chiamarlo, era in Italia da pochi mesi.<\/p>\n<p>Elena: <em>\u201cOgni ragazzo \u00e8 speciale a suo modo ma Ibrahim, determinato e sicuro di s\u00e9, aveva nello sguardo una Luce particolare che si accendeva, aumentava o sfumava ogni volta che parlava, irradiando tutto ci\u00f2 lo circondasse\u201d<\/em><strong><em>.<\/em><\/strong><\/p>\n<p>Ibrahim:<em> \u201cElena \u00e8 uguale alla mia mamma biologica, per\u00f2 \u00e8 bianca! Questa \u00e8 l\u2019unica differenza tra loro. Dice le stesse cose che mi diceva la mia mamma, parla con me come ad un figlio, insegnandomi ad essere libero, sempre!\u201d<\/em>.______<\/p>\n<p><img decoding=\"async\" loading=\"lazy\" class=\"alignnone size-full wp-image-188440\" src=\"https:\/\/www.leccecronaca.it\/wordpress\/wp-content\/uploads\/2021\/09\/180_180_Prima-di-copertina-Elena-Del-Coco_iQdB-per-AMZ-1.jpg\" alt=\"\" width=\"1418\" height=\"1418\" srcset=\"https:\/\/www.leccecronaca.it\/wordpress\/wp-content\/uploads\/2021\/09\/180_180_Prima-di-copertina-Elena-Del-Coco_iQdB-per-AMZ-1.jpg 1418w, https:\/\/www.leccecronaca.it\/wordpress\/wp-content\/uploads\/2021\/09\/180_180_Prima-di-copertina-Elena-Del-Coco_iQdB-per-AMZ-1-300x300.jpg 300w, https:\/\/www.leccecronaca.it\/wordpress\/wp-content\/uploads\/2021\/09\/180_180_Prima-di-copertina-Elena-Del-Coco_iQdB-per-AMZ-1-1024x1024.jpg 1024w, https:\/\/www.leccecronaca.it\/wordpress\/wp-content\/uploads\/2021\/09\/180_180_Prima-di-copertina-Elena-Del-Coco_iQdB-per-AMZ-1-150x150.jpg 150w, https:\/\/www.leccecronaca.it\/wordpress\/wp-content\/uploads\/2021\/09\/180_180_Prima-di-copertina-Elena-Del-Coco_iQdB-per-AMZ-1-768x768.jpg 768w, https:\/\/www.leccecronaca.it\/wordpress\/wp-content\/uploads\/2021\/09\/180_180_Prima-di-copertina-Elena-Del-Coco_iQdB-per-AMZ-1-60x60.jpg 60w\" sizes=\"(max-width: 1418px) 100vw, 1418px\" \/><\/p>\n<p>______<\/p>\n<p>Per acquistare il libro<\/p>\n<p><a href=\"https:\/\/www.amazon.it\/Incontro-alla-vita-Ibrahim-Saeed\/dp\/B09FC9Z4XR\/ref=sr_1_3?__mk_it_IT=%C3%85M%C3%85%C5%BD%C3%95%C3%91&amp;dchild=1&amp;keywords=incontro+alla+vita&amp;qid=1631113651&amp;sr=8-3\">https:\/\/www.amazon.it\/Incontro-alla-vita-Ibrahim-Saeed\/dp\/B09FC9Z4XR\/ref=sr_1_3?__mk_it_IT=%C3%85M%C3%85%C5%BD%C3%95%C3%91&amp;dchild=1&amp;keywords=incontro+alla+vita&amp;qid=1631113651&amp;sr=8-3<\/a><\/p>\n<p>&nbsp;<\/p>\n<p>&nbsp;<\/p>\n<fb:like href='https:\/\/www.leccecronaca.it\/index.php\/2021\/09\/15\/novita-editoriali-perche-la-vita-e-meravigliosa-nella-storia-di-ibrahim-e-di-elena\/' send='true' layout='button_count' show_faces='true' width='450' height='65' action='recommend' colorscheme='light' font='lucida grande'><\/fb:like><span class=\"fb_share\"><fb:like href=\"https:\/\/www.leccecronaca.it\/index.php\/2021\/09\/15\/novita-editoriali-perche-la-vita-e-meravigliosa-nella-storia-di-ibrahim-e-di-elena\/\" layout=\"button_count\"><\/fb:like><\/span>","protected":false},"excerpt":{"rendered":"<p>(Rdl)______Esce per i Quaderni del Bardo Edizioni di Stefano Donno \u201cIncontro alla vita!\u201d, di Ibrahim Saeed ed Elena Del Coco (104 pagg. 12,50 euro), E&#8217; la storia raccontata in prima persona dai due protagonisti di Elena e di Ibrahim, che si sono conosciuti nel settembre del 2018. \u201cIbra\u201d come da subito Elena ha cominciato a [&hellip;]<\/p>\n","protected":false},"author":4,"featured_media":188441,"comment_status":"open","ping_status":"closed","sticky":false,"template":"","format":"standard","meta":[],"categories":[31,57],"tags":[],"_links":{"self":[{"href":"https:\/\/www.leccecronaca.it\/index.php\/wp-json\/wp\/v2\/posts\/188438"}],"collection":[{"href":"https:\/\/www.leccecronaca.it\/index.php\/wp-json\/wp\/v2\/posts"}],"about":[{"href":"https:\/\/www.leccecronaca.it\/index.php\/wp-json\/wp\/v2\/types\/post"}],"author":[{"embeddable":true,"href":"https:\/\/www.leccecronaca.it\/index.php\/wp-json\/wp\/v2\/users\/4"}],"replies":[{"embeddable":true,"href":"https:\/\/www.leccecronaca.it\/index.php\/wp-json\/wp\/v2\/comments?post=188438"}],"version-history":[{"count":1,"href":"https:\/\/www.leccecronaca.it\/index.php\/wp-json\/wp\/v2\/posts\/188438\/revisions"}],"predecessor-version":[{"id":188442,"href":"https:\/\/www.leccecronaca.it\/index.php\/wp-json\/wp\/v2\/posts\/188438\/revisions\/188442"}],"wp:featuredmedia":[{"embeddable":true,"href":"https:\/\/www.leccecronaca.it\/index.php\/wp-json\/wp\/v2\/media\/188441"}],"wp:attachment":[{"href":"https:\/\/www.leccecronaca.it\/index.php\/wp-json\/wp\/v2\/media?parent=188438"}],"wp:term":[{"taxonomy":"category","embeddable":true,"href":"https:\/\/www.leccecronaca.it\/index.php\/wp-json\/wp\/v2\/categories?post=188438"},{"taxonomy":"post_tag","embeddable":true,"href":"https:\/\/www.leccecronaca.it\/index.php\/wp-json\/wp\/v2\/tags?post=188438"}],"curies":[{"name":"wp","href":"https:\/\/api.w.org\/{rel}","templated":true}]}}