{"id":188723,"date":"2021-09-21T16:48:26","date_gmt":"2021-09-21T14:48:26","guid":{"rendered":"http:\/\/www.leccecronaca.it\/?p=188723"},"modified":"2021-09-21T16:52:15","modified_gmt":"2021-09-21T14:52:15","slug":"saverio-sticchi-damiani-a-tutto-campo","status":"publish","type":"post","link":"https:\/\/www.leccecronaca.it\/index.php\/2021\/09\/21\/saverio-sticchi-damiani-a-tutto-campo\/","title":{"rendered":"SAVERIO STICCHI DAMIANI &#8230;A TUTTO CAMPO"},"content":{"rendered":"<p><strong><img decoding=\"async\" loading=\"lazy\" class=\"alignnone size-full wp-image-184524\" src=\"https:\/\/www.leccecronaca.it\/wordpress\/wp-content\/uploads\/2021\/06\/sticchi-damiani.jpg\" alt=\"\" width=\"1264\" height=\"2048\" srcset=\"https:\/\/www.leccecronaca.it\/wordpress\/wp-content\/uploads\/2021\/06\/sticchi-damiani.jpg 1264w, https:\/\/www.leccecronaca.it\/wordpress\/wp-content\/uploads\/2021\/06\/sticchi-damiani-185x300.jpg 185w, https:\/\/www.leccecronaca.it\/wordpress\/wp-content\/uploads\/2021\/06\/sticchi-damiani-632x1024.jpg 632w, https:\/\/www.leccecronaca.it\/wordpress\/wp-content\/uploads\/2021\/06\/sticchi-damiani-768x1244.jpg 768w, https:\/\/www.leccecronaca.it\/wordpress\/wp-content\/uploads\/2021\/06\/sticchi-damiani-948x1536.jpg 948w\" sizes=\"(max-width: 1264px) 100vw, 1264px\" \/>(m.a)______<\/strong><\/p>\n<p>Il presidente del <strong>Lecce Saverio Sticchi Damiani <\/strong>(nella foto), ospite di <strong>&#8220;Piazza Giallorossa&#8221;<\/strong>, programma di approfondimento sportivo in onda su<strong> Telerama<\/strong>, ha affrontato diversi temo inerenti il club salentino.<\/p>\n<p>Di seguito le sue dichiarazioni:<\/p>\n<p><strong>RISULTATI<\/strong>: <em>&#8220;In termini di risultati \u00e8 stato un buon weekend, con le vittorie di prima squadra, Primavera e under 17. Per quanto riguarda la prestazione, abbiamo giocato peggio rispetto a Benevento. Ho rivisto la partita, non \u00e8 semplice giocare con 35 gradi, e il nostro terreno di gioco non sta bene. Ci sono comunque state lacune nella prestazione colmate dalla voglia di vincere. I gol subiti ce li siamo fatti da soli. Non bisogna far finta di non vedere. I tre punti tutto sommato sono pesantissimi&#8221;.<\/em><\/p>\n<p><strong>PABLO RODRIGUEZ<\/strong>: <em>&#8220;Pablito \u00e8 stato un investimento importante. Nel nostro modello tattico la sua presenza \u00e8 ben delineata, lo ha confermato oggi Baroni. E&#8217; un patrimonio della societ\u00e0 e abbiamo interesse a valorizzarlo. Il nostro schieramento tattico prevede quattro difensori e due esterni.\u00a0 Pu\u00f2 giocare con Coda tranquillamente, il mister lo sa. Non possiamo subordinare la figura della societ\u00e0 a quella del singolo calciatore&#8221;.<\/em><\/p>\n<p><strong>PROGETTO<\/strong>: <em>&#8220;Fare questo progetto in tempi di pandemia, con giocatori giovani e di propriet\u00e0, non \u00e8 facile, soprattutto in un campionato caratterizzato da tante propriet\u00e0 che hanno investito tanto. Le dinamiche della cadetteria stanno somigliano alla A, infatti le neopromosse di quest&#8217;anno stanno avendo difficolt\u00e0. Col cambio di direzione tecnica abbiamo dovuto lavorare molto sulle uscite perch\u00e9 molti calciatori avevano stipendi da Serie A. Volevamo gi\u00e0 farlo lo scorso anno, ma in molti non avevano mercato. Alcuni di loro poi se la prendevano col club, in quanto pensavano che tutto il mondo li cercasse. La retrocessione\u00a0 \u00e8 stata devastante, ma nonostante si \u00e8 tenuto botta con due anni di anticipo rispetto al progetto triennale. Col mercato di quest&#8217;anno abbiamo pensato a patrimonializzare con calciatori giovani e di propriet\u00e0. Abbiamo stabilito una sistemazione tattica, il 4-3-3, e abbiamo scelto un allenatore che sposasse quel progetto. La scorsa stagione con il 4-3-1-2 abbiamo vinto poco e subito tanti gol, ed era inoltre in discrasia col settore giovanile &#8220;.<\/em><\/p>\n<p><strong>GIOVANI<\/strong>: <em>&#8220;La societ\u00e0 va\u00a0 sempre al centro, niente va subordinato alla forma di un giocatore in un tale momento. Ci sono giocatori giovani\u00a0 che hanno avuto infortuni come Vera e Gallo. Ci\u00f2 ha creato un clima ostile e i ragazzi sono andati in bambola. Il tifoso \u00e8 libero di esprimersi, magari sarebbe meglio farlo alla fine. Per\u00f2 Vera e Gallo si sono spenti e dieci minuti dopo l&#8217;errore sono stati pi\u00f9 brutti diciamo. I ragazzi vanno tutelati e accompagnati, non bisogna bruciare talenti&#8221;.<\/em><\/p>\n<p><strong>SETTIMO ANNO<\/strong>: <em>&#8220;Questo \u00e8 il nostro settimo anno di propriet\u00e0. Non abbiamo mai chiuso un bilancio in attivo, nemmeno in pareggio. Abbiamo rilevato la societ\u00e0 in C con una rosa che aveva un&#8217;et\u00e0 media di 32 anni, abbiamo risanato tutto e abbiamo vinto il campionato di C. In B poi abbiamo visto che stava partendo qualcosa ed \u00e8 subentrata la passione. Avevamo preventivato di stare qualche anno in B ma poi \u00e8 subentrata la passione. La A \u00e8 arrivata, e abbiamo speso tanto&#8221;.<\/em><\/p>\n<p><strong>SERIE A<\/strong>: <em>&#8220;Il vero problema \u00e8 stato in Serie A, e mi prendo meriti e demeriti. Non abbiamo centrato la salvezza, e siamo retrocessi con una decina di prestiti. Soltanto Gabriel e Gallo sono stati valori aggiunti di\u00a0 quella stagione, il resto lo avevamo gi\u00e0 dalla B. Majer lo avevamo gi\u00e0 dalla B, poi abbiamo preso Shakhov, Vera e Benzar, ceduti in seguito. C&#8217;\u00e8 stato un bagno di sangue dal punto di vista economico, e poi dei calciatori nostri, scesi dalla A non erano pi\u00f9 meravigliosi diciamo&#8221;.<\/em><\/p>\n<p><strong>CURVA NORD<\/strong>: <em>&#8220;Lo striscione della Nord che accusava la societ\u00e0 di fare profitto? Mi ha sorpreso sinceramente, noi non abbiamo mai fatto profitto, ma abbiamo avuto solo perdite. Io comunque non me la prendo, non sono permaloso. Se l&#8217;ultras ha percepito questo vuol dire che non siamo stati bravi a comunicare. Se il tifoso pensa l&#8217;opposto della realt\u00e0 stiamo sbagliando noi. Abbiamo parlato troppo di bilanci e soldi, sbagliando, ma il dato oggettivo che da tre anni siamo in perdita. Mi auguro che la Nord torni presto, la squadra ha bisogno del tifo della Curva, che\u00a0 \u00a0copre il tifoso isolato che demolisce e fischia per il singolo errore&#8221;.<\/em><\/p>\n<p><strong>GIOVANI<\/strong>: <em>&#8220;Ora quando ci sono le convocazioni in Nazionale mandiamo 10 giocatori. La Primavera 1 \u00e8 un altro mondo rispetto alla Primavera 2, e anche in prima squadra ci sono elementi giovani. Ora i &#8220;vecchi&#8221; sono i 1996, ma i risultati non arrivano con la bacchetta magica. Oltremarini( attaccante Primavera) sta per tornare, stessa cosa per Felici, che dopo un periodo di condizionamento in Primavera si trasferir\u00e0 in prima squadra. Ciucci e Macr\u00ec invece hanno avuto due brutti infortuni&#8221;.<\/em><\/p>\n<p><strong>STRUTTURE<\/strong>: <em>&#8220;Stiamo investendo sulle strutture di allenamento, abbiamo tutto ad Acaya. L&#8217;infermeria sembra un vero e proprio reparto di ospedale. In molti pensano che io dica queste cose per coprire il risultato negativo. A me non frega nulla perch\u00e9 \u00e8 la verit\u00e0&#8221;.<\/em><\/p>\n<p><strong>ARBITRI<\/strong>: <em>&#8220;A Cremona abbiamo perso un gol regolare. Si sta parlando tantissimo dell&#8217;espulsione di Tuia. Il patron dell&#8217;Alessandria parla di forze esterne che hanno influenzato la partita, forse si \u00e8 fatto condizionare pure lui. Il gol del 3-2 all&#8217;Alessandria era regolare, Lucioni tocca la palla di coscia&#8221;.<\/em><\/p>\n<p><strong>LAVORI ALLO STADIO<\/strong>: <em>&#8220;Stiamo realizzando alcuni skybox, per la copertura invece stiamo aspettando la risposta del Coni per un finanziamento. Sento costantemente Giovanni Malag\u00f2&#8221;.<\/em><\/p>\n<p><strong>SOCIETA&#8217;<\/strong>: <em>&#8220;Probabilmente qualcosa di nuovo ci sar\u00e0. Affronteremo questi discorsi tra settembre e ottobre. De Picciotto ci sar\u00e0. Le novit\u00e0 saranno in termini di governance&#8221;.______<\/em><\/p>\n<p>LA RICERCA nel nostro articolo di ieri sera<\/p>\n<blockquote class=\"wp-embedded-content\" data-secret=\"SiT0nQYrUX\"><p><a href=\"https:\/\/www.leccecronaca.it\/index.php\/2021\/09\/20\/anteprima-di-crotone-lecce-martedi-21-ore-20-30\/\">ANTEPRIMA DI CROTONE-LECCE, MARTEDI&#8217; 21 ORE 20.30<\/a><\/p><\/blockquote>\n<p><iframe class=\"wp-embedded-content\" sandbox=\"allow-scripts\" security=\"restricted\" style=\"position: absolute; clip: rect(1px, 1px, 1px, 1px);\" src=\"https:\/\/www.leccecronaca.it\/index.php\/2021\/09\/20\/anteprima-di-crotone-lecce-martedi-21-ore-20-30\/embed\/#?secret=SiT0nQYrUX\" data-secret=\"SiT0nQYrUX\" width=\"500\" height=\"282\" title=\"&#8220;ANTEPRIMA DI CROTONE-LECCE, MARTEDI&#8217; 21 ORE 20.30&#8221; &#8212; LecceCronaca.it\" frameborder=\"0\" marginwidth=\"0\" marginheight=\"0\" scrolling=\"no\"><\/iframe><\/p>\n<p>&nbsp;<\/p>\n<p>&nbsp;<\/p>\n<p>&nbsp;<\/p>\n<fb:like href='https:\/\/www.leccecronaca.it\/index.php\/2021\/09\/21\/saverio-sticchi-damiani-a-tutto-campo\/' send='true' layout='button_count' show_faces='true' width='450' height='65' action='recommend' colorscheme='light' font='lucida grande'><\/fb:like><span class=\"fb_share\"><fb:like href=\"https:\/\/www.leccecronaca.it\/index.php\/2021\/09\/21\/saverio-sticchi-damiani-a-tutto-campo\/\" layout=\"button_count\"><\/fb:like><\/span>","protected":false},"excerpt":{"rendered":"<p>(m.a)______ Il presidente del Lecce Saverio Sticchi Damiani (nella foto), ospite di &#8220;Piazza Giallorossa&#8221;, programma di approfondimento sportivo in onda su Telerama, ha affrontato diversi temo inerenti il club salentino. Di seguito le sue dichiarazioni: RISULTATI: &#8220;In termini di risultati \u00e8 stato un buon weekend, con le vittorie di prima squadra, Primavera e under 17. [&hellip;]<\/p>\n","protected":false},"author":4,"featured_media":184524,"comment_status":"open","ping_status":"closed","sticky":false,"template":"","format":"standard","meta":[],"categories":[28],"tags":[],"_links":{"self":[{"href":"https:\/\/www.leccecronaca.it\/index.php\/wp-json\/wp\/v2\/posts\/188723"}],"collection":[{"href":"https:\/\/www.leccecronaca.it\/index.php\/wp-json\/wp\/v2\/posts"}],"about":[{"href":"https:\/\/www.leccecronaca.it\/index.php\/wp-json\/wp\/v2\/types\/post"}],"author":[{"embeddable":true,"href":"https:\/\/www.leccecronaca.it\/index.php\/wp-json\/wp\/v2\/users\/4"}],"replies":[{"embeddable":true,"href":"https:\/\/www.leccecronaca.it\/index.php\/wp-json\/wp\/v2\/comments?post=188723"}],"version-history":[{"count":4,"href":"https:\/\/www.leccecronaca.it\/index.php\/wp-json\/wp\/v2\/posts\/188723\/revisions"}],"predecessor-version":[{"id":188728,"href":"https:\/\/www.leccecronaca.it\/index.php\/wp-json\/wp\/v2\/posts\/188723\/revisions\/188728"}],"wp:featuredmedia":[{"embeddable":true,"href":"https:\/\/www.leccecronaca.it\/index.php\/wp-json\/wp\/v2\/media\/184524"}],"wp:attachment":[{"href":"https:\/\/www.leccecronaca.it\/index.php\/wp-json\/wp\/v2\/media?parent=188723"}],"wp:term":[{"taxonomy":"category","embeddable":true,"href":"https:\/\/www.leccecronaca.it\/index.php\/wp-json\/wp\/v2\/categories?post=188723"},{"taxonomy":"post_tag","embeddable":true,"href":"https:\/\/www.leccecronaca.it\/index.php\/wp-json\/wp\/v2\/tags?post=188723"}],"curies":[{"name":"wp","href":"https:\/\/api.w.org\/{rel}","templated":true}]}}