{"id":188799,"date":"2021-09-23T17:32:20","date_gmt":"2021-09-23T15:32:20","guid":{"rendered":"http:\/\/www.leccecronaca.it\/?p=188799"},"modified":"2021-10-02T14:28:52","modified_gmt":"2021-10-02T12:28:52","slug":"il-lecce-apre-le-porte-dellacaya-golf-resort-vi-raccontiamo-la-quotidianita-dei-giallorossi","status":"publish","type":"post","link":"https:\/\/www.leccecronaca.it\/index.php\/2021\/09\/23\/il-lecce-apre-le-porte-dellacaya-golf-resort-vi-raccontiamo-la-quotidianita-dei-giallorossi\/","title":{"rendered":"IL REPORTAGE \/ IL LECCE APRE LE PORTE DELL&#8217;ACAYA GOLF RESORT"},"content":{"rendered":"<p><strong> VI RACCONTIAMO LA QUOTIDIANITA&#8217; DEI GIALLOROSSI<\/strong><\/p>\n<p>di<strong> Mattia Ala______<\/strong><\/p>\n<p>Giornata speciale\u00a0 in casa<strong> Lecce<\/strong>.<\/p>\n<p>Questa mattina la societ\u00e0 giallorossa ha aperto le porte dell&#8217;<strong>Acaya Golf Resort<\/strong>, quartier generale della squadra, a tutte le testate locali per svelare\u00a0 quelli che sono i luoghi, le strutture e tutte le figure professionali\u00a0 di cui i calciatori usufruiscono per allenarsi al meglio durante la settimana.<\/p>\n<p>Evento voluto fortemente dai massimi dirigenti del club di via Colonnello Costadura volto a\u00a0 raccontare\u00a0 \u00a0tutti gli investimenti\u00a0 effettuati per non lasciare nulla al caso e\u00a0 rendere sempre pi\u00f9 confortevole il lavoro del gruppo squadra.<\/p>\n<p>Allora siete pronti a scoprire in che modo\u00a0 e dove il sodalizio salentino\u00a0 trascorre\u00a0 la\u00a0 quotidianit\u00e0?<\/p>\n<p>Cominciamo insieme\u00a0 il nostro viaggio nel cuore\u00a0 dell&#8217;<strong>Acaya Golf Resort<\/strong>&#8230;&#8230;. cercheremo di darvi conto per quanto possibile\u00a0 di ogni singolo dettaglio appreso&#8230;.<\/p>\n<p><img decoding=\"async\" loading=\"lazy\" class=\"alignnone size-full wp-image-188800\" src=\"https:\/\/www.leccecronaca.it\/wordpress\/wp-content\/uploads\/2021\/09\/secondo-campo-lecce.jpg\" alt=\"\" width=\"768\" height=\"1024\" srcset=\"https:\/\/www.leccecronaca.it\/wordpress\/wp-content\/uploads\/2021\/09\/secondo-campo-lecce.jpg 768w, https:\/\/www.leccecronaca.it\/wordpress\/wp-content\/uploads\/2021\/09\/secondo-campo-lecce-225x300.jpg 225w\" sizes=\"(max-width: 768px) 100vw, 768px\" \/><\/p>\n<p>&nbsp;<\/p>\n<p>&nbsp;<\/p>\n<ol>\n<li>Quello\u00a0 che vedete nella foto sopra\u00a0 \u00a0\u00e8 il secondo campo, costruito con la medesima erba dello stadio Via del Mare, su cui i giallorossi\u00a0 effettuano piccole partitelle e si allenano per affinare i calci piazzati.<\/li>\n<\/ol>\n<p>&nbsp;<\/p>\n<p>&nbsp;<\/p>\n<p>&nbsp;<\/p>\n<p>2. Proseguendo\u00a0 il nostro percorso, ci troviamo sempre\u00a0 all&#8217;esterno dell&#8217;Acaya Golf Resort,\u00a0 \u00a0andiamo\u00a0 a vedere le palestre dei calciatori.<\/p>\n<p>&nbsp;<\/p>\n<p>Osservate nell&#8217; immagine qui sotto\u00a0 la prima\u00a0 \u00a0palestra, dopo vedremo la seconda\u00a0 dedicata esclusivamente ai portieri,\u00a0 \u00a0completamente ristrutturata per volere di <strong>Pantaleo Corvino<\/strong>, con attrezzi di nuova generazione e con dei televisori grazie a cui\u00a0 i calciatori\u00a0 ascoltano\u00a0 musica e talvolta, ricevono\u00a0 dei messaggi interattivi dal preparatore atletico per un lavoro specifico.<\/p>\n<p><img decoding=\"async\" loading=\"lazy\" class=\"alignnone size-full wp-image-188801\" src=\"https:\/\/www.leccecronaca.it\/wordpress\/wp-content\/uploads\/2021\/09\/palestra-1.jpg\" alt=\"\" width=\"996\" height=\"1024\" srcset=\"https:\/\/www.leccecronaca.it\/wordpress\/wp-content\/uploads\/2021\/09\/palestra-1.jpg 996w, https:\/\/www.leccecronaca.it\/wordpress\/wp-content\/uploads\/2021\/09\/palestra-1-292x300.jpg 292w, https:\/\/www.leccecronaca.it\/wordpress\/wp-content\/uploads\/2021\/09\/palestra-1-768x790.jpg 768w\" sizes=\"(max-width: 996px) 100vw, 996px\" \/><\/p>\n<p>&nbsp;<\/p>\n<p>&nbsp;<\/p>\n<p><img decoding=\"async\" loading=\"lazy\" class=\"alignnone size-full wp-image-188802\" src=\"https:\/\/www.leccecronaca.it\/wordpress\/wp-content\/uploads\/2021\/09\/palestra-2.jpg\" alt=\"\" width=\"768\" height=\"1024\" srcset=\"https:\/\/www.leccecronaca.it\/wordpress\/wp-content\/uploads\/2021\/09\/palestra-2.jpg 768w, https:\/\/www.leccecronaca.it\/wordpress\/wp-content\/uploads\/2021\/09\/palestra-2-225x300.jpg 225w\" sizes=\"(max-width: 768px) 100vw, 768px\" \/><\/p>\n<p>&nbsp;<\/p>\n<p>&nbsp;<\/p>\n<p>&nbsp;<\/p>\n<p>3. Come dicevamo pocanzi,\u00a0 poco distante\u00a0 sulla sinistra\u00a0 \u00e8 situata\u00a0 la palestra\u00a0 nella quale si allenano esclusivamente\u00a0 \u00a0i <strong>portieri<\/strong> assieme al preparatore <strong>Gigi Sassanelli.\u00a0<\/strong><\/p>\n<p>Entriamoci idealmente attraverso le foto;<\/p>\n<p><img decoding=\"async\" loading=\"lazy\" class=\"alignnone size-full wp-image-188803\" src=\"https:\/\/www.leccecronaca.it\/wordpress\/wp-content\/uploads\/2021\/09\/palestra-portieri-1.jpg\" alt=\"\" width=\"768\" height=\"1024\" srcset=\"https:\/\/www.leccecronaca.it\/wordpress\/wp-content\/uploads\/2021\/09\/palestra-portieri-1.jpg 768w, https:\/\/www.leccecronaca.it\/wordpress\/wp-content\/uploads\/2021\/09\/palestra-portieri-1-225x300.jpg 225w\" sizes=\"(max-width: 768px) 100vw, 768px\" \/><\/p>\n<p>&nbsp;<\/p>\n<p>&nbsp;<\/p>\n<p><img decoding=\"async\" loading=\"lazy\" class=\"alignnone size-full wp-image-188804\" src=\"https:\/\/www.leccecronaca.it\/wordpress\/wp-content\/uploads\/2021\/09\/palestra-portieri-2.jpg\" alt=\"\" width=\"768\" height=\"1024\" srcset=\"https:\/\/www.leccecronaca.it\/wordpress\/wp-content\/uploads\/2021\/09\/palestra-portieri-2.jpg 768w, https:\/\/www.leccecronaca.it\/wordpress\/wp-content\/uploads\/2021\/09\/palestra-portieri-2-225x300.jpg 225w\" sizes=\"(max-width: 768px) 100vw, 768px\" \/><\/p>\n<p>&nbsp;<\/p>\n<p>&nbsp;<\/p>\n<p><img decoding=\"async\" loading=\"lazy\" class=\"alignnone size-full wp-image-188805\" src=\"https:\/\/www.leccecronaca.it\/wordpress\/wp-content\/uploads\/2021\/09\/palestra-portieri-3.jpg\" alt=\"\" width=\"535\" height=\"1024\" srcset=\"https:\/\/www.leccecronaca.it\/wordpress\/wp-content\/uploads\/2021\/09\/palestra-portieri-3.jpg 535w, https:\/\/www.leccecronaca.it\/wordpress\/wp-content\/uploads\/2021\/09\/palestra-portieri-3-157x300.jpg 157w\" sizes=\"(max-width: 535px) 100vw, 535px\" \/><\/p>\n<p>&nbsp;<\/p>\n<p>&nbsp;<\/p>\n<p>&nbsp;<\/p>\n<p>4. Rientrando all&#8217;interno della struttura andiamo a dare un&#8217;occhiata\u00a0 dentro lo\u00a0<strong>\u00a0spogliatoio<\/strong> dello <strong>staff tecnico<\/strong> ( prima foto ) e all&#8217;<strong>ufficio<\/strong> ( seconda foto ), appartenente\u00a0 sempre a <strong>Baroni<\/strong> e\u00a0 collaboratori;<\/p>\n<p><img decoding=\"async\" loading=\"lazy\" class=\"alignnone size-full wp-image-188806\" src=\"https:\/\/www.leccecronaca.it\/wordpress\/wp-content\/uploads\/2021\/09\/spogliatioi-staff-tecnico.jpg\" alt=\"\" width=\"1536\" height=\"2048\" srcset=\"https:\/\/www.leccecronaca.it\/wordpress\/wp-content\/uploads\/2021\/09\/spogliatioi-staff-tecnico.jpg 1536w, https:\/\/www.leccecronaca.it\/wordpress\/wp-content\/uploads\/2021\/09\/spogliatioi-staff-tecnico-225x300.jpg 225w, https:\/\/www.leccecronaca.it\/wordpress\/wp-content\/uploads\/2021\/09\/spogliatioi-staff-tecnico-768x1024.jpg 768w, https:\/\/www.leccecronaca.it\/wordpress\/wp-content\/uploads\/2021\/09\/spogliatioi-staff-tecnico-1152x1536.jpg 1152w\" sizes=\"(max-width: 1536px) 100vw, 1536px\" \/><\/p>\n<p>&nbsp;<\/p>\n<p>&nbsp;<\/p>\n<p><img decoding=\"async\" loading=\"lazy\" class=\"alignnone size-full wp-image-188807\" src=\"https:\/\/www.leccecronaca.it\/wordpress\/wp-content\/uploads\/2021\/09\/ufficio-staff-tecnico.jpg\" alt=\"\" width=\"1536\" height=\"2048\" srcset=\"https:\/\/www.leccecronaca.it\/wordpress\/wp-content\/uploads\/2021\/09\/ufficio-staff-tecnico.jpg 1536w, https:\/\/www.leccecronaca.it\/wordpress\/wp-content\/uploads\/2021\/09\/ufficio-staff-tecnico-225x300.jpg 225w, https:\/\/www.leccecronaca.it\/wordpress\/wp-content\/uploads\/2021\/09\/ufficio-staff-tecnico-768x1024.jpg 768w, https:\/\/www.leccecronaca.it\/wordpress\/wp-content\/uploads\/2021\/09\/ufficio-staff-tecnico-1152x1536.jpg 1152w\" sizes=\"(max-width: 1536px) 100vw, 1536px\" \/><\/p>\n<p>&nbsp;<\/p>\n<p>&nbsp;<\/p>\n<p>&nbsp;<\/p>\n<p>&nbsp;<\/p>\n<p>5) Dove\u00a0 recuperano\u00a0 i calciatori dopo un\u00a0 infortunio?<\/p>\n<p>Ecco a voi la <strong>sala fisioterapia<\/strong> ( prima e seconda foto)\u00a0 , in cui\u00a0 l&#8217;equipe del\u00a0 \u00a0dottor. <strong>Congedo<\/strong> ( terza immagine )\u00a0 lavora incessantemente con l&#8217;ausilio di\u00a0 strumentazione tutta nuova\u00a0 \u00a0per permettere ai calciatori giallorossi di\u00a0 recuperare al meglio&#8230;.<\/p>\n<p><img decoding=\"async\" loading=\"lazy\" class=\"alignnone size-full wp-image-188808\" src=\"https:\/\/www.leccecronaca.it\/wordpress\/wp-content\/uploads\/2021\/09\/sala-fisioetrapia-3.jpg\" alt=\"\" width=\"1536\" height=\"2048\" srcset=\"https:\/\/www.leccecronaca.it\/wordpress\/wp-content\/uploads\/2021\/09\/sala-fisioetrapia-3.jpg 1536w, https:\/\/www.leccecronaca.it\/wordpress\/wp-content\/uploads\/2021\/09\/sala-fisioetrapia-3-225x300.jpg 225w, https:\/\/www.leccecronaca.it\/wordpress\/wp-content\/uploads\/2021\/09\/sala-fisioetrapia-3-768x1024.jpg 768w, https:\/\/www.leccecronaca.it\/wordpress\/wp-content\/uploads\/2021\/09\/sala-fisioetrapia-3-1152x1536.jpg 1152w\" sizes=\"(max-width: 1536px) 100vw, 1536px\" \/><\/p>\n<p>&nbsp;<\/p>\n<p>&nbsp;<\/p>\n<p><img decoding=\"async\" loading=\"lazy\" class=\"alignnone size-full wp-image-188809\" src=\"https:\/\/www.leccecronaca.it\/wordpress\/wp-content\/uploads\/2021\/09\/sala-fisioterapia-1.jpg\" alt=\"\" width=\"2048\" height=\"1778\" srcset=\"https:\/\/www.leccecronaca.it\/wordpress\/wp-content\/uploads\/2021\/09\/sala-fisioterapia-1.jpg 2048w, https:\/\/www.leccecronaca.it\/wordpress\/wp-content\/uploads\/2021\/09\/sala-fisioterapia-1-300x260.jpg 300w, https:\/\/www.leccecronaca.it\/wordpress\/wp-content\/uploads\/2021\/09\/sala-fisioterapia-1-1024x889.jpg 1024w, https:\/\/www.leccecronaca.it\/wordpress\/wp-content\/uploads\/2021\/09\/sala-fisioterapia-1-768x667.jpg 768w, https:\/\/www.leccecronaca.it\/wordpress\/wp-content\/uploads\/2021\/09\/sala-fisioterapia-1-1536x1334.jpg 1536w\" sizes=\"(max-width: 2048px) 100vw, 2048px\" \/><\/p>\n<p>&nbsp;<\/p>\n<p>&nbsp;<\/p>\n<p>&nbsp;<\/p>\n<p><img decoding=\"async\" loading=\"lazy\" class=\"alignnone size-full wp-image-188810\" src=\"https:\/\/www.leccecronaca.it\/wordpress\/wp-content\/uploads\/2021\/09\/squadra-dottore-congedo.jpg\" alt=\"\" width=\"1378\" height=\"1224\" srcset=\"https:\/\/www.leccecronaca.it\/wordpress\/wp-content\/uploads\/2021\/09\/squadra-dottore-congedo.jpg 1378w, https:\/\/www.leccecronaca.it\/wordpress\/wp-content\/uploads\/2021\/09\/squadra-dottore-congedo-300x266.jpg 300w, https:\/\/www.leccecronaca.it\/wordpress\/wp-content\/uploads\/2021\/09\/squadra-dottore-congedo-1024x910.jpg 1024w, https:\/\/www.leccecronaca.it\/wordpress\/wp-content\/uploads\/2021\/09\/squadra-dottore-congedo-768x682.jpg 768w\" sizes=\"(max-width: 1378px) 100vw, 1378px\" \/><\/p>\n<p>&nbsp;<\/p>\n<p>&nbsp;<\/p>\n<p>Prima di ogni allenamento,\u00a0 e anche di ogni match\u00a0 \u00a0a dire il vero, il magazziniere <strong>Giovanni Fasano<\/strong> provvede a sistemare le divise che poi i giocatori indosseranno sul terreno di gioco. Ecco a voi le immagini:<\/p>\n<p><img decoding=\"async\" loading=\"lazy\" class=\"alignnone size-full wp-image-188818\" src=\"https:\/\/www.leccecronaca.it\/wordpress\/wp-content\/uploads\/2021\/09\/giovanni-fasano.jpg\" alt=\"\" width=\"1536\" height=\"2048\" srcset=\"https:\/\/www.leccecronaca.it\/wordpress\/wp-content\/uploads\/2021\/09\/giovanni-fasano.jpg 1536w, https:\/\/www.leccecronaca.it\/wordpress\/wp-content\/uploads\/2021\/09\/giovanni-fasano-225x300.jpg 225w, https:\/\/www.leccecronaca.it\/wordpress\/wp-content\/uploads\/2021\/09\/giovanni-fasano-768x1024.jpg 768w, https:\/\/www.leccecronaca.it\/wordpress\/wp-content\/uploads\/2021\/09\/giovanni-fasano-1152x1536.jpg 1152w\" sizes=\"(max-width: 1536px) 100vw, 1536px\" \/><\/p>\n<p>&nbsp;<\/p>\n<p>&nbsp;<\/p>\n<p><img decoding=\"async\" loading=\"lazy\" class=\"alignnone size-full wp-image-188819\" src=\"https:\/\/www.leccecronaca.it\/wordpress\/wp-content\/uploads\/2021\/09\/kit-da-gioco.jpg\" alt=\"\" width=\"1873\" height=\"2001\" srcset=\"https:\/\/www.leccecronaca.it\/wordpress\/wp-content\/uploads\/2021\/09\/kit-da-gioco.jpg 1873w, https:\/\/www.leccecronaca.it\/wordpress\/wp-content\/uploads\/2021\/09\/kit-da-gioco-281x300.jpg 281w, https:\/\/www.leccecronaca.it\/wordpress\/wp-content\/uploads\/2021\/09\/kit-da-gioco-958x1024.jpg 958w, https:\/\/www.leccecronaca.it\/wordpress\/wp-content\/uploads\/2021\/09\/kit-da-gioco-768x820.jpg 768w, https:\/\/www.leccecronaca.it\/wordpress\/wp-content\/uploads\/2021\/09\/kit-da-gioco-1438x1536.jpg 1438w\" sizes=\"(max-width: 1873px) 100vw, 1873px\" \/><\/p>\n<p>&nbsp;<\/p>\n<p>&nbsp;<\/p>\n<p>&nbsp;<\/p>\n<p>7. E ora\u00a0 pronti per scendere in\u00a0 campo!<\/p>\n<p>Concentriamoci adesso sulle sedute di allenamento dei giallorossi sul\u00a0 campo centrale.<\/p>\n<p>Nei primi\u00a0 minuti i calciatori svolgono gli esercizi di riscaldamento col preparatore atletico , per poi passare alla parte tattica agli ordini di mister <strong>Baroni<\/strong>.<\/p>\n<p>Il tutto sotto lo sguardo vigile del presidente <strong>Saverio Sticchi Damiani<\/strong> e del Responsabile dell&#8217;area tecnica <strong>Pantaleo Corvino<\/strong>;<\/p>\n<p>&nbsp;<\/p>\n<p><img decoding=\"async\" loading=\"lazy\" class=\"alignnone size-full wp-image-188811\" src=\"https:\/\/www.leccecronaca.it\/wordpress\/wp-content\/uploads\/2021\/09\/allenamento-giallorossi.jpg\" alt=\"\" width=\"1536\" height=\"2048\" srcset=\"https:\/\/www.leccecronaca.it\/wordpress\/wp-content\/uploads\/2021\/09\/allenamento-giallorossi.jpg 1536w, https:\/\/www.leccecronaca.it\/wordpress\/wp-content\/uploads\/2021\/09\/allenamento-giallorossi-225x300.jpg 225w, https:\/\/www.leccecronaca.it\/wordpress\/wp-content\/uploads\/2021\/09\/allenamento-giallorossi-768x1024.jpg 768w, https:\/\/www.leccecronaca.it\/wordpress\/wp-content\/uploads\/2021\/09\/allenamento-giallorossi-1152x1536.jpg 1152w\" sizes=\"(max-width: 1536px) 100vw, 1536px\" \/><\/p>\n<p>&nbsp;<\/p>\n<p><img decoding=\"async\" loading=\"lazy\" class=\"alignnone size-full wp-image-188812\" src=\"https:\/\/www.leccecronaca.it\/wordpress\/wp-content\/uploads\/2021\/09\/allenamento-giallorossi-4.jpg\" alt=\"\" width=\"1536\" height=\"2048\" srcset=\"https:\/\/www.leccecronaca.it\/wordpress\/wp-content\/uploads\/2021\/09\/allenamento-giallorossi-4.jpg 1536w, https:\/\/www.leccecronaca.it\/wordpress\/wp-content\/uploads\/2021\/09\/allenamento-giallorossi-4-225x300.jpg 225w, https:\/\/www.leccecronaca.it\/wordpress\/wp-content\/uploads\/2021\/09\/allenamento-giallorossi-4-768x1024.jpg 768w, https:\/\/www.leccecronaca.it\/wordpress\/wp-content\/uploads\/2021\/09\/allenamento-giallorossi-4-1152x1536.jpg 1152w\" sizes=\"(max-width: 1536px) 100vw, 1536px\" \/><\/p>\n<p>&nbsp;<\/p>\n<p>&nbsp;<\/p>\n<p><img decoding=\"async\" loading=\"lazy\" class=\"alignnone size-full wp-image-188813\" src=\"https:\/\/www.leccecronaca.it\/wordpress\/wp-content\/uploads\/2021\/09\/allenamento-giallorossi-3.jpg\" alt=\"\" width=\"1536\" height=\"2048\" srcset=\"https:\/\/www.leccecronaca.it\/wordpress\/wp-content\/uploads\/2021\/09\/allenamento-giallorossi-3.jpg 1536w, https:\/\/www.leccecronaca.it\/wordpress\/wp-content\/uploads\/2021\/09\/allenamento-giallorossi-3-225x300.jpg 225w, https:\/\/www.leccecronaca.it\/wordpress\/wp-content\/uploads\/2021\/09\/allenamento-giallorossi-3-768x1024.jpg 768w, https:\/\/www.leccecronaca.it\/wordpress\/wp-content\/uploads\/2021\/09\/allenamento-giallorossi-3-1152x1536.jpg 1152w\" sizes=\"(max-width: 1536px) 100vw, 1536px\" \/><\/p>\n<p>&nbsp;<\/p>\n<p>&nbsp;<\/p>\n<p><img decoding=\"async\" loading=\"lazy\" class=\"alignnone size-full wp-image-188814\" src=\"https:\/\/www.leccecronaca.it\/wordpress\/wp-content\/uploads\/2021\/09\/sticchi-damiani-e-corvino.jpg\" alt=\"\" width=\"1536\" height=\"2048\" srcset=\"https:\/\/www.leccecronaca.it\/wordpress\/wp-content\/uploads\/2021\/09\/sticchi-damiani-e-corvino.jpg 1536w, https:\/\/www.leccecronaca.it\/wordpress\/wp-content\/uploads\/2021\/09\/sticchi-damiani-e-corvino-225x300.jpg 225w, https:\/\/www.leccecronaca.it\/wordpress\/wp-content\/uploads\/2021\/09\/sticchi-damiani-e-corvino-768x1024.jpg 768w, https:\/\/www.leccecronaca.it\/wordpress\/wp-content\/uploads\/2021\/09\/sticchi-damiani-e-corvino-1152x1536.jpg 1152w\" sizes=\"(max-width: 1536px) 100vw, 1536px\" \/><\/p>\n<p>&nbsp;<\/p>\n<p>8.\u00a0 Terminiamo il nostro tour virtuale del quartier generale dei giallorossi con la la <strong>sala relax<\/strong>\u00a0 ( nella foto );<\/p>\n<p>Qui i giallorossi hanno l&#8217;opportunit\u00e0 di riposare\u00a0 \u00a0dopo le sedute di allenamento.<\/p>\n<p>&nbsp;<\/p>\n<p><img decoding=\"async\" loading=\"lazy\" class=\"alignnone size-full wp-image-188815\" src=\"https:\/\/www.leccecronaca.it\/wordpress\/wp-content\/uploads\/2021\/09\/sala-relax.jpg\" alt=\"\" width=\"768\" height=\"1024\" srcset=\"https:\/\/www.leccecronaca.it\/wordpress\/wp-content\/uploads\/2021\/09\/sala-relax.jpg 768w, https:\/\/www.leccecronaca.it\/wordpress\/wp-content\/uploads\/2021\/09\/sala-relax-225x300.jpg 225w\" sizes=\"(max-width: 768px) 100vw, 768px\" \/><\/p>\n<p>&nbsp;<\/p>\n<p>&nbsp;<\/p>\n<p>Al termine dell&#8217;incontro, prima del pranzo offerto dalla societ\u00e0 alla stampa, il presidente <strong>Sticchi Damiani<\/strong>\u00a0( nella foto ) ha voluto ringraziare i presenti.<\/p>\n<p>&nbsp;<\/p>\n<p><img decoding=\"async\" loading=\"lazy\" class=\"alignnone size-full wp-image-188816\" src=\"https:\/\/www.leccecronaca.it\/wordpress\/wp-content\/uploads\/2021\/09\/sticchi-damiani.jpg\" alt=\"\" width=\"284\" height=\"1024\" srcset=\"https:\/\/www.leccecronaca.it\/wordpress\/wp-content\/uploads\/2021\/09\/sticchi-damiani.jpg 284w, https:\/\/www.leccecronaca.it\/wordpress\/wp-content\/uploads\/2021\/09\/sticchi-damiani-83x300.jpg 83w\" sizes=\"(max-width: 284px) 100vw, 284px\" \/><\/p>\n<p>Di seguito le sue dichiarazioni: <em>&#8221; Vi ringrazio per\u00a0 essere venuti. Questo incontro lo abbiamo organizzato per dare ai giornalisti la possibilit\u00e0 di vivere la nostra quotidianit\u00e0. Avete visto dove i nostri ragazzi si allenano, pranzano, le palestre e le strutture mediche. Questo \u00e8 parte del progetto che poggia su basi solide. Abbiamo affrontato questo appuntamento col sorriso, siamo stati fortunati perch\u00e9 lo abbiamo organizzato prima di Crotone, ma al di l\u00e0 del risultato sportivo \u00e8 importante trasmettere la nostra quotidianit\u00e0.\u00a0E&#8217; una settimana in cui si viaggia tanto, siamo tornati solo ieri dalla Calabria e domani ripartiremo per Cittadella, impegno che dobbiamo affrontare al massimo. Guai a pensare che sia tutto risolto, il campionato \u00e8 ancora lungo. Il nostro obiettivo \u00e8 crescere il pi\u00f9 velocemente possibile, fare punti e trovare la quadratura. Sono contento che a Crotone abbiamo schierato tre giocatori di nostra propriet\u00e0 del 2000&#8243;.<\/em><\/p>\n<p>&nbsp;<\/p>\n<p>&nbsp;<\/p>\n<p>&nbsp;<\/p>\n<p>&nbsp;<\/p>\n<p>&nbsp;<\/p>\n<p>&nbsp;<\/p>\n<p>&nbsp;<\/p>\n<p>&nbsp;<\/p>\n<fb:like href='https:\/\/www.leccecronaca.it\/index.php\/2021\/09\/23\/il-lecce-apre-le-porte-dellacaya-golf-resort-vi-raccontiamo-la-quotidianita-dei-giallorossi\/' send='true' layout='button_count' show_faces='true' width='450' height='65' action='recommend' colorscheme='light' font='lucida grande'><\/fb:like><span class=\"fb_share\"><fb:like href=\"https:\/\/www.leccecronaca.it\/index.php\/2021\/09\/23\/il-lecce-apre-le-porte-dellacaya-golf-resort-vi-raccontiamo-la-quotidianita-dei-giallorossi\/\" layout=\"button_count\"><\/fb:like><\/span>","protected":false},"excerpt":{"rendered":"<p>VI RACCONTIAMO LA QUOTIDIANITA&#8217; DEI GIALLOROSSI di Mattia Ala______ Giornata speciale\u00a0 in casa Lecce. Questa mattina la societ\u00e0 giallorossa ha aperto le porte dell&#8217;Acaya Golf Resort, quartier generale della squadra, a tutte le testate locali per svelare\u00a0 quelli che sono i luoghi, le strutture e tutte le figure professionali\u00a0 di cui i calciatori usufruiscono per [&hellip;]<\/p>\n","protected":false},"author":4,"featured_media":188821,"comment_status":"open","ping_status":"closed","sticky":false,"template":"","format":"standard","meta":[],"categories":[28],"tags":[],"_links":{"self":[{"href":"https:\/\/www.leccecronaca.it\/index.php\/wp-json\/wp\/v2\/posts\/188799"}],"collection":[{"href":"https:\/\/www.leccecronaca.it\/index.php\/wp-json\/wp\/v2\/posts"}],"about":[{"href":"https:\/\/www.leccecronaca.it\/index.php\/wp-json\/wp\/v2\/types\/post"}],"author":[{"embeddable":true,"href":"https:\/\/www.leccecronaca.it\/index.php\/wp-json\/wp\/v2\/users\/4"}],"replies":[{"embeddable":true,"href":"https:\/\/www.leccecronaca.it\/index.php\/wp-json\/wp\/v2\/comments?post=188799"}],"version-history":[{"count":6,"href":"https:\/\/www.leccecronaca.it\/index.php\/wp-json\/wp\/v2\/posts\/188799\/revisions"}],"predecessor-version":[{"id":188897,"href":"https:\/\/www.leccecronaca.it\/index.php\/wp-json\/wp\/v2\/posts\/188799\/revisions\/188897"}],"wp:featuredmedia":[{"embeddable":true,"href":"https:\/\/www.leccecronaca.it\/index.php\/wp-json\/wp\/v2\/media\/188821"}],"wp:attachment":[{"href":"https:\/\/www.leccecronaca.it\/index.php\/wp-json\/wp\/v2\/media?parent=188799"}],"wp:term":[{"taxonomy":"category","embeddable":true,"href":"https:\/\/www.leccecronaca.it\/index.php\/wp-json\/wp\/v2\/categories?post=188799"},{"taxonomy":"post_tag","embeddable":true,"href":"https:\/\/www.leccecronaca.it\/index.php\/wp-json\/wp\/v2\/tags?post=188799"}],"curies":[{"name":"wp","href":"https:\/\/api.w.org\/{rel}","templated":true}]}}