{"id":188883,"date":"2021-09-25T22:03:01","date_gmt":"2021-09-25T20:03:01","guid":{"rendered":"http:\/\/www.leccecronaca.it\/?p=188883"},"modified":"2021-09-25T22:20:17","modified_gmt":"2021-09-25T20:20:17","slug":"firme-e-informazioni-la-manifestazione-no-green-pass-di-questa-sera-in-piazza-santoronzo-a-leccecronaca-it-leonardo-magrini-del-comitato-organizzatore-ne-spiega-le-motivazioni-e-lon-veronica-g","status":"publish","type":"post","link":"https:\/\/www.leccecronaca.it\/index.php\/2021\/09\/25\/firme-e-informazioni-la-manifestazione-no-green-pass-di-questa-sera-in-piazza-santoronzo-a-leccecronaca-it-leonardo-magrini-del-comitato-organizzatore-ne-spiega-le-motivazioni-e-lon-veronica-g\/","title":{"rendered":"FIRME E INFORMAZIONI, LA MANIFESTAZIONE NO GREEN PASS DI QUESTA SERA IN PIAZZA SANT&#8217;ORONZO. A leccecronaca.it LEONARDO MAGRINI DEL COMITATO ORGANIZZATORE NE SPIEGA LE MOTIVAZIONI. E L&#8217;ON. VERONICA GIANNONE RACCONTA LE SUE PREOCCUPAZIONI"},"content":{"rendered":"<p><img decoding=\"async\" loading=\"lazy\" class=\"alignnone size-full wp-image-188887\" src=\"https:\/\/www.leccecronaca.it\/wordpress\/wp-content\/uploads\/2021\/09\/1632590204753.jpg\" alt=\"\" width=\"3120\" height=\"4160\" \/>di <strong>Giuseppe Puppo<\/strong>______Pomeriggio di manifestazioni affollate e partecipate contro il green pass oggi in decine di citt\u00e0 italiane, organizzate da diverse associazioni e movimenti.<\/p>\n<p>Altre iniziative si annunciano per la prossima settimana, in particolare quella dei camionisti.<\/p>\n<p>&nbsp;<\/p>\n<p>A Lecce in serata ce n&#8217;\u00e8 una ancora in corso di svolgimento mentre scriviamo, in piazza Sant&#8217;Oronzo, voluta dal Comitato per la Libert\u00e0.<\/p>\n<p>Si tratta di una raccolta firme per un referendum abrogativo, e di un punto informativo su prevenzione, e su cure domiciliari precoci.<\/p>\n<p>&nbsp;<\/p>\n<p>All&#8217;inizio della serata, guadagnandoci un posto a sedere improvvisato sotto i portici, alle spalle del banchetto e dei cartelloni, mentre una cinquantina di persone erano in attesa di poter firmare, siamo andati a fare qualche domanda agli organizzatori.<\/p>\n<p>&nbsp;<\/p>\n<p>A leccecronaca.it parla il presidente del Comitato per la Libert\u00e0, <strong>Leonardo Magrini<\/strong>\u00a0(nella foto),\u00a042 anni, istruttore subacqueo, di Milano, trapiantato nel Salento, a Santa Maria di Leuca, dove ha aperto\u00a0 una scuola per sub.<\/p>\n<p>Racconta di una decina di appuntamenti gi\u00e0 organizzati questa estate, a titolo informativo, e di progetti di interventi concreti negli ambiti della scuola e della sanit\u00e0..<\/p>\n<p>&#8211;\u00a0 Che reazioni ha notato nei cittadini avvicinati con le vostre iniziative? Come \u00e8 andata finora?<\/p>\n<p>&#8211;\u00a0 <strong><em>Beh qualche contestatore, alle nostre contestazioni, lo abbiamo avuto. Ma notiamo che la gente inizia ad aprire gli occhi. Vediamo che le menzogne che vengono raccontate da politici e media sono talmente grandi, da far sorgere in sempre pi\u00f9 persone dubbi e perplessit\u00e0.<\/em><\/strong><\/p>\n<p>&nbsp;<\/p>\n<p>&#8211; Su cosa?<\/p>\n<p>&#8211; <strong><em>Ingenerale sulla gestione dell&#8217;intera questione, in particolare sull&#8217; obbligo di green pass, una palese violazione di diritti che consideravamo intoccabili.<\/em><\/strong><\/p>\n<p>&nbsp;<\/p>\n<p>&#8211; Abbiamo registrato nei giorni scorsi qualche perplessit\u00e0 anche da settori No green pass sul referendum abrogativo che voi insieme ad altri proponete. Ci aggiungerei personalmente le perplessit\u00e0 sull&#8217;uso del referendum in generale, visti gli esiti\u00a0 accumulati nel corso degli ultimi anni in Italia&#8230;Lei che ne pensa?<\/p>\n<p>&#8211; <strong><em>Penso che in Italia sia venuto meno lo Stato di diritto. Il referendum \u00e8 solo uno dei tanti strumenti che stiamo cercando di adoperare per poter uscire da questa situazione. Lo considero comunque uno strumento prezioso per poter fare informazione al riguardo.<\/em><\/strong><\/p>\n<p>&nbsp;<\/p>\n<p>Poi subito dopo rubiamo per qualche minuto all&#8217;attenzione dei presenti che, a distanza di sicurezza, le sono intorno, l&#8217;on. <strong><span style=\"color: #ff0000;\">Veronica Giannone<\/span><\/strong>,\u00a040 anni, di Galatina, eletta alla Camera dei Deputati con il Movimento 5 Stelle, poi espulsa dal Movimento e, dal gennaio di quest\u2019anno, passata a Forza Italia.<\/p>\n<p>A leccecronaca.it Veronica Giannone toglie una curiosit\u00e0, risponde a una perplessit\u00e0, ed esprime una preoccupazione.<\/p>\n<p>&nbsp;<\/p>\n<p>&#8211; L&#8217;altro giorno il presidente della Camera Roberto Fico ha organizzato controlli ad personam agli ingressi di Monte Citorio e ha disposto che per i deputati senza green pass non solo ci sia il divieto di accesso, ma pure l&#8217;intervento sanzionatorio dei Questori. So che lei non \u00e8 certo l&#8217;unica a non avere il green pass, ma lo chiedo a lei, visto che \u00e8 qua&#8230;Come far\u00e0 ad andare a lavorare?<\/p>\n<p>&#8211; <em><span style=\"color: #ff0000;\"><strong>Senza entrare in questioni strettamente personali&#8230;<\/strong><\/span><\/em><\/p>\n<p>&#8211; &#8230;come mi sembra giusto, quante motivazioni personali e riservate stanno dietro a tanti di noi&#8230;<\/p>\n<p>&#8211; <span style=\"color: #ff0000;\"><strong><em>diciamo allora che continuer\u00f2 a svolgere i miei compiti anche da fuori, e quando sar\u00e0 proprio necessario entrare fisicamente nel Palazzo, per riunioni o votazioni, far\u00f2 ogni volta il tampone.<\/em><\/strong><\/span><\/p>\n<p>&nbsp;<\/p>\n<p>&#8211; E su questo referendum, cosa mi dice?<\/p>\n<p>&#8211; <span style=\"color: #ff0000;\"><strong><em>Il referendum, pur con legittime perplessit\u00e0 al riguardo, \u00e8 uno strumento che permette alle persone di esprimere e manifestare concretamente il proprio dissenso. E&#8217; un modo per far comprendere la situazione di sfiducia nello Stato che \u00e8 subentrata in tanti.<\/em><\/strong><\/span><\/p>\n<p>&nbsp;<\/p>\n<p>&#8211; Vuole aggiungere qualcosa che non le ho chiesto?<\/p>\n<p>&#8211; <em><strong><span style=\"color: #ff0000;\">S\u00ec. Purtroppo \u00e8 in atto ormai una vera e propria guerra fra vaccinati e non vaccinati generata dal clima creato da mass media ed esponenti politici. Considero ingiusta la discriminazione fra cittadini che si sono vaccinati, spesso solo per paura di ammalarsi, e cittadini che hanno scelto di non vaccinarsi, spesso per paura del vaccino. Il principio alla base \u00e8 lo stesso.<\/span><\/strong><\/em><\/p>\n<p><em><strong><span style=\"color: #ff0000;\">Sono preoccupata per la situazione che si \u00e8 creata, sono preoccupata ancora di pi\u00f9 per il futuro incerto di libert\u00e0 che si prospetta per i nostri figli.<\/span><\/strong><\/em><\/p>\n<p>&nbsp;<\/p>\n<p>&nbsp;<\/p>\n<p>&nbsp;<\/p>\n<p>&nbsp;<\/p>\n<p>&nbsp;<\/p>\n<fb:like href='https:\/\/www.leccecronaca.it\/index.php\/2021\/09\/25\/firme-e-informazioni-la-manifestazione-no-green-pass-di-questa-sera-in-piazza-santoronzo-a-leccecronaca-it-leonardo-magrini-del-comitato-organizzatore-ne-spiega-le-motivazioni-e-lon-veronica-g\/' send='true' layout='button_count' show_faces='true' width='450' height='65' action='recommend' colorscheme='light' font='lucida grande'><\/fb:like><span class=\"fb_share\"><fb:like href=\"https:\/\/www.leccecronaca.it\/index.php\/2021\/09\/25\/firme-e-informazioni-la-manifestazione-no-green-pass-di-questa-sera-in-piazza-santoronzo-a-leccecronaca-it-leonardo-magrini-del-comitato-organizzatore-ne-spiega-le-motivazioni-e-lon-veronica-g\/\" layout=\"button_count\"><\/fb:like><\/span>","protected":false},"excerpt":{"rendered":"<p>di Giuseppe Puppo______Pomeriggio di manifestazioni affollate e partecipate contro il green pass oggi in decine di citt\u00e0 italiane, organizzate da diverse associazioni e movimenti. Altre iniziative si annunciano per la prossima settimana, in particolare quella dei camionisti. &nbsp; A Lecce in serata ce n&#8217;\u00e8 una ancora in corso di svolgimento mentre scriviamo, in piazza Sant&#8217;Oronzo, [&hellip;]<\/p>\n","protected":false},"author":4,"featured_media":188887,"comment_status":"open","ping_status":"closed","sticky":false,"template":"","format":"standard","meta":[],"categories":[69,76],"tags":[],"_links":{"self":[{"href":"https:\/\/www.leccecronaca.it\/index.php\/wp-json\/wp\/v2\/posts\/188883"}],"collection":[{"href":"https:\/\/www.leccecronaca.it\/index.php\/wp-json\/wp\/v2\/posts"}],"about":[{"href":"https:\/\/www.leccecronaca.it\/index.php\/wp-json\/wp\/v2\/types\/post"}],"author":[{"embeddable":true,"href":"https:\/\/www.leccecronaca.it\/index.php\/wp-json\/wp\/v2\/users\/4"}],"replies":[{"embeddable":true,"href":"https:\/\/www.leccecronaca.it\/index.php\/wp-json\/wp\/v2\/comments?post=188883"}],"version-history":[{"count":2,"href":"https:\/\/www.leccecronaca.it\/index.php\/wp-json\/wp\/v2\/posts\/188883\/revisions"}],"predecessor-version":[{"id":188889,"href":"https:\/\/www.leccecronaca.it\/index.php\/wp-json\/wp\/v2\/posts\/188883\/revisions\/188889"}],"wp:featuredmedia":[{"embeddable":true,"href":"https:\/\/www.leccecronaca.it\/index.php\/wp-json\/wp\/v2\/media\/188887"}],"wp:attachment":[{"href":"https:\/\/www.leccecronaca.it\/index.php\/wp-json\/wp\/v2\/media?parent=188883"}],"wp:term":[{"taxonomy":"category","embeddable":true,"href":"https:\/\/www.leccecronaca.it\/index.php\/wp-json\/wp\/v2\/categories?post=188883"},{"taxonomy":"post_tag","embeddable":true,"href":"https:\/\/www.leccecronaca.it\/index.php\/wp-json\/wp\/v2\/tags?post=188883"}],"curies":[{"name":"wp","href":"https:\/\/api.w.org\/{rel}","templated":true}]}}