{"id":188884,"date":"2021-09-26T08:00:24","date_gmt":"2021-09-26T06:00:24","guid":{"rendered":"http:\/\/www.leccecronaca.it\/?p=188884"},"modified":"2021-09-26T13:08:49","modified_gmt":"2021-09-26T11:08:49","slug":"casa-lecce-i-commenti-del-post-partita-11","status":"publish","type":"post","link":"https:\/\/www.leccecronaca.it\/index.php\/2021\/09\/26\/casa-lecce-i-commenti-del-post-partita-11\/","title":{"rendered":"CASA LECCE \/ I COMMENTI DEL POST PARTITA"},"content":{"rendered":"<p><strong>(m.a.)______<\/strong><\/p>\n<p>Ecco a voi i commenti post <strong>Cittadella-Lecce<\/strong>:<\/p>\n<p><strong><img decoding=\"async\" loading=\"lazy\" class=\"alignnone size-full wp-image-184525\" src=\"https:\/\/www.leccecronaca.it\/wordpress\/wp-content\/uploads\/2021\/06\/baroni-2.jpg\" alt=\"\" width=\"1650\" height=\"2048\" srcset=\"https:\/\/www.leccecronaca.it\/wordpress\/wp-content\/uploads\/2021\/06\/baroni-2.jpg 1650w, https:\/\/www.leccecronaca.it\/wordpress\/wp-content\/uploads\/2021\/06\/baroni-2-242x300.jpg 242w, https:\/\/www.leccecronaca.it\/wordpress\/wp-content\/uploads\/2021\/06\/baroni-2-825x1024.jpg 825w, https:\/\/www.leccecronaca.it\/wordpress\/wp-content\/uploads\/2021\/06\/baroni-2-768x953.jpg 768w, https:\/\/www.leccecronaca.it\/wordpress\/wp-content\/uploads\/2021\/06\/baroni-2-1238x1536.jpg 1238w\" sizes=\"(max-width: 1650px) 100vw, 1650px\" \/>MARCO BARONI <\/strong>(allenatore del Lecce, nella foto): <em>&#8220;Dobbiamo essere contenti per il risultato, non era facile dopo aver disputato partite in cui si \u00e8 speso tanto. Questo era il peggior campo dove venire dopo due partite cosi. Loro hanno tanto furore agonistico e appunto siamo andati in difficolt\u00e0 nel primo tempo. Era importante tenere il risultato per poi sfruttare qualcosa negli ultimi minuti. <\/em><\/p>\n<p><em>Di Mariano? Noi avevamo delle situazioni difficili. Tuia non stava bene e non l&#8217;ho rischiato. Di Mariano l&#8217;ho tolto subito, risparmiandolo come ho fatto con Strefezza, ma era solo un affaticamento. <\/em><\/p>\n<p><em>Coda? Su Massimo non dico nulla, sta lavorando molto per la squadra. E&#8217; un riferimento e mi resta difficile tenerlo fermo anche in allenamento per farlo riposare. Siamo un gruppo giovane, ma abbiamo bisogno anche dei pi\u00f9 esperti che aiutano i pi\u00f9 giovani a crescere. <\/em><\/p>\n<p><em>Adesso prepareremo la\u00a0 partita contro un avversario di livello, il Monza, e sono sicuro che il nostro pubblico ci aiuter\u00e0 a mettere in campo una buona prestazione&#8221;.<\/em><\/p>\n<p>&nbsp;<\/p>\n<p><strong><img decoding=\"async\" loading=\"lazy\" class=\"alignnone size-full wp-image-183037\" src=\"https:\/\/www.leccecronaca.it\/wordpress\/wp-content\/uploads\/2021\/05\/coda.png\" alt=\"\" width=\"512\" height=\"340\" srcset=\"https:\/\/www.leccecronaca.it\/wordpress\/wp-content\/uploads\/2021\/05\/coda.png 512w, https:\/\/www.leccecronaca.it\/wordpress\/wp-content\/uploads\/2021\/05\/coda-300x199.png 300w\" sizes=\"(max-width: 512px) 100vw, 512px\" \/>MASSIMO CODA<\/strong> ( nella foto sopra). Vediamo il commento dell&#8217;<em>Hispanico<\/em> direttamente dal suo profilo <strong>Instagram<\/strong>: <em>&#8220;Testa bassa e lavorare&#8230;Insieme +3&#8221;.<\/em><\/p>\n<p>&nbsp;<\/p>\n<p><strong><img decoding=\"async\" loading=\"lazy\" class=\"alignnone size-full wp-image-188764\" src=\"https:\/\/www.leccecronaca.it\/wordpress\/wp-content\/uploads\/2021\/09\/di-mariano.jpg\" alt=\"\" width=\"300\" height=\"390\" srcset=\"https:\/\/www.leccecronaca.it\/wordpress\/wp-content\/uploads\/2021\/09\/di-mariano.jpg 300w, https:\/\/www.leccecronaca.it\/wordpress\/wp-content\/uploads\/2021\/09\/di-mariano-231x300.jpg 231w\" sizes=\"(max-width: 300px) 100vw, 300px\" \/>FRANCESCO DI MARIANO <\/strong>(nella foto sopra). L&#8217;ala siciliana ha voluto celebrare la vittoria contro i veneti pubblicando una storia su Instagram, ribadendo quanto \u00e8 importante la compattezza e l&#8217;unione del gruppo per il raggiungimento di risultati importanti. Di seguito il suo commento, breve e conciso: <em>&#8220;TUTTI<\/em> <em>INSIEME&#8230;.+3&#8243;.<\/em><\/p>\n<p>&nbsp;<\/p>\n<p>&nbsp;<\/p>\n<p><strong><img decoding=\"async\" loading=\"lazy\" class=\"alignnone size-full wp-image-181231\" src=\"https:\/\/www.leccecronaca.it\/wordpress\/wp-content\/uploads\/2021\/04\/liguori.jpg\" alt=\"\" width=\"700\" height=\"700\" srcset=\"https:\/\/www.leccecronaca.it\/wordpress\/wp-content\/uploads\/2021\/04\/liguori.jpg 700w, https:\/\/www.leccecronaca.it\/wordpress\/wp-content\/uploads\/2021\/04\/liguori-300x300.jpg 300w, https:\/\/www.leccecronaca.it\/wordpress\/wp-content\/uploads\/2021\/04\/liguori-150x150.jpg 150w, https:\/\/www.leccecronaca.it\/wordpress\/wp-content\/uploads\/2021\/04\/liguori-60x60.jpg 60w\" sizes=\"(max-width: 700px) 100vw, 700px\" \/><\/strong><\/p>\n<p><strong>CORRADO LIGUORI <\/strong>(nella foto sopra). Il vicepresidente del club giallorosso ha affidato come di consueto\u00a0 a <strong>Facebook<\/strong>\u00a0 \u00a0il suo pensiero dopo la gara dei giallorossi: <em>&#8220;Partita diversa rispetto a quella di Crotone per via di un avversario che fa dell\u2019intensit\u00e0 e della profondit\u00e0 il suo credo. Vincere a Cittadella non \u00e8 mai semplice, anzi \u2026<\/em><\/p>\n<p><em>Match giocato con grande equilibrio e buon possesso palla che ha fatto emergere spesso la maggiore qualit\u00e0 attraverso la quale si \u00e8 vinta la partita. <\/em><\/p>\n<p><em>Prosegue il percorso di crescita del gruppo che inizia ad essere una vera SQUADRA acquisendo man mano che passano le giornate maggiore consapevolezza della propria forza.<\/em><\/p>\n<p><em>Anche oggi in campo tanti giovani che rappresentano il marchio di fabbrica della nostra Societ\u00e0.\u00a0 Disporre di una rosa di oltre venti potenziali titolari non \u00e8 un particolare trascurabile.<\/em><\/p>\n<p><em>Andiamo avanti consapevoli che al di l\u00e0 dei risultati del momento, il percorso intrapreso \u00e8 quello GIUSTO&#8221;.<\/em><\/p>\n<p>&nbsp;<\/p>\n<p>&nbsp;<\/p>\n<p><img decoding=\"async\" loading=\"lazy\" class=\"alignnone size-full wp-image-188885\" src=\"https:\/\/www.leccecronaca.it\/wordpress\/wp-content\/uploads\/2021\/09\/gorini.jpg\" alt=\"\" width=\"139\" height=\"181\" \/>Terminiamo la nostra carrellata di commenti con l&#8217;analisi del tecnico del <strong>Cittadella<\/strong>\u00a0\u00a0<strong>Edoardo Gorini<\/strong> (nella foto): <em>&#8220;Siamo calati fisicamente nel secondo tempo dopo un&#8217;ottima prima frazione di gioco. Quando non riesci a vincere le partite bisogna cercare di portare a casa almeno un punto. <\/em><\/p>\n<p><em>E&#8217; stata la terza partita in una settimana, abbiamo pagato tanto in termini di energie e poi probabilmente il caldo ha influito. <\/em><\/p>\n<p><em>Quando pedi devi meditare su tante cose, i cambi vengono effettuati con l&#8217;idea di portare la partita dalla tua parte. Ha fatto la differenza anche la qualit\u00e0 dei giocatori del Lecce. Ora dobbiamo venire fuori da questa situazione insieme andando a fare una grande partita a Frosinone&#8221;.______<\/em><\/p>\n<p>LA RICERCA nel nostro articolo di ieri<\/p>\n<blockquote class=\"wp-embedded-content\" data-secret=\"ZpWir8mnKb\"><p><a href=\"https:\/\/www.leccecronaca.it\/index.php\/2021\/09\/25\/colpo-del-lecce-a-cittadella-veneti-sconfitti-2-1\/\">COLPO DEL LECCE A CITTADELLA: VENETI SCONFITTI 2-1<\/a><\/p><\/blockquote>\n<p><iframe class=\"wp-embedded-content\" sandbox=\"allow-scripts\" security=\"restricted\" style=\"position: absolute; clip: rect(1px, 1px, 1px, 1px);\" src=\"https:\/\/www.leccecronaca.it\/index.php\/2021\/09\/25\/colpo-del-lecce-a-cittadella-veneti-sconfitti-2-1\/embed\/#?secret=ZpWir8mnKb\" data-secret=\"ZpWir8mnKb\" width=\"500\" height=\"282\" title=\"&#8220;COLPO DEL LECCE A CITTADELLA: VENETI SCONFITTI 2-1&#8221; &#8212; LecceCronaca.it\" frameborder=\"0\" marginwidth=\"0\" marginheight=\"0\" scrolling=\"no\"><\/iframe><\/p>\n<fb:like href='https:\/\/www.leccecronaca.it\/index.php\/2021\/09\/26\/casa-lecce-i-commenti-del-post-partita-11\/' send='true' layout='button_count' show_faces='true' width='450' height='65' action='recommend' colorscheme='light' font='lucida grande'><\/fb:like><span class=\"fb_share\"><fb:like href=\"https:\/\/www.leccecronaca.it\/index.php\/2021\/09\/26\/casa-lecce-i-commenti-del-post-partita-11\/\" layout=\"button_count\"><\/fb:like><\/span>","protected":false},"excerpt":{"rendered":"<p>(m.a.)______ Ecco a voi i commenti post Cittadella-Lecce: MARCO BARONI (allenatore del Lecce, nella foto): &#8220;Dobbiamo essere contenti per il risultato, non era facile dopo aver disputato partite in cui si \u00e8 speso tanto. Questo era il peggior campo dove venire dopo due partite cosi. Loro hanno tanto furore agonistico e appunto siamo andati in [&hellip;]<\/p>\n","protected":false},"author":4,"featured_media":176344,"comment_status":"open","ping_status":"closed","sticky":false,"template":"","format":"standard","meta":[],"categories":[28],"tags":[],"_links":{"self":[{"href":"https:\/\/www.leccecronaca.it\/index.php\/wp-json\/wp\/v2\/posts\/188884"}],"collection":[{"href":"https:\/\/www.leccecronaca.it\/index.php\/wp-json\/wp\/v2\/posts"}],"about":[{"href":"https:\/\/www.leccecronaca.it\/index.php\/wp-json\/wp\/v2\/types\/post"}],"author":[{"embeddable":true,"href":"https:\/\/www.leccecronaca.it\/index.php\/wp-json\/wp\/v2\/users\/4"}],"replies":[{"embeddable":true,"href":"https:\/\/www.leccecronaca.it\/index.php\/wp-json\/wp\/v2\/comments?post=188884"}],"version-history":[{"count":6,"href":"https:\/\/www.leccecronaca.it\/index.php\/wp-json\/wp\/v2\/posts\/188884\/revisions"}],"predecessor-version":[{"id":188894,"href":"https:\/\/www.leccecronaca.it\/index.php\/wp-json\/wp\/v2\/posts\/188884\/revisions\/188894"}],"wp:featuredmedia":[{"embeddable":true,"href":"https:\/\/www.leccecronaca.it\/index.php\/wp-json\/wp\/v2\/media\/176344"}],"wp:attachment":[{"href":"https:\/\/www.leccecronaca.it\/index.php\/wp-json\/wp\/v2\/media?parent=188884"}],"wp:term":[{"taxonomy":"category","embeddable":true,"href":"https:\/\/www.leccecronaca.it\/index.php\/wp-json\/wp\/v2\/categories?post=188884"},{"taxonomy":"post_tag","embeddable":true,"href":"https:\/\/www.leccecronaca.it\/index.php\/wp-json\/wp\/v2\/tags?post=188884"}],"curies":[{"name":"wp","href":"https:\/\/api.w.org\/{rel}","templated":true}]}}