{"id":189023,"date":"2021-09-29T15:27:46","date_gmt":"2021-09-29T13:27:46","guid":{"rendered":"http:\/\/www.leccecronaca.it\/?p=189023"},"modified":"2021-09-29T15:45:09","modified_gmt":"2021-09-29T13:45:09","slug":"attarantati-apocalittci-e-integrati","status":"publish","type":"post","link":"https:\/\/www.leccecronaca.it\/index.php\/2021\/09\/29\/attarantati-apocalittci-e-integrati\/","title":{"rendered":"ATTARANTATI, APOCALITTICI E INTEGRATI"},"content":{"rendered":"<p><img decoding=\"async\" loading=\"lazy\" class=\"alignnone size-full wp-image-189024\" src=\"https:\/\/www.leccecronaca.it\/wordpress\/wp-content\/uploads\/2021\/09\/unnamed-18.jpg\" alt=\"\" width=\"512\" height=\"341\" srcset=\"https:\/\/www.leccecronaca.it\/wordpress\/wp-content\/uploads\/2021\/09\/unnamed-18.jpg 512w, https:\/\/www.leccecronaca.it\/wordpress\/wp-content\/uploads\/2021\/09\/unnamed-18-300x200.jpg 300w\" sizes=\"(max-width: 512px) 100vw, 512px\" \/><\/p>\n<p>di <strong>Giuseppe Puppo<\/strong>______Luned\u00ec scorso 27 settembre artisti e intellettuali hanno reso noto un documento, sottoscritto da centoquarantatr\u00e9 personalit\u00e0 pugliesi, rivolto al presidente della Regione Puglia, Michele Emiliano, e all&#8217;assessore alla Cultura, Massimo Bray, contenete pesanti critiche alla gestione della Notte della Taranta.<\/p>\n<p>La Fondazione che la regge e la governa \u00e8 accusata, fra le altre critiche circostanziate, di <em>\u201cderiva commerciale e televisiva\u201d<\/em>, e di aver causato <em>\u201cil punto pi\u00f9 basso della mercificazione e dello snaturamento della cultura immateriale salentina\u201d<\/em>.<\/p>\n<p>Veniva inoltre richiesto di<em> &#8221;avviare una riflessione sull&#8217;operato della Fondazione Notte della Taranta e su quanto si sta compiendo sotto i nostri occhi. Magari aprendo &#8211; in qualit\u00e0 di governo regionale &#8211; un tavolo di discussione onesta e circolare sulle &#8216;promesse tradite&#8217; delle istituzioni pubbliche rispetto a un movimento culturale nato dal basso&#8221;<\/em>.<\/p>\n<p>Tutto giusto, tranne il metodo e i destinatari. I sottoscrittori chiedono di porre rimedio al disastro a chi il disastro ha provocato, una speranza apocalittica quanto surreale, ti pare che Emiliano e company si accusino, si sconfessino e si eliminino l&#8217;un l&#8217;altro?<\/p>\n<p>&nbsp;<\/p>\n<p>Nessuno del resto si \u00e8 degnato di rispondere loro.<\/p>\n<p>E ti pareva&#8230;<\/p>\n<p>Non \u00e8 una novit\u00e0.<\/p>\n<p>Nella precedente legislatura, il presidente della Fondazione, Massimo Manera, resistette imperterrito a richieste di chiarimenti non solo giornalistici e culturali, che era facile, ma pure, pi\u00f9 difficile, gestionali, di precisi interventi volti a cercare di conoscere la situazione patrimoniale e gli ingenti flussi di denaro pubblico, rivoltegli da esponenti politici, in primo luogo l&#8217;ex consigliere Antonio Trevisi, al quale fu negato perfino l&#8217;accesso agli atti e che fu fatto desistere per sfinimento.<\/p>\n<p>Ora Antonio Trevisi non \u00e8 stato rieletto, e intanto il Movimento Cinque Stelle \u00e8 entrato a far parte della maggioranza di Michele Emiliano in pianta stabile e convinta, quindi siamo a posto.<\/p>\n<p>&nbsp;<\/p>\n<p>La novit\u00e0 di questa mattina \u00e8 che il gruppo di <strong>Fratelli d&#8217; Italia <\/strong>al consiglio regionale della\u00a0Puglia ha diffuso il seguente comunicato:<\/p>\n<p><strong><em>\u201cSe la Regione Puglia e la Fondazione della Notte della Taranta non rispondono all\u2019appello dei 143 esponenti della cultura e dello spettacolo, lo facciamo noi di Fratelli d\u2019Italia chiedendo l\u2019audizione in Commissione Cultura e Turismo del presidente Emiliano, dell\u2019assessore Bray, dei vertici della Fondazione e di una delegazione dei firmatari dell\u2019accorato appello.<\/em><\/strong><\/p>\n<p><strong><em>&#8216;Sono tante le \u2018promesse tradite&#8217; \u2013 per dirla con le parole dei 143 &#8211; di questo governo regionale, sicuramente vi \u00e8 anche quella di aver tradito l\u2019iniziale spirito della Taranta, ma questo tradimento&#8217; \u00e8 stato perpetrato non solo sul piano della Cultura e dello Spettacolo, ma anche su quello economico. Per questo in sede di audizione chiederemo anche quanto costa ai pugliesi lo show della Taranta, e se questa spesa \u00e8 finalizzata all\u2019obiettivo di mantenere viva una straordinaria tradizione salentina\u201d.<\/em><\/strong><\/p>\n<p>&nbsp;<\/p>\n<p>Sar\u00e0 la volta buona?<\/p>\n<p>Macch\u00e9&#8230;<\/p>\n<p>Non succeder\u00e0 proprio niente.<\/p>\n<p>&nbsp;<\/p>\n<p>Michele Emiliano \u00e8 l&#8217;utilizzatore finale in termini di consenso politico di un vero e proprio sistema di potere di gestione della cultura e dello spettacolo in Puglia, che egli stesso ha costruito e perfezionato sulle tracce dell&#8217;operato del suo predecessore Nichi Vendola.<\/p>\n<p>Sistema di cui fanno parte Massimo Bray, da lui nominato, e a sua volta ex presidente della Fondazione Notte della Taranta prima di Massimo Manera; Loredana Capone;\u00a0i vertici di assessorati e apparati regionali, Teatro Pubblico Pugliese e Apulia Film Commission in primo luogo, altri buchi neri della cultura asservita, appaltata ad uso e consumo di amici e compagni, svilita e uniformata; e una rete parcellizzata e consolidata di amministratori locali, il sindaco di Lecce Carlo Salvemini\u00a0 e il suo assessore Paolo Foresio in primis, comunque tutti quanti perfettamente integrati.<\/p>\n<p>&nbsp;<\/p>\n<p>Del resto Fratelli d&#8217;Italia\u00a0 adesso, Alleanza Nazionale prima, hanno precise responsabilit\u00e0 se \u00e8 successo tutto questo,\u00a0perch\u00e9 della cultura se ne sono sostanzialmente sempre fregati, sono stati incapaci di elaborare modelli gestionali alternativi, e\u00a0hanno finito con l&#8217;adeguarsi alla perfezione.______<\/p>\n<p>L&#8217;APPROFONDIMENTO nel nostro articolo del 5 settembre scorso<\/p>\n<blockquote class=\"wp-embedded-content\" data-secret=\"BdXmiUuw92\"><p><a href=\"https:\/\/www.leccecronaca.it\/index.php\/2021\/09\/05\/la-notte-della-taranta-ormai-e-morta\/\">LA NOTTE DELLA TARANTA ORMAI E&#8217; MORTA<\/a><\/p><\/blockquote>\n<p><iframe class=\"wp-embedded-content\" sandbox=\"allow-scripts\" security=\"restricted\" style=\"position: absolute; clip: rect(1px, 1px, 1px, 1px);\" src=\"https:\/\/www.leccecronaca.it\/index.php\/2021\/09\/05\/la-notte-della-taranta-ormai-e-morta\/embed\/#?secret=BdXmiUuw92\" data-secret=\"BdXmiUuw92\" width=\"500\" height=\"282\" title=\"&#8220;LA NOTTE DELLA TARANTA ORMAI E&#8217; MORTA&#8221; &#8212; LecceCronaca.it\" frameborder=\"0\" marginwidth=\"0\" marginheight=\"0\" scrolling=\"no\"><\/iframe><\/p>\n<p>&nbsp;<\/p>\n<p>&nbsp;<\/p>\n<p>&nbsp;<\/p>\n<p>&nbsp;<\/p>\n<fb:like href='https:\/\/www.leccecronaca.it\/index.php\/2021\/09\/29\/attarantati-apocalittci-e-integrati\/' send='true' layout='button_count' show_faces='true' width='450' height='65' action='recommend' colorscheme='light' font='lucida grande'><\/fb:like><span class=\"fb_share\"><fb:like href=\"https:\/\/www.leccecronaca.it\/index.php\/2021\/09\/29\/attarantati-apocalittci-e-integrati\/\" layout=\"button_count\"><\/fb:like><\/span>","protected":false},"excerpt":{"rendered":"<p>di Giuseppe Puppo______Luned\u00ec scorso 27 settembre artisti e intellettuali hanno reso noto un documento, sottoscritto da centoquarantatr\u00e9 personalit\u00e0 pugliesi, rivolto al presidente della Regione Puglia, Michele Emiliano, e all&#8217;assessore alla Cultura, Massimo Bray, contenete pesanti critiche alla gestione della Notte della Taranta. La Fondazione che la regge e la governa \u00e8 accusata, fra le altre [&hellip;]<\/p>\n","protected":false},"author":4,"featured_media":189024,"comment_status":"open","ping_status":"closed","sticky":false,"template":"","format":"standard","meta":[],"categories":[69,31,76],"tags":[],"_links":{"self":[{"href":"https:\/\/www.leccecronaca.it\/index.php\/wp-json\/wp\/v2\/posts\/189023"}],"collection":[{"href":"https:\/\/www.leccecronaca.it\/index.php\/wp-json\/wp\/v2\/posts"}],"about":[{"href":"https:\/\/www.leccecronaca.it\/index.php\/wp-json\/wp\/v2\/types\/post"}],"author":[{"embeddable":true,"href":"https:\/\/www.leccecronaca.it\/index.php\/wp-json\/wp\/v2\/users\/4"}],"replies":[{"embeddable":true,"href":"https:\/\/www.leccecronaca.it\/index.php\/wp-json\/wp\/v2\/comments?post=189023"}],"version-history":[{"count":5,"href":"https:\/\/www.leccecronaca.it\/index.php\/wp-json\/wp\/v2\/posts\/189023\/revisions"}],"predecessor-version":[{"id":189029,"href":"https:\/\/www.leccecronaca.it\/index.php\/wp-json\/wp\/v2\/posts\/189023\/revisions\/189029"}],"wp:featuredmedia":[{"embeddable":true,"href":"https:\/\/www.leccecronaca.it\/index.php\/wp-json\/wp\/v2\/media\/189024"}],"wp:attachment":[{"href":"https:\/\/www.leccecronaca.it\/index.php\/wp-json\/wp\/v2\/media?parent=189023"}],"wp:term":[{"taxonomy":"category","embeddable":true,"href":"https:\/\/www.leccecronaca.it\/index.php\/wp-json\/wp\/v2\/categories?post=189023"},{"taxonomy":"post_tag","embeddable":true,"href":"https:\/\/www.leccecronaca.it\/index.php\/wp-json\/wp\/v2\/tags?post=189023"}],"curies":[{"name":"wp","href":"https:\/\/api.w.org\/{rel}","templated":true}]}}