{"id":189048,"date":"2021-09-30T21:31:29","date_gmt":"2021-09-30T19:31:29","guid":{"rendered":"http:\/\/www.leccecronaca.it\/?p=189048"},"modified":"2021-10-01T09:22:31","modified_gmt":"2021-10-01T07:22:31","slug":"anteprima-di-lecce-monza-venerdi-1-ore-20-30","status":"publish","type":"post","link":"https:\/\/www.leccecronaca.it\/index.php\/2021\/09\/30\/anteprima-di-lecce-monza-venerdi-1-ore-20-30\/","title":{"rendered":"ANTEPRIMA DI LECCE-MONZA, VENERDI&#8217; 1 ORE 20.30"},"content":{"rendered":"<p><strong><img decoding=\"async\" loading=\"lazy\" class=\"alignnone size-full wp-image-177105\" src=\"https:\/\/www.leccecronaca.it\/wordpress\/wp-content\/uploads\/2021\/01\/via-del-mare.jpg\" alt=\"\" width=\"640\" height=\"434\" srcset=\"https:\/\/www.leccecronaca.it\/wordpress\/wp-content\/uploads\/2021\/01\/via-del-mare.jpg 640w, https:\/\/www.leccecronaca.it\/wordpress\/wp-content\/uploads\/2021\/01\/via-del-mare-300x203.jpg 300w\" sizes=\"(max-width: 640px) 100vw, 640px\" \/><\/strong><\/p>\n<p><strong>(m.a.)______<\/strong><\/p>\n<p><strong>Lecce-Monza<\/strong>\u00a0 apre la settima giornata del campionato di <strong>Serie B<\/strong>.<\/p>\n<p>La gara tra giallorossi e brianzoli,\u00a0 che vi racconteremo in maniera inedita, metter\u00e0 di fronte due fra le compagini pi\u00f9 forti del campionato cadetto.<\/p>\n<p>Se\u00a0 la squadra di\u00a0 <strong>Marco<\/strong>\u00a0<strong>Baroni<\/strong> ha avuto un inizio a &#8220;singhiozzo&#8221;, prima delle tre vittorie consecutive, lo stesso dicasi dei brianzoli, i quali hanno portato a casa sino ad ora nove punti, a fronte di due vittorie, tre pareggi e una sola sconfitta.<\/p>\n<p>Statistiche non proprie negative ma\u00a0 sicuramente un bottino\u00a0 magro\u00a0 se teniamo bene a mente\u00a0 i proclami di inizio stagione della dirigenza biancorossa guidata\u00a0 da <strong>Adriano Galliani<\/strong>, desiderosa di conquistare la tanto agognata promozione in Serie A.<\/p>\n<p>Il <strong>Monza<\/strong>\u00a0si trova in classifica\u00a0 al momento a sette lunghezze dal <strong>Pisa<\/strong> capolista.<\/p>\n<p>Mister <strong>Giovanni Stroppa<\/strong> dovr\u00e0 quindi trovare nel pi\u00f9 breve tempo possibile il &#8220;bandolo della matassa&#8221; se vorr\u00e0 mettersi al passo delle dirette concorrenti per il salto di categoria,\u00a0 le quali\u00a0 gi\u00e0\u00a0 sono partite forti.<\/p>\n<p>&nbsp;<\/p>\n<p>Dall&#8217;altro lato, sponda <strong>Lecce<\/strong>, le vittorie conquistate contro <strong>Alessandria, Crotone e Cittadella<\/strong> hanno aiutato ad incamerare maggiore autostima e sicurezza, e non \u00e8 poco per un gruppo nuovo.<\/p>\n<p>Dopo un inizio incerto, il gioco\u00a0 espresso dai salentini \u00e8 cresciuto, al pari di alcuni elementi, soprattutto fra i pi\u00f9 giovani, e ci\u00f2 lascia ben sperare per il futuro.<\/p>\n<p>Tuttavia la societ\u00e0 di<strong> Via Colonnello Costadura<\/strong>\u00a0 non si sbottona\u00a0 per il momento con grossi annunci.<\/p>\n<p>Sognare \u00e8 bello e lecito, ma meglio lavorare a fari spenti e con la massima tranquillit\u00e0.<\/p>\n<p>Tempo e pazienza sono infatti\u00a0 i concetti chiave che\u00a0 accompagneranno la quotidianit\u00e0 dei giallorossi per i mesi a venire&#8230;<\/p>\n<p>Staremo a vedere&#8230;<\/p>\n<p>Dunque il big match fra <strong>Lecce<\/strong> e <strong>Monza<\/strong> si disputer\u00e0 domani, venerd\u00ec 1 ottobre presso lo stadio Via del Mare di Lecce.<\/p>\n<p>Per chi sar\u00e0 impossibilitato a raggiungere l&#8217;impianto leccese, la gara \u00e8 tutta da gustare dal primo all&#8217;ultimo minuto\u00a0 su <strong>Dazn, Sky<\/strong> e sulla piattaforma online <strong>Helbiz Live.<\/strong><\/p>\n<p>&nbsp;<\/p>\n<p>Vediamo ora lo scacchiere tattico delle due squadre.<\/p>\n<p>&nbsp;<\/p>\n<p><strong>PROBABILI FORMAZIONI<\/strong><\/p>\n<p>Mister<strong> Baroni<\/strong> potrebbe ancora optare per il 4-3-3, impianto di gioco\u00a0 su cui lavora dal primo giorno di ritiro, anche se nelle ultime due uscite si \u00e8 visto in campo il passaggio al 4-2-3-1.<\/p>\n<p>Dunque, davanti a <strong>Gabriel<\/strong>, spazio a <strong>Gendrey<\/strong> e <strong>Barreca<\/strong>,\u00a0 sulle corsie laterali, con <strong>Lucioni<\/strong> e <strong>Meccariello<\/strong>, in ballottaggio con Tuia, alle prese con alcuni problemi fisici negli ultimi tempi ma comunque arruolabile per il confronto con in brianzoli,\u00a0 ad occupare il ruolo di centrali.<\/p>\n<p>Non \u00e8 da escludere comunque la partenza dal primo minuto sulla fascia destra di<strong> Calabresi<\/strong>, ma le buone prestazioni offerte da <strong>Gendrey<\/strong> nelle ultime partite dovrebbero indurre <strong>Baroni<\/strong> a confermare il francese.<\/p>\n<p>Sulla linea mediana ai lati del play danese <strong>Hjulmand<\/strong> il solo <strong>Gargiulo<\/strong> sembra al momento certo di una maglia da titolare, mentre \u00e8 ancora da valutare un impiego di <strong>Majer<\/strong>, non al top fisicamente.<\/p>\n<p>In caso di forfait dello sloveno scalpita\u00a0\u00a0<strong>Helgason<\/strong>.<\/p>\n<p>Veniamo infine\u00a0 al reparto offensivo.<\/p>\n<p>Pochi dubbi qui, con l&#8217;assoluta certezza di vedere in campo dall&#8217;inizio\u00a0 il tridente composto da <strong>Strefezza<\/strong>, <strong>Coda<\/strong> e <strong>Di<\/strong> <strong>Mariano<\/strong>.<\/p>\n<p><strong>Pablo Rodriguez<\/strong> partir\u00e0 dunque dalla panchina, per poi fornire il suo contributo nella seconda frazione di gioco.<\/p>\n<p>&nbsp;<\/p>\n<p>&nbsp;<\/p>\n<p><strong>MONZA.<\/strong><\/p>\n<p>Il tecnico <strong>Giovanni Stroppa<\/strong> sembra intenzionato a schierare sul terreno di gioco del Via del Mare il solito 3-5-2.<\/p>\n<p>L&#8217;ex giallorosso <strong>Donati<\/strong>,\u00a0 con <strong>Caldirola<\/strong> e <strong>Marrone<\/strong> dovrebbero comporre il pacchetto\u00a0 difensivo a protezione dell&#8217;estremo difensore <strong>Di Gregorio<\/strong>.<\/p>\n<p>In mezzo al campo sugli esterni <strong>Sampirisi<\/strong> e <strong>Carlos Augusto<\/strong> sembrano certi di figurare\u00a0 sulla distinta dei titolari, mentre al centro <strong>Barberis<\/strong> e <strong>Mazzitelli<\/strong> agiranno ai lati del regista <strong>Machin<\/strong>.<\/p>\n<p>Davanti \u00e8 probabile l&#8217;impiego del tandem <strong>Ciurria-Gytkjaer<\/strong>.<\/p>\n<p>&nbsp;<\/p>\n<p><strong>ARBITRO<\/strong><\/p>\n<p>Il direttore di gara designato \u00e8 il sig.\u00a0 <strong>Eugenio Abbattista<\/strong> di Molfetta, coadiuvato dagli assistenti Filippo Bercigli della sezione di Valdarno e Marco Della Croce di Rimini.<\/p>\n<p>Il quarto ufficiale sar\u00e0 Matteo Gualtieri della sezione di Asti, mentre in sala Var il fischietto barese sar\u00e0 supportato da Francesco Fourneau di Roma e Domenico Rocca di Vibo Valentia.<\/p>\n<fb:like href='https:\/\/www.leccecronaca.it\/index.php\/2021\/09\/30\/anteprima-di-lecce-monza-venerdi-1-ore-20-30\/' send='true' layout='button_count' show_faces='true' width='450' height='65' action='recommend' colorscheme='light' font='lucida grande'><\/fb:like><span class=\"fb_share\"><fb:like href=\"https:\/\/www.leccecronaca.it\/index.php\/2021\/09\/30\/anteprima-di-lecce-monza-venerdi-1-ore-20-30\/\" layout=\"button_count\"><\/fb:like><\/span>","protected":false},"excerpt":{"rendered":"<p>(m.a.)______ Lecce-Monza\u00a0 apre la settima giornata del campionato di Serie B. La gara tra giallorossi e brianzoli,\u00a0 che vi racconteremo in maniera inedita, metter\u00e0 di fronte due fra le compagini pi\u00f9 forti del campionato cadetto. Se\u00a0 la squadra di\u00a0 Marco\u00a0Baroni ha avuto un inizio a &#8220;singhiozzo&#8221;, prima delle tre vittorie consecutive, lo stesso dicasi dei [&hellip;]<\/p>\n","protected":false},"author":4,"featured_media":177105,"comment_status":"open","ping_status":"closed","sticky":false,"template":"","format":"standard","meta":[],"categories":[28],"tags":[],"_links":{"self":[{"href":"https:\/\/www.leccecronaca.it\/index.php\/wp-json\/wp\/v2\/posts\/189048"}],"collection":[{"href":"https:\/\/www.leccecronaca.it\/index.php\/wp-json\/wp\/v2\/posts"}],"about":[{"href":"https:\/\/www.leccecronaca.it\/index.php\/wp-json\/wp\/v2\/types\/post"}],"author":[{"embeddable":true,"href":"https:\/\/www.leccecronaca.it\/index.php\/wp-json\/wp\/v2\/users\/4"}],"replies":[{"embeddable":true,"href":"https:\/\/www.leccecronaca.it\/index.php\/wp-json\/wp\/v2\/comments?post=189048"}],"version-history":[{"count":6,"href":"https:\/\/www.leccecronaca.it\/index.php\/wp-json\/wp\/v2\/posts\/189048\/revisions"}],"predecessor-version":[{"id":189055,"href":"https:\/\/www.leccecronaca.it\/index.php\/wp-json\/wp\/v2\/posts\/189048\/revisions\/189055"}],"wp:featuredmedia":[{"embeddable":true,"href":"https:\/\/www.leccecronaca.it\/index.php\/wp-json\/wp\/v2\/media\/177105"}],"wp:attachment":[{"href":"https:\/\/www.leccecronaca.it\/index.php\/wp-json\/wp\/v2\/media?parent=189048"}],"wp:term":[{"taxonomy":"category","embeddable":true,"href":"https:\/\/www.leccecronaca.it\/index.php\/wp-json\/wp\/v2\/categories?post=189048"},{"taxonomy":"post_tag","embeddable":true,"href":"https:\/\/www.leccecronaca.it\/index.php\/wp-json\/wp\/v2\/tags?post=189048"}],"curies":[{"name":"wp","href":"https:\/\/api.w.org\/{rel}","templated":true}]}}