{"id":189095,"date":"2021-10-03T13:17:07","date_gmt":"2021-10-03T11:17:07","guid":{"rendered":"http:\/\/www.leccecronaca.it\/?p=189095"},"modified":"2021-10-15T12:41:45","modified_gmt":"2021-10-15T10:41:45","slug":"levantina","status":"publish","type":"post","link":"https:\/\/www.leccecronaca.it\/index.php\/2021\/10\/03\/levantina\/","title":{"rendered":"&#8216;IL VENERDI&#8217; SERA ANDIAMO INSIEME IN CENTRO A LEGGERE LIBRI&#8217;"},"content":{"rendered":"<p><img decoding=\"async\" loading=\"lazy\" class=\"alignnone size-full wp-image-189177\" src=\"https:\/\/www.leccecronaca.it\/wordpress\/wp-content\/uploads\/2021\/10\/buona-cover.jpg\" alt=\"\" width=\"1152\" height=\"2048\" srcset=\"https:\/\/www.leccecronaca.it\/wordpress\/wp-content\/uploads\/2021\/10\/buona-cover.jpg 1152w, https:\/\/www.leccecronaca.it\/wordpress\/wp-content\/uploads\/2021\/10\/buona-cover-169x300.jpg 169w, https:\/\/www.leccecronaca.it\/wordpress\/wp-content\/uploads\/2021\/10\/buona-cover-576x1024.jpg 576w, https:\/\/www.leccecronaca.it\/wordpress\/wp-content\/uploads\/2021\/10\/buona-cover-768x1365.jpg 768w, https:\/\/www.leccecronaca.it\/wordpress\/wp-content\/uploads\/2021\/10\/buona-cover-864x1536.jpg 864w\" sizes=\"(max-width: 1152px) 100vw, 1152px\" \/><strong>A leccecronaca.it MARIA CUCURACHI RACCONTA L&#8217;INIZIATIVA DI &#8216;ROSANTINA, CAMPAGNA DEL SUD&#8217; CONSOLIDATA CON I SUOI AMICI &#8211; photogallery<\/strong><\/p>\n<p>di <strong>Giuseppe Puppo<\/strong>______<\/p>\n<p>Da un paio di anni prima del tempo del Covid, e di nuovo, alla fine del secondo lockdown da qualche mese, un gruppo di amici si ritrova ogni venerd\u00ec sera al Caff\u00e8 Letterario di via Paladini 46, nel cuore del centro storico di Lecce e nel bel mezzo della movida.<\/p>\n<p>Si siedono, ad una bella tavolata, in circolo, ordinano un aperitivo, pizzette e salatini, tarallucci e vino.\u00a0 E si leggono l&#8217;un l&#8217;altro brani di libri pi\u00f9 o meno famosi appositamente scelti da ognuno di loro, su un tema ogni volta diverso, prestabilito.<\/p>\n<p>Poi ne discutono, e giocano con le parole\u00a0(anzi, alla fine c&#8217;\u00e8 un vero e proprio gioco, con i vocaboli indicati ad uno ad uno dai presenti).<\/p>\n<p>&nbsp;<\/p>\n<p>Inseguono suggestioni, si accodano ai rimandi, ora l&#8217;uno, ora l&#8217;altro aprono nuove piste, e il percorso \u00e8 sempre suggestivo, va avanti e indietro, non ha schemi prestabiliti, non ha direzioni, non ha padroni. In leggerezza, senza mai niente di pedante, o accademico, sempre in maniera fresca e\u00a0 invitante. Pura libert\u00e0, pura sete di conoscenza, di confronto, di dialogo, di arricchimento interiore. E pi\u00f9 bevono dagli autori citati, piuttosto che dai calici di rosso salentino, pi\u00f9 hanno sete.<\/p>\n<p>Ah, c&#8217;\u00e8 pure la musica, canzoni alla chitarra dal vivo, a inframmezzare le letture e le audizioni.<\/p>\n<p>L&#8217;iniziativa, questo circolo esclusivo, questa elite spirituale, che per\u00f2 \u00e8 pubblica e aperta a tutti coloro che vogliano parteciparvi, si chiama &#8216;<strong>ROSANTINA, CAMPAGNA DEL SUD&#8217;<\/strong>, ed \u00e8 un\u00a0\u201c<em>gruppo aperto di letture ad alta voce e di ascolto appassionato\u201d&#8217;.<\/em><\/p>\n<p>&nbsp;<\/p>\n<p>L&#8217;altra sera, venerd\u00ec 1 ottobre, siamo andati a curiosare.<\/p>\n<p>&nbsp;<\/p>\n<p>Il tema era &#8216;<strong>STRANIERO<\/strong>&#8216;. Il brindisi di benvenuto a inizio serata era &#8216;<strong>A NUOVE PASSIONI<\/strong>&#8216;, come ha proposto e ottenuto <strong><span style=\"color: #ff0000;\">Maria Cucurachi<\/span><\/strong>\u00a0(nella foto di copertina, e mentre propone il brano da lei scelto nella foto qui sotto) che, quando non legge libri, fa l&#8217;insegnante di italiano e la volontaria in associazioni ambientaliste.<\/p>\n<p><img decoding=\"async\" loading=\"lazy\" class=\"alignnone size-full wp-image-189178\" src=\"https:\/\/www.leccecronaca.it\/wordpress\/wp-content\/uploads\/2021\/10\/cover.jpg\" alt=\"\" width=\"1200\" height=\"1600\" srcset=\"https:\/\/www.leccecronaca.it\/wordpress\/wp-content\/uploads\/2021\/10\/cover.jpg 1200w, https:\/\/www.leccecronaca.it\/wordpress\/wp-content\/uploads\/2021\/10\/cover-225x300.jpg 225w, https:\/\/www.leccecronaca.it\/wordpress\/wp-content\/uploads\/2021\/10\/cover-768x1024.jpg 768w, https:\/\/www.leccecronaca.it\/wordpress\/wp-content\/uploads\/2021\/10\/cover-1152x1536.jpg 1152w\" sizes=\"(max-width: 1200px) 100vw, 1200px\" \/><\/p>\n<p>A leccecronaca.it ha spiegato poi il significato del titolo della rassegna settimanale del venerd\u00ec sera.<\/p>\n<p>&nbsp;<\/p>\n<div class=\"o9v6fnle cxmmr5t8 oygrvhab hcukyx3x c1et5uql\">\n<div dir=\"auto\"><span style=\"color: #ff0000;\"><strong>&#8211;<\/strong><strong><em> \u2018Ntina Rosa \u00e8 una donna di Minervino che, nel 1907, scrive tre lettere di competenza letteraria e amorosa. Scrive al proprio amante e amato. Libera, assurdamente libera, dalla campagna del Sud, zolle di feudo e patriarcato, padrona delle lettere e di una passione che sa realizzare.<\/em><\/strong><\/span><\/div>\n<div dir=\"auto\"><\/div>\n<div dir=\"auto\"><\/div>\n<div dir=\"auto\">&#8211; Come l&#8217;avete scoperta?<\/div>\n<div dir=\"auto\"><\/div>\n<\/div>\n<div class=\"o9v6fnle cxmmr5t8 oygrvhab hcukyx3x c1et5uql\">\n<div dir=\"auto\"><span style=\"color: #ff0000;\"><em><strong>&#8211; Una sera che ci sentivamo un po\u2019 persi e senza nome, qualcuno inizi\u00f2 a leggere &#8220;Mio Liliaceo\u2026 firmato \u2018Ntina Rosa, campagna del Sud&#8221;.<\/strong><\/em><\/span><\/div>\n<\/div>\n<div class=\"o9v6fnle cxmmr5t8 oygrvhab hcukyx3x c1et5uql\">\n<div dir=\"auto\"><span style=\"color: #ff0000;\"><em><strong>Fu una deflagrazione, una rivelazione&#8230;<\/strong><\/em><\/span><\/div>\n<div dir=\"auto\"><\/div>\n<div dir=\"auto\"><\/div>\n<\/div>\n<div dir=\"auto\">&#8211; Ci spieghi meglio&#8230;<\/div>\n<div class=\"o9v6fnle cxmmr5t8 oygrvhab hcukyx3x c1et5uql\">\n<div dir=\"auto\"><\/div>\n<div dir=\"auto\"><strong><span style=\"color: #ff0000;\"><em>&#8211; Sentiamo che \u00e8 Lei a portare luce. Ci ritroviamo nel suo nome, nella libert\u00e0, nelle radici assolate. E cos\u00ec da \u2018Ntina Rosa nasce Rosantina, Campagna del Sud, il nome che ci siamo dati.<\/em><\/span><\/strong><\/div>\n<div dir=\"auto\"><strong><span style=\"color: #ff0000;\"><em>La storia di \u2018Ntina Rosa e del rocambolesco ritrovamento delle sue tre lettere d\u2019amore, fra le pagine di un dizionario di francese usato acquistato in un mercatino di Torino, \u00e8 stata raccontata da\u00a0 Francesco Pasca nel suo libro &#8216;Il gesto. Giano: idea di fili senza spessore&#8217;, Lupo editore.<\/em><\/span><\/strong><\/div>\n<div dir=\"auto\"><\/div>\n<div dir=\"auto\">\u00a0<img decoding=\"async\" loading=\"lazy\" class=\"alignnone size-full wp-image-189179\" src=\"https:\/\/www.leccecronaca.it\/wordpress\/wp-content\/uploads\/2021\/10\/l5.jpg\" alt=\"\" width=\"2000\" height=\"1500\" srcset=\"https:\/\/www.leccecronaca.it\/wordpress\/wp-content\/uploads\/2021\/10\/l5.jpg 2000w, https:\/\/www.leccecronaca.it\/wordpress\/wp-content\/uploads\/2021\/10\/l5-300x225.jpg 300w, https:\/\/www.leccecronaca.it\/wordpress\/wp-content\/uploads\/2021\/10\/l5-1024x768.jpg 1024w, https:\/\/www.leccecronaca.it\/wordpress\/wp-content\/uploads\/2021\/10\/l5-768x576.jpg 768w, https:\/\/www.leccecronaca.it\/wordpress\/wp-content\/uploads\/2021\/10\/l5-1536x1152.jpg 1536w, https:\/\/www.leccecronaca.it\/wordpress\/wp-content\/uploads\/2021\/10\/l5-400x300.jpg 400w\" sizes=\"(max-width: 2000px) 100vw, 2000px\" \/><\/div>\n<\/div>\n<div dir=\"auto\">\n<p>&#8211; Chi sono i pi\u00f9 assidui frequentatori di ROSANTINA, CAMPAGNA DEL SUD,\u00a0gli habitu\u00e9\u00a0\u00a0 diciamo? Ci pu\u00f2 fare qualche nome?-<\/p>\n<p><span style=\"color: #ff0000;\"><strong><em>&#8211; Sono tantissimi, potrei citare almeno trenta nomi e storie diversissime, tra cui molti poeti, artisti, viaggiatori, accomunati dalla lettura e dall\u2019ascolto. Una professoressa di chimica che interpreta pitture e fotografie, un artista contadino e poeta, avvocate e avvocati poeti e cultori degli scrittori contemporanei, un emigrato dal nord, scrittore, che \u00e8 ritornato al sud per ritrovarsi, una restauratrice che cura le foto dei post sulla nostra pagina FB, un\u2019amante delle poesie francesi, un giovane scrittore e chef girovago che ad ogni ritorno a Lecce viene a leggere con noi, una fotografa che coglie lo spirito di chi legge e ascolta in ritratti sapientissimi <\/em><\/strong><\/span>(sue le foto della mostra tenutasi nell\u2019estate del 2020 nel chiostro dell\u2019ex Convitto Palmieri, di cui riproduciamo una qui sotto, ndr)<span style=\"color: #ff0000;\"><strong><em>,\u00a0un ecologista con accento londinese, un cantante poeta con il cappello&#8230;E<\/em><\/strong><\/span><span style=\"color: #ff0000;\"><strong><em>\u00a0tante e tanti altri ancora\u2026<\/em><\/strong><\/span><\/p>\n<p><img decoding=\"async\" loading=\"lazy\" class=\"alignnone size-full wp-image-189176\" src=\"https:\/\/www.leccecronaca.it\/wordpress\/wp-content\/uploads\/2021\/10\/l1.jpg\" alt=\"\" width=\"2048\" height=\"1801\" srcset=\"https:\/\/www.leccecronaca.it\/wordpress\/wp-content\/uploads\/2021\/10\/l1.jpg 2048w, https:\/\/www.leccecronaca.it\/wordpress\/wp-content\/uploads\/2021\/10\/l1-300x264.jpg 300w, https:\/\/www.leccecronaca.it\/wordpress\/wp-content\/uploads\/2021\/10\/l1-1024x901.jpg 1024w, https:\/\/www.leccecronaca.it\/wordpress\/wp-content\/uploads\/2021\/10\/l1-768x675.jpg 768w, https:\/\/www.leccecronaca.it\/wordpress\/wp-content\/uploads\/2021\/10\/l1-1536x1351.jpg 1536w\" sizes=\"(max-width: 2048px) 100vw, 2048px\" \/><\/p>\n<\/div>\n<div dir=\"auto\"><\/div>\n<div dir=\"auto\">\n<p>&#8211; In Italia in genere si legge poco e male, si sa. Tutti i tentativi fatti finora, di qualunque tipo, per alzare la media e il livello, sono pi\u00f9 o meno malamente naufragati&#8230;Come mai?<\/p>\n<p><strong><span style=\"color: #ff0000;\">&#8211; <\/span><\/strong><em><strong><span style=\"color: #ff0000;\">Perch\u00e9 anche in Italia il libro ha subito un processo di mercificazione, e in competizione con altri pi\u00f9 veloci e feroci mezzi tecnologici, qui, pi\u00f9 che in altri paesi, \u00e8 risultato perdente. Ma non \u00e8 perdente la parola scritta, segno dell\u2019eros, della vitalit\u00e0 persistente, che i nostri incontri testimoniano. Lo constatiamo ogni venerd\u00ec sera: le parole segnate con l\u2019inchiostro, lette, ascoltate, riaccendono il desiderio del racconto, dell\u2019ascolto del suono. E i giovani poeti e scrittori e nuovi amanti dell\u2019ascolto che transitano e vivono in queste latitudini non sono pochi.<\/span><\/strong><\/em><\/p>\n<\/div>\n<div dir=\"auto\">\u00a0<img decoding=\"async\" loading=\"lazy\" class=\"alignnone size-full wp-image-189180\" src=\"https:\/\/www.leccecronaca.it\/wordpress\/wp-content\/uploads\/2021\/10\/l6.jpg\" alt=\"\" width=\"2000\" height=\"1500\" srcset=\"https:\/\/www.leccecronaca.it\/wordpress\/wp-content\/uploads\/2021\/10\/l6.jpg 2000w, https:\/\/www.leccecronaca.it\/wordpress\/wp-content\/uploads\/2021\/10\/l6-300x225.jpg 300w, https:\/\/www.leccecronaca.it\/wordpress\/wp-content\/uploads\/2021\/10\/l6-1024x768.jpg 1024w, https:\/\/www.leccecronaca.it\/wordpress\/wp-content\/uploads\/2021\/10\/l6-768x576.jpg 768w, https:\/\/www.leccecronaca.it\/wordpress\/wp-content\/uploads\/2021\/10\/l6-1536x1152.jpg 1536w, https:\/\/www.leccecronaca.it\/wordpress\/wp-content\/uploads\/2021\/10\/l6-400x300.jpg 400w\" sizes=\"(max-width: 2000px) 100vw, 2000px\" \/><\/div>\n<div dir=\"auto\"><\/div>\n<div dir=\"auto\">S\u00ec, forse, per abituarsi, o riabituarsi al piacere della lettura, non c&#8217;\u00e8 modo migliore che partecipare a serate come questa di venerd\u00ec scorso.<\/div>\n<div dir=\"auto\"><img decoding=\"async\" loading=\"lazy\" class=\"alignnone size-full wp-image-189181\" src=\"https:\/\/www.leccecronaca.it\/wordpress\/wp-content\/uploads\/2021\/10\/l7.jpg\" alt=\"\" width=\"2000\" height=\"1500\" srcset=\"https:\/\/www.leccecronaca.it\/wordpress\/wp-content\/uploads\/2021\/10\/l7.jpg 2000w, https:\/\/www.leccecronaca.it\/wordpress\/wp-content\/uploads\/2021\/10\/l7-300x225.jpg 300w, https:\/\/www.leccecronaca.it\/wordpress\/wp-content\/uploads\/2021\/10\/l7-1024x768.jpg 1024w, https:\/\/www.leccecronaca.it\/wordpress\/wp-content\/uploads\/2021\/10\/l7-768x576.jpg 768w, https:\/\/www.leccecronaca.it\/wordpress\/wp-content\/uploads\/2021\/10\/l7-1536x1152.jpg 1536w, https:\/\/www.leccecronaca.it\/wordpress\/wp-content\/uploads\/2021\/10\/l7-400x300.jpg 400w\" sizes=\"(max-width: 2000px) 100vw, 2000px\" \/><\/div>\n<div dir=\"auto\"><\/div>\n<div dir=\"auto\">Non fa caldo, non fa freddo, si sta bene, pure quando arriva, fresca e leggera, quella carezza della sera.<\/div>\n<div dir=\"auto\"><img decoding=\"async\" loading=\"lazy\" class=\"alignnone size-full wp-image-189182\" src=\"https:\/\/www.leccecronaca.it\/wordpress\/wp-content\/uploads\/2021\/10\/l8.jpg\" alt=\"\" width=\"2000\" height=\"1500\" srcset=\"https:\/\/www.leccecronaca.it\/wordpress\/wp-content\/uploads\/2021\/10\/l8.jpg 2000w, https:\/\/www.leccecronaca.it\/wordpress\/wp-content\/uploads\/2021\/10\/l8-300x225.jpg 300w, https:\/\/www.leccecronaca.it\/wordpress\/wp-content\/uploads\/2021\/10\/l8-1024x768.jpg 1024w, https:\/\/www.leccecronaca.it\/wordpress\/wp-content\/uploads\/2021\/10\/l8-768x576.jpg 768w, https:\/\/www.leccecronaca.it\/wordpress\/wp-content\/uploads\/2021\/10\/l8-1536x1152.jpg 1536w, https:\/\/www.leccecronaca.it\/wordpress\/wp-content\/uploads\/2021\/10\/l8-400x300.jpg 400w\" sizes=\"(max-width: 2000px) 100vw, 2000px\" \/><\/div>\n<div dir=\"auto\"><\/div>\n<div dir=\"auto\">Le ore passano veloci. Ma il tempo pare essersi fermato, fra una poesia di Rilke e un brano di Pasolini.<\/div>\n<div dir=\"auto\">Dalle tavolate limitrofe, all&#8217;aperto, del locale, qualcuno ogni tanto butta uno sguardo di curiosa incredulit\u00e0. Lo struscio per il gomitolo di strade del centro storico in cui si tuffano famiglie e comitive &#8211; ed \u00e8 bella, questa Lecce che vive anche di notte e a tutte le stagioni &#8211; \u00e8 senza soluzione di continuit\u00e0.<\/div>\n<div dir=\"auto\">Ogni tanto qualche ragazza dal look esagerato rallenta e si ferma nei pressi.<\/div>\n<div dir=\"auto\"><\/div>\n<div dir=\"auto\">Una di loro, in modalit\u00e0 strafiga, di passaggio a passeggio, ad un certo punto rimane immobile e\u00a0 trattiene il fiato, mentre ascolta.<\/div>\n<div dir=\"auto\">Con note di chitarra acustica, magistrale live di &#8216;La luce dell&#8217;est&#8217; di Lucio Battisti&#8230;Un&#8217;altra ragazza, slava, che in tempi, luoghi e modi diversi, cerca di superare frontiere e confini fisici, dopo aver superato i confini che spesso ci creiamo da soli dentro di noi.<\/div>\n<div dir=\"auto\">Il tema era &#8216;STRANIERO&#8217;, no?______<\/div>\n<div dir=\"auto\"><\/div>\n<div dir=\"auto\"><\/div>\n<div dir=\"auto\">\n<div dir=\"auto\">Link di riferimento del gruppo<\/div>\n<\/div>\n<div dir=\"auto\"><\/div>\n<div dir=\"auto\"><a href=\"https:\/\/www.facebook.com\/Rosantina-campagna-del-Sud-115396593346134\/\">https:\/\/www.facebook.com\/Rosantina-campagna-del-Sud-115396593346134\/<\/a><\/div>\n<div dir=\"auto\"><\/div>\n<div dir=\"auto\"><\/div>\n<fb:like href='https:\/\/www.leccecronaca.it\/index.php\/2021\/10\/03\/levantina\/' send='true' layout='button_count' show_faces='true' width='450' height='65' action='recommend' colorscheme='light' font='lucida grande'><\/fb:like><span class=\"fb_share\"><fb:like href=\"https:\/\/www.leccecronaca.it\/index.php\/2021\/10\/03\/levantina\/\" layout=\"button_count\"><\/fb:like><\/span>","protected":false},"excerpt":{"rendered":"<p>A leccecronaca.it MARIA CUCURACHI RACCONTA L&#8217;INIZIATIVA DI &#8216;ROSANTINA, CAMPAGNA DEL SUD&#8217; CONSOLIDATA CON I SUOI AMICI &#8211; photogallery di Giuseppe Puppo______ Da un paio di anni prima del tempo del Covid, e di nuovo, alla fine del secondo lockdown da qualche mese, un gruppo di amici si ritrova ogni venerd\u00ec sera al Caff\u00e8 Letterario di [&hellip;]<\/p>\n","protected":false},"author":4,"featured_media":189177,"comment_status":"open","ping_status":"closed","sticky":false,"template":"","format":"standard","meta":[],"categories":[69,31,75,57],"tags":[],"_links":{"self":[{"href":"https:\/\/www.leccecronaca.it\/index.php\/wp-json\/wp\/v2\/posts\/189095"}],"collection":[{"href":"https:\/\/www.leccecronaca.it\/index.php\/wp-json\/wp\/v2\/posts"}],"about":[{"href":"https:\/\/www.leccecronaca.it\/index.php\/wp-json\/wp\/v2\/types\/post"}],"author":[{"embeddable":true,"href":"https:\/\/www.leccecronaca.it\/index.php\/wp-json\/wp\/v2\/users\/4"}],"replies":[{"embeddable":true,"href":"https:\/\/www.leccecronaca.it\/index.php\/wp-json\/wp\/v2\/comments?post=189095"}],"version-history":[{"count":30,"href":"https:\/\/www.leccecronaca.it\/index.php\/wp-json\/wp\/v2\/posts\/189095\/revisions"}],"predecessor-version":[{"id":189417,"href":"https:\/\/www.leccecronaca.it\/index.php\/wp-json\/wp\/v2\/posts\/189095\/revisions\/189417"}],"wp:featuredmedia":[{"embeddable":true,"href":"https:\/\/www.leccecronaca.it\/index.php\/wp-json\/wp\/v2\/media\/189177"}],"wp:attachment":[{"href":"https:\/\/www.leccecronaca.it\/index.php\/wp-json\/wp\/v2\/media?parent=189095"}],"wp:term":[{"taxonomy":"category","embeddable":true,"href":"https:\/\/www.leccecronaca.it\/index.php\/wp-json\/wp\/v2\/categories?post=189095"},{"taxonomy":"post_tag","embeddable":true,"href":"https:\/\/www.leccecronaca.it\/index.php\/wp-json\/wp\/v2\/tags?post=189095"}],"curies":[{"name":"wp","href":"https:\/\/api.w.org\/{rel}","templated":true}]}}