{"id":189583,"date":"2021-10-14T14:20:14","date_gmt":"2021-10-14T12:20:14","guid":{"rendered":"http:\/\/www.leccecronaca.it\/?p=189583"},"modified":"2021-10-14T15:19:02","modified_gmt":"2021-10-14T13:19:02","slug":"a-tu-per-tu-su-telerama-lallenatore-del-lecce-marco-baroni-si-racconta-a-cuore-aperto","status":"publish","type":"post","link":"https:\/\/www.leccecronaca.it\/index.php\/2021\/10\/14\/a-tu-per-tu-su-telerama-lallenatore-del-lecce-marco-baroni-si-racconta-a-cuore-aperto\/","title":{"rendered":"&#8216;A TU PER TU&#8217; SU TELERAMA \/ L&#8217;ALLENATORE DEL LECCE MARCO BARONI SI RACCONTA A CUORE APERTO"},"content":{"rendered":"<p>(m.a.)<strong>______<\/strong><\/p>\n<p><img decoding=\"async\" loading=\"lazy\" class=\"alignnone size-full wp-image-189582\" src=\"https:\/\/www.leccecronaca.it\/wordpress\/wp-content\/uploads\/2021\/10\/baroni-lecce.jpg\" alt=\"\" width=\"1005\" height=\"1562\" srcset=\"https:\/\/www.leccecronaca.it\/wordpress\/wp-content\/uploads\/2021\/10\/baroni-lecce.jpg 1005w, https:\/\/www.leccecronaca.it\/wordpress\/wp-content\/uploads\/2021\/10\/baroni-lecce-193x300.jpg 193w, https:\/\/www.leccecronaca.it\/wordpress\/wp-content\/uploads\/2021\/10\/baroni-lecce-659x1024.jpg 659w, https:\/\/www.leccecronaca.it\/wordpress\/wp-content\/uploads\/2021\/10\/baroni-lecce-768x1194.jpg 768w, https:\/\/www.leccecronaca.it\/wordpress\/wp-content\/uploads\/2021\/10\/baroni-lecce-988x1536.jpg 988w\" sizes=\"(max-width: 1005px) 100vw, 1005px\" \/>Il tecnico\u00a0\u00a0del <strong>Lecce Marco Baroni\u00a0<\/strong>(nella foto), ospite di &#8220;<strong>A tu per tu&#8221;<\/strong>, trasmissione condotta dal giornalista <strong>Max Persano<\/strong> in onda su <strong>Telerama<\/strong>, si \u00e8 raccontato a cuore aperto.<\/p>\n<p>Tanti gli aneddoti svelati dal tecnico fiorentino, si spazia dal suo passato da calciatore fino al\u00a0 presente alla guida del club giallorosso.<\/p>\n<p>Non mancano poi\u00a0 \u00a0spunti riguardo la sua vita privata.<\/p>\n<p>Di seguito le sue dichiarazioni:<\/p>\n<p><strong>PASSATO<\/strong>: <em>&#8221; Ero un abile stopper e la mia carriera \u00e8 cominciata nella Fiorentina, la squadra della mia citt\u00e0 con cui ho esordito in A. In seguito sono andato alla Roma dove ho condiviso lo spogliatoio con Pruzzo e Conti, una squadra pazzesca per un giovane come me che si stava avvicinando alla massima serie. All&#8217;epoca era diverso, le rose erano pi\u00f9 corte ed essere a quei livelli era veramente importante. Oggi, invece, con le rose allargate a venticinque, \u00e8 pi\u00f9 semplice dimostrare il tuo valore avendo maggiore spazio. Da Roma poi arrivai a Lecce, la prima vera prova di maturit\u00e0. Quella societ\u00e0 fece un grosso sacrificio per prendermi,\u00a0 le due stagioni nel Salento mi permisero di andare poi a Napoli con Maradona. Il giocatore pi\u00f9 forte che ho marcato? Dico Van Basten&#8221;.<\/em><\/p>\n<p><strong>MARADONA<\/strong>: <em>&#8220;Quando vedevo Diego in allenamento pensavo a quanto fossi fortunato a non doverlo marcare io essendo un mio compagno. E&#8217; stato un vero amico, mi piace ricordarlo nella veste che forse in pochi conoscono, quella di un ragazzo che aveva tante attenzioni per i suoi compagni. Quel Napoli riusc\u00ec a superare la grande Inter e il Milan degli olandesi. Quello in azzurro \u00e8 un ricordo incredibile, ma io amo guardare avanti e progredire nel mio percorso di crescita, amo pensare sempre che vinco o imparo, non bisogna mai uscire sconfitti. Anche quando si perde \u00e8 possibile apprendere qualcosa&#8221;.<\/em><\/p>\n<p>Chiuso il capitolo ricordi, il mister giallorosso passa a raccontare\u00a0 il suo presente alla guida del <strong>Lecce.<\/strong><\/p>\n<p>Vediamo le sue parole:<\/p>\n<p><strong>GIORNATA TIPO<\/strong>: <em>&#8220;La mia giornata inizia anche prima delle cinque del mattino.\u00a0 Penso che a quell&#8217;ora si \u00e8 pi\u00f9 lucidi. Vivo all&#8217;Acaya e appena mi sveglio inizio a visionare documenti o filmati che\u00a0 preparo la sera prima. Tutto questo nelle due ore che precedono la mia colazione. Cosa mangio al mattino? Caff\u00e8 e fette biscottate.\u00a0 Dopo le 7 arrivano i miei collaboratori, con cui poi pianifichiamo le attivit\u00e0 che andremo a sviluppare nel corso della giornata. Tolto un giorno a settimana, facciamo sedute singole, ma spesso siamo impegnati in sede fino a sera con altre attivit\u00e0. Solitamente le sedute durano novanta minuti, ma poi ci sono una serie di attivit\u00e0 che durano tutto il giorno.\u00a0 <\/em><\/p>\n<p><em>Amo fare squadra, \u00e8 fondamentale, ci siamo riusciti col mio team di lavoro, ma lo sono diventati anche i ragazzi, a cui concedo all&#8217;interno della struttura i loro spazi. Ad esempio io non entro nello spogliatoio e nella sala fisioterapia. Il confronto avviene poi sul campo. Ritengo importante anche la fase di studio, spesso ci soffermiamo su video di nostre partite per conoscere i nostri difetti. Naturalmente, nel momento in cui andiamo a preparare le partite, esaminiamo anche\u00a0 filmati sui nostri avversari. Nel complesso, a livello strutturale il Lecce \u00e8 organizzato come i top club di A&#8221;.<\/em><\/p>\n<p><strong>LAVORO<\/strong>: <em>&#8220;Come sono al lavoro? Sono molto severo con me stesso e quindi anche con gli altri. L&#8217;allenatore \u00e8 sotto gli occhi di tutti, a livello comunicativo e non solo.\u00a0 La squadra quando la metti insieme non ha un arco temporale molto ampio di attenzione, quindi bisogna essere sintetici, senza sfinire\u00a0 i ragazzi di informazioni. Non bisogna fare i teorici, ci vuole il giusto mix. Io non cerco alibi, non posso dire che serve tempo perch\u00e9 non abbiamo tempo. Bisogna correre, andare incontro al tempo&#8221;.<\/em><\/p>\n<p><strong>Infine qualche chicca riguardo la vita privata.<\/strong><\/p>\n<p><strong>VITA PRIVATA<\/strong>: <em>&#8221; Nel privato sono affettuoso e riconoscente. La mia citt\u00e0 \u00e8 Firenze anche se ora viviamo in un paese vicino. Il lavoro\u00a0 per\u00f2 mi ha portato a muovermi molto. Ho una moglie, Patrizia, che ho conosciuto a 14 anni e sposato a 21, con cui abbiamo tre figli. Stefano di 34 anni, una\u00a0 di 31, e il pi\u00f9 piccolo, di 24. Lui \u00e8 un calciatore, e so che non \u00e8 facile essere figli d&#8217;arte, per questo motivo cerco di stargli vicino con consigli, ma senza imposizioni. Gli altri figli vivono tutti in Toscana, con le videochiamate accorciamo&#8221; le distanze. Il pi\u00f9 grande mi ha regalato una nipotina, quando\u00a0 la vedo mi struggo. La loro squadra preferita \u00e8 il Lecce&#8221;.<\/em><\/p>\n<p><strong>MUSICA PREFERITA<\/strong>: <em>&#8220;Ascolto il Jazz&#8221;.<\/em><\/p>\n<p><strong>CIBO PREFERITO<\/strong>: <em>&#8220;Amo il pesce&#8221;.<\/em><\/p>\n<p><strong>TEMPO LIBERO<\/strong>: <em>&#8220;Ho trovato Lecce cambiata rispetto alla mia prima esperienza. Erano gli anni Ottanta, oggi la citt\u00e0 \u00e8 stata brava a valorizzare le bellezze del centro storico. Amo il mare anche se non ho avuto l&#8217;opportunit\u00e0 di godermelo molto. Mi piace tantissimo Otranto, ma anche San Cataldo e San Foca. Ho visto poi Tricase porto, un posto magico. Quando abbiamo il giorno libero tuttavia ne approfitto per tornare a casa dalla mia famiglia&#8221;.<\/em><\/p>\n<p><strong>TIFOSI<\/strong>: <em>&#8220;La gente mi ferma ma non in maniera invadente. Che promessa mi sento di fare? Faremo di tutto per emozionare&#8221;.<\/em><\/p>\n<p>&nbsp;<\/p>\n<p>&nbsp;<\/p>\n<p>&nbsp;<\/p>\n<p>&nbsp;<\/p>\n<p>&nbsp;<\/p>\n<p>&nbsp;<\/p>\n<p>&nbsp;<\/p>\n<fb:like href='https:\/\/www.leccecronaca.it\/index.php\/2021\/10\/14\/a-tu-per-tu-su-telerama-lallenatore-del-lecce-marco-baroni-si-racconta-a-cuore-aperto\/' send='true' layout='button_count' show_faces='true' width='450' height='65' action='recommend' colorscheme='light' font='lucida grande'><\/fb:like><span class=\"fb_share\"><fb:like href=\"https:\/\/www.leccecronaca.it\/index.php\/2021\/10\/14\/a-tu-per-tu-su-telerama-lallenatore-del-lecce-marco-baroni-si-racconta-a-cuore-aperto\/\" layout=\"button_count\"><\/fb:like><\/span>","protected":false},"excerpt":{"rendered":"<p>(m.a.)______ Il tecnico\u00a0\u00a0del Lecce Marco Baroni\u00a0(nella foto), ospite di &#8220;A tu per tu&#8221;, trasmissione condotta dal giornalista Max Persano in onda su Telerama, si \u00e8 raccontato a cuore aperto. Tanti gli aneddoti svelati dal tecnico fiorentino, si spazia dal suo passato da calciatore fino al\u00a0 presente alla guida del club giallorosso. Non mancano poi\u00a0 \u00a0spunti [&hellip;]<\/p>\n","protected":false},"author":4,"featured_media":189582,"comment_status":"open","ping_status":"closed","sticky":false,"template":"","format":"standard","meta":[],"categories":[28],"tags":[],"_links":{"self":[{"href":"https:\/\/www.leccecronaca.it\/index.php\/wp-json\/wp\/v2\/posts\/189583"}],"collection":[{"href":"https:\/\/www.leccecronaca.it\/index.php\/wp-json\/wp\/v2\/posts"}],"about":[{"href":"https:\/\/www.leccecronaca.it\/index.php\/wp-json\/wp\/v2\/types\/post"}],"author":[{"embeddable":true,"href":"https:\/\/www.leccecronaca.it\/index.php\/wp-json\/wp\/v2\/users\/4"}],"replies":[{"embeddable":true,"href":"https:\/\/www.leccecronaca.it\/index.php\/wp-json\/wp\/v2\/comments?post=189583"}],"version-history":[{"count":3,"href":"https:\/\/www.leccecronaca.it\/index.php\/wp-json\/wp\/v2\/posts\/189583\/revisions"}],"predecessor-version":[{"id":189588,"href":"https:\/\/www.leccecronaca.it\/index.php\/wp-json\/wp\/v2\/posts\/189583\/revisions\/189588"}],"wp:featuredmedia":[{"embeddable":true,"href":"https:\/\/www.leccecronaca.it\/index.php\/wp-json\/wp\/v2\/media\/189582"}],"wp:attachment":[{"href":"https:\/\/www.leccecronaca.it\/index.php\/wp-json\/wp\/v2\/media?parent=189583"}],"wp:term":[{"taxonomy":"category","embeddable":true,"href":"https:\/\/www.leccecronaca.it\/index.php\/wp-json\/wp\/v2\/categories?post=189583"},{"taxonomy":"post_tag","embeddable":true,"href":"https:\/\/www.leccecronaca.it\/index.php\/wp-json\/wp\/v2\/tags?post=189583"}],"curies":[{"name":"wp","href":"https:\/\/api.w.org\/{rel}","templated":true}]}}