{"id":189602,"date":"2021-10-14T18:51:15","date_gmt":"2021-10-14T16:51:15","guid":{"rendered":"http:\/\/www.leccecronaca.it\/?p=189602"},"modified":"2021-10-14T19:48:42","modified_gmt":"2021-10-14T17:48:42","slug":"17-000-poliziotti-senza-green-pass-che-si-fa-a-leccecronaca-it-parla-michele-caputo-segretario-del-sindacato-di-polizia-les","status":"publish","type":"post","link":"https:\/\/www.leccecronaca.it\/index.php\/2021\/10\/14\/17-000-poliziotti-senza-green-pass-che-si-fa-a-leccecronaca-it-parla-michele-caputo-segretario-del-sindacato-di-polizia-les\/","title":{"rendered":"17.000 POLIZIOTTI SENZA GREEN PASS, CHE SI FA DA VENERDI&#8217; 15 OTTOBRE? A leccecronaca.it PARLA MICHELE CAPUTO, SEGRETARIO DEL SINDACATO DI POLIZIA LeS"},"content":{"rendered":"<p><img decoding=\"async\" loading=\"lazy\" class=\"alignnone size-full wp-image-189603\" src=\"https:\/\/www.leccecronaca.it\/wordpress\/wp-content\/uploads\/2021\/10\/Green-pass-Michele-Caputo.jpg\" alt=\"\" width=\"1620\" height=\"1080\" srcset=\"https:\/\/www.leccecronaca.it\/wordpress\/wp-content\/uploads\/2021\/10\/Green-pass-Michele-Caputo.jpg 1620w, https:\/\/www.leccecronaca.it\/wordpress\/wp-content\/uploads\/2021\/10\/Green-pass-Michele-Caputo-300x200.jpg 300w, https:\/\/www.leccecronaca.it\/wordpress\/wp-content\/uploads\/2021\/10\/Green-pass-Michele-Caputo-1024x683.jpg 1024w, https:\/\/www.leccecronaca.it\/wordpress\/wp-content\/uploads\/2021\/10\/Green-pass-Michele-Caputo-768x512.jpg 768w, https:\/\/www.leccecronaca.it\/wordpress\/wp-content\/uploads\/2021\/10\/Green-pass-Michele-Caputo-1536x1024.jpg 1536w\" sizes=\"(max-width: 1620px) 100vw, 1620px\" \/>(e.v.)_____Il 15 ottobre 2021 diventer\u00e0 una data storica, l\u2019entrata in vigore dell\u2019obbligo della certificazione verde per l\u2019accesso ai luoghi di lavoro, sta creando un paradosso nello stato di diritto. Come in tanti posti di lavoro anche nel comparto sicurezza c\u2019\u00e8 del personale che per svariate ragioni non si \u00e8 vaccinato. Ne parliamo con\u00a0<strong>Michele Caputo\u00a0<\/strong>(nella foto),\u00a0segretario generale della Regione Puglia del sindacato di Polizia LeS (Libert\u00e0 e Sicurezza).<\/p>\n<p>&nbsp;<\/p>\n<p>D.: Come mai parecchi poliziotti non si sono vaccinati?<\/p>\n<p>R.: <em><strong>Sono dell\u2019idea che uno dovrebbe essere libero di decidere come meglio crede e non essere obbligato a fare qualcosa; comunque, molti dei Poliziotti che non si sono vaccinati non l\u2019hanno fatto sia per ragioni mediche, patologie che non esonerano attualmente dal vaccinarsi o per altre motivazioni. Il non vaccinarsi contro il covid-19 \u00e8 ancora un diritto e come tutti gli altri diritti un sindacato ha l\u2019obbligo di difenderlo. Il problema nasce per chi ha deciso di andare al lavoro con la certificazione derivante da un tampone negativo.<\/strong><\/em><\/p>\n<p>D.: Ci spieghi meglio qual \u00e8 il problema&#8230;<\/p>\n<p>R.: <strong><em>Come ho gi\u00e0 detto il non vaccinarsi \u00e8 una libera scelta ma fare il tampone ogni 48 ore per poter accedere nei luoghi di lavoro \u00e8 un obbligo. <\/em><\/strong><\/p>\n<p><strong><em>Per\u00f2 a differenza del vaccino che \u00e8 gratuito, il tampone diventa oneroso per il dipendente, costringendolo (per non perdere una notevole parte dello stipendio, calcolabile in un esborso di circa 200 euro mensili) con molta probabilit\u00e0 ad alterare periodi di lavoro con periodi di ferie.<\/em><\/strong><\/p>\n<p><strong><em>Una regione come la Puglia dove l\u2019organico \u00e8 gi\u00e0 in forte sofferenza numerica, non si pu\u00f2 permettere l\u2019assenza di ulteriore personale. Le eventuali massicce assenze potrebbero compromettere la sicurezza del territorio.<\/em><\/strong><\/p>\n<p>&nbsp;<\/p>\n<p>D.: Come dirigente sindacale qual \u00e8 la sua proposta?<\/p>\n<p>R.: <strong><em>Si poteva predisporre per i Poliziotti di far fare i tamponi presso le nostre sale mediche, gratuitamente o sostenendo solo le spese vive del materiale. Anche questa soluzione alquanto ovvia non \u00e8 stata presa in considerazione. Saremo costretti come sindacato anche questa volta a rivolgerci altrove!<\/em><\/strong><\/p>\n<p>&nbsp;<\/p>\n<p>D.: Con chi vuole parlarne?<\/p>\n<p>R.: <strong><em>Ci rivolgeremo al presidente\u00a0Emiliano, al quale ci siamo gi\u00e0 rivolti nei primi periodi del covid-19, quando era quasi impossibile reperire i presidi di protezione individuale. Speriamo nel frattempo che la nostra amministrazione trovi una soluzione che non vada a discapito dei colleghi e che non si ripercuota sulla sicurezza nazionale! Ci sono 17 mila poliziotti senza green pass, cosa facciamo rinunciamo a loro?\u00a0______\u00a0<\/em><\/strong><\/p>\n<p>&nbsp;<\/p>\n<p><strong>AGGIORNAMENTO<\/strong> delle ore 19.40.<\/p>\n<p>Il ministero dell&#8217;Interno, d&#8217;intesa con la presidenza del governo, ha diramato una nota a tutte le Prefetture e a tutti i Questori, con indicazioni chiare agli apparati di sicurezza, su manifestazioni di protesta previste, o probabili, per domani.<\/p>\n<p>Dal punto di vista politico, l&#8217;esecutivo non ha fatto concessioni di nessun tipo rispetto a quanto gi\u00e0 deciso e comunicato nei giorni scorsi.<\/p>\n<p><strong><em>______\u00a0<\/em><\/strong><\/p>\n<p><strong>L&#8217;APPROFONDIMENTO<\/strong> nel nostro articolo di ieri<\/p>\n<blockquote class=\"wp-embedded-content\" data-secret=\"k5gKS4JzBS\"><p><a href=\"https:\/\/www.leccecronaca.it\/index.php\/2021\/10\/13\/lavoratori-contro-il-green-pass-cresce-in-tutta-italia-la-mobilitazione-e-la-protesta-contro-lobbligo-che-scattera-venerdi-15-ottobre\/\">LAVORATORI CONTRO IL GREEN PASS. CRESCE IN TUTTA ITALIA LA MOBILITAZIONE DI PROTESTA CONTRO L&#8217;OBBLIGO CHE SCATTERA&#8217; PER TUTTI VENERDI&#8217; 15 OTTOBRE<\/a><\/p><\/blockquote>\n<p><iframe class=\"wp-embedded-content\" sandbox=\"allow-scripts\" security=\"restricted\" style=\"position: absolute; clip: rect(1px, 1px, 1px, 1px);\" src=\"https:\/\/www.leccecronaca.it\/index.php\/2021\/10\/13\/lavoratori-contro-il-green-pass-cresce-in-tutta-italia-la-mobilitazione-e-la-protesta-contro-lobbligo-che-scattera-venerdi-15-ottobre\/embed\/#?secret=k5gKS4JzBS\" data-secret=\"k5gKS4JzBS\" width=\"500\" height=\"282\" title=\"&#8220;LAVORATORI CONTRO IL GREEN PASS. CRESCE IN TUTTA ITALIA LA MOBILITAZIONE DI PROTESTA CONTRO L&#8217;OBBLIGO CHE SCATTERA&#8217; PER TUTTI VENERDI&#8217; 15 OTTOBRE&#8221; &#8212; LecceCronaca.it\" frameborder=\"0\" marginwidth=\"0\" marginheight=\"0\" scrolling=\"no\"><\/iframe><\/p>\n<fb:like href='https:\/\/www.leccecronaca.it\/index.php\/2021\/10\/14\/17-000-poliziotti-senza-green-pass-che-si-fa-a-leccecronaca-it-parla-michele-caputo-segretario-del-sindacato-di-polizia-les\/' send='true' layout='button_count' show_faces='true' width='450' height='65' action='recommend' colorscheme='light' font='lucida grande'><\/fb:like><span class=\"fb_share\"><fb:like href=\"https:\/\/www.leccecronaca.it\/index.php\/2021\/10\/14\/17-000-poliziotti-senza-green-pass-che-si-fa-a-leccecronaca-it-parla-michele-caputo-segretario-del-sindacato-di-polizia-les\/\" layout=\"button_count\"><\/fb:like><\/span>","protected":false},"excerpt":{"rendered":"<p>(e.v.)_____Il 15 ottobre 2021 diventer\u00e0 una data storica, l\u2019entrata in vigore dell\u2019obbligo della certificazione verde per l\u2019accesso ai luoghi di lavoro, sta creando un paradosso nello stato di diritto. Come in tanti posti di lavoro anche nel comparto sicurezza c\u2019\u00e8 del personale che per svariate ragioni non si \u00e8 vaccinato. Ne parliamo con\u00a0Michele Caputo\u00a0(nella foto),\u00a0segretario [&hellip;]<\/p>\n","protected":false},"author":4,"featured_media":189603,"comment_status":"open","ping_status":"closed","sticky":false,"template":"","format":"standard","meta":[],"categories":[69,76],"tags":[],"_links":{"self":[{"href":"https:\/\/www.leccecronaca.it\/index.php\/wp-json\/wp\/v2\/posts\/189602"}],"collection":[{"href":"https:\/\/www.leccecronaca.it\/index.php\/wp-json\/wp\/v2\/posts"}],"about":[{"href":"https:\/\/www.leccecronaca.it\/index.php\/wp-json\/wp\/v2\/types\/post"}],"author":[{"embeddable":true,"href":"https:\/\/www.leccecronaca.it\/index.php\/wp-json\/wp\/v2\/users\/4"}],"replies":[{"embeddable":true,"href":"https:\/\/www.leccecronaca.it\/index.php\/wp-json\/wp\/v2\/comments?post=189602"}],"version-history":[{"count":7,"href":"https:\/\/www.leccecronaca.it\/index.php\/wp-json\/wp\/v2\/posts\/189602\/revisions"}],"predecessor-version":[{"id":189615,"href":"https:\/\/www.leccecronaca.it\/index.php\/wp-json\/wp\/v2\/posts\/189602\/revisions\/189615"}],"wp:featuredmedia":[{"embeddable":true,"href":"https:\/\/www.leccecronaca.it\/index.php\/wp-json\/wp\/v2\/media\/189603"}],"wp:attachment":[{"href":"https:\/\/www.leccecronaca.it\/index.php\/wp-json\/wp\/v2\/media?parent=189602"}],"wp:term":[{"taxonomy":"category","embeddable":true,"href":"https:\/\/www.leccecronaca.it\/index.php\/wp-json\/wp\/v2\/categories?post=189602"},{"taxonomy":"post_tag","embeddable":true,"href":"https:\/\/www.leccecronaca.it\/index.php\/wp-json\/wp\/v2\/tags?post=189602"}],"curies":[{"name":"wp","href":"https:\/\/api.w.org\/{rel}","templated":true}]}}