{"id":189633,"date":"2021-10-15T16:22:36","date_gmt":"2021-10-15T14:22:36","guid":{"rendered":"http:\/\/www.leccecronaca.it\/?p=189633"},"modified":"2021-10-15T17:29:41","modified_gmt":"2021-10-15T15:29:41","slug":"domenica-17-a-lecce-manifestazione-del-comitato-acqua-bene-comune-lappello-ai-cittadini-e-le-ragioni-degli-organizzatori-lapprofondimento-di-leccecronaca-it-che-ha-cercato-di-capire-cosa-bolle","status":"publish","type":"post","link":"https:\/\/www.leccecronaca.it\/index.php\/2021\/10\/15\/domenica-17-a-lecce-manifestazione-del-comitato-acqua-bene-comune-lappello-ai-cittadini-e-le-ragioni-degli-organizzatori-lapprofondimento-di-leccecronaca-it-che-ha-cercato-di-capire-cosa-bolle\/","title":{"rendered":"DOMENICA 17 A LECCE MANIFESTAZIONE DEL COMITATO ACQUA BENE COMUNE. L&#8217;APPELLO AI CITTADINI E LE RAGIONI DEGLI ORGANIZZATORI.  L&#8217;APPROFONDIMENTO DI leccecronaca.it CHE HA CERCATO DI CAPIRE COSA BOLLE IN PENTOLA DELL&#8217;ACQUEDOTTO PUGLIESE DOPO LA NOMINA DEL NUOVO PRESIDENTE DOMENICO LAFORGIA"},"content":{"rendered":"<p><img decoding=\"async\" loading=\"lazy\" class=\"alignnone size-full wp-image-189635\" src=\"https:\/\/www.leccecronaca.it\/wordpress\/wp-content\/uploads\/2021\/10\/243146619_10225518042408189_6676182158905717691_n.jpg\" alt=\"\" width=\"818\" height=\"960\" srcset=\"https:\/\/www.leccecronaca.it\/wordpress\/wp-content\/uploads\/2021\/10\/243146619_10225518042408189_6676182158905717691_n.jpg 818w, https:\/\/www.leccecronaca.it\/wordpress\/wp-content\/uploads\/2021\/10\/243146619_10225518042408189_6676182158905717691_n-256x300.jpg 256w, https:\/\/www.leccecronaca.it\/wordpress\/wp-content\/uploads\/2021\/10\/243146619_10225518042408189_6676182158905717691_n-768x901.jpg 768w\" sizes=\"(max-width: 818px) 100vw, 818px\" \/>(Rdl)______<strong><span style=\"color: #ff0000;\"><em>\u201cSiamo TUTTI invitati a partecipare alla Manifestazione per l&#8217;Acqua Pubblica che si svolger\u00e0 a Lecce domenica 17 ottobre dalle ore 18.00 alle ore 22.00, in piazza Sant&#8217;Oronzo,\u00a0 nel rispetto delle norme igienico-sanitarie anti-Covid. Coinvolgiamo, invitiamo e condividiamo l&#8217;iniziativa! Partecipiamo!\u201c.<\/em><\/span><\/strong><\/p>\n<p>Questo l&#8217;appello rivolto tramite social da <span style=\"color: #ff0000;\"><strong>Marta Innocente<\/strong><\/span> e <strong><span style=\"color: #ff0000;\">Alessandro Morciano<\/span><\/strong>, referenti per la provincia di Lecce del <span style=\"color: #ff0000;\"><strong>&#8216;Comitato Acqua Bene Comune Beni Comuni Pubblici&#8221;<\/strong><\/span>.<\/p>\n<p>A leccecronaca.it questa mattina Carlo Martignano, uno degli organizzatori, ha poi spiegato<b>:<\/b><\/p>\n<p><span style=\"color: #ff0000;\"><strong><em>\u201cL\u2019Acquedotto Pugliese potrebbe presto essere privatizzato e la NOSTRA Acqua ceduta a grandi investitori i quali poi ce la venderebbero: dovremmo COMPRARE la NOSTRA Acqua. Manovre in tal senso vanno avanti nell\u2019ombra gi\u00e0 da tempo. <\/em><\/strong><\/span><\/p>\n<p><span style=\"color: #ff0000;\"><strong><em>C\u2019\u00e8 un progetto di accorpare la gestione dell\u2019Acqua, rifiuti ed energia di tutto il Sud Italia in un unico contenitore aperto ai privati. Un enorme centro di potere praticamente incontrollabile con l\u2019unico fine del loro profitto a nostre spese. Acqua, rifiuti, energia: praticamente i servizi essenziali per la nostra vita quotidiana in mano alle multinazionali. <\/em><\/strong><\/span><\/p>\n<p><span style=\"color: #ff0000;\"><strong><em>Oggi il\u00a0Piano nazionale ripresa resilienza del governo Draghi\u00a0agevola e accelera questo disastro che potrebbe quindi andare a compimento. <\/em><\/strong><\/span><\/p>\n<p><em><strong><span style=\"color: #ff0000;\">DOBBIAMO OPPORCI, RESISTERE. <\/span><\/strong><\/em><\/p>\n<p><em><strong><span style=\"color: #ff0000;\">L\u2019Acqua \u00e8 il bene comune per eccellenza, indispensabile per la vita. Non mettiamo la nostra vita al servizio dei profitti delle multinazionali. Tutti insieme esigiamo che la politica svolga il suo compito e operi per la gestione pubblica, rivolta al nostro bene comune (e non al profitto di \u201cqualcuno\u201d) della NOSTRA Acqua\u201c.<\/span><\/strong><\/em><\/p>\n<p>______<\/p>\n<p><img decoding=\"async\" loading=\"lazy\" class=\"alignnone size-full wp-image-189636\" src=\"https:\/\/www.leccecronaca.it\/wordpress\/wp-content\/uploads\/2021\/10\/AcquedottoPugliese-SUPER.jpg\" alt=\"\" width=\"1600\" height=\"800\" srcset=\"https:\/\/www.leccecronaca.it\/wordpress\/wp-content\/uploads\/2021\/10\/AcquedottoPugliese-SUPER.jpg 1600w, https:\/\/www.leccecronaca.it\/wordpress\/wp-content\/uploads\/2021\/10\/AcquedottoPugliese-SUPER-300x150.jpg 300w, https:\/\/www.leccecronaca.it\/wordpress\/wp-content\/uploads\/2021\/10\/AcquedottoPugliese-SUPER-1024x512.jpg 1024w, https:\/\/www.leccecronaca.it\/wordpress\/wp-content\/uploads\/2021\/10\/AcquedottoPugliese-SUPER-768x384.jpg 768w, https:\/\/www.leccecronaca.it\/wordpress\/wp-content\/uploads\/2021\/10\/AcquedottoPugliese-SUPER-1536x768.jpg 1536w, https:\/\/www.leccecronaca.it\/wordpress\/wp-content\/uploads\/2021\/10\/AcquedottoPugliese-SUPER-600x300.jpg 600w\" sizes=\"(max-width: 1600px) 100vw, 1600px\" \/><\/p>\n<p><strong>IL NOSTRO APPROFONDIMENTO<\/strong><\/p>\n<p>(g.p.)______<\/p>\n<p>Il 12 e 13 giugno 2011, si tenne un referendum importante. Si trattava &#8211; fra le altre cose &#8211; di decidere se abrogare\u00a0una norma relativa alla tariffa dell\u2019acqua che prevedeva l\u2019\u201cadeguata remunerazione del capitale investito\u201d, quindi niente pi\u00f9 affari e speculazioni, coi i soldi dei cittadini, bens\u00ec caso mai\u00a0semmai un servizio efficiente a fronte di investimenti sulla rete tangibili, ad esempio per ridurre le perdite dai tubi lungo i percorsi di distribuzione. La norma fu abrogata con una maggioranza schiacciante di s\u00ec, sancita da ventisei milioni di votanti in tal senso.<\/p>\n<p>Nove anni dopo, quel referendum si aggiunge alla nutrita schiera di pronunciamenti popolari regolarmente traditi, e questo \u00e8 per\u00f2 il caso pi\u00f9 eclatante. Il bilancio infatti \u00e8 sconfortante.<\/p>\n<p>Il soggetto pubblico, sia esso ente locale, azionista delle societ\u00e0 o organismo regolatore\u00a0 continua a manifestare comportamenti da privato. Le tariffe pagate dai cittadini\u00a0per utilizzare l\u2019acqua del rubinetto sono mediamente aumentate a dismisura.<\/p>\n<p>Non solo. Sulla gestione dell&#8217;acqua si addensano nuovamente nubi fitte e minacciose, anche in Puglia, soprattutto in Puglia, specialmente nel nostro Salento, che, fra l&#8217;altro, purtroppo, detiene il triste record nazionale della desertificazione del territorio, oltre a presentare falde acquifere compromesse dallo sfruttamento e dall&#8217;avvelenamento.<\/p>\n<p>&nbsp;<\/p>\n<p>Tre settimane fa, il 28 settembre 2021 la Regione Puglia, socio unico dell&#8217;ente, duemila dipendenti, cinquecento milioni di euro di fatturato, ha nominato <span style=\"color: #0000ff;\"><strong>Domenico Laforgia<\/strong><\/span>\u00a0\u00a0(nella foto di copertina, al suo primo giorno di lavoro) nuovo presidente dell&#8217; Acquedotto Pugliese. Nel rinnovato consiglio di amministrazione ci sono anche due salentini, Salvatore Ruggeri, e Tina De Francesco, premiati non per competenze, bens\u00ec quali portatori di voti.<\/p>\n<p>Tutti uomini e donne del presidente Michele Emiliano.<\/p>\n<p>Domenico Laforgia, barese di nascita, ma leccese d&#8217;adozione, 70 anni &#8211; i fedelissimi di Michele Emiliano non vanno mai in pensione, sono sempre in servizio permanente effettivo &#8211; ingegnere, docente di ingegneria,\u00a0\u00a0ex rettore dell&#8217;universit\u00e0 del Salento ed ex capo dipartimento dello sviluppo economico della Regione Puglia, da rettore \u00e8 stato ripetutamente accusato di familismo amorale, vero e proprio marchio di fabbrica del sistema di potere costruito da Emiliano negli ultimi anni, insieme al trasformismo, da storico da lui attualizzato ai giorni nostri.<\/p>\n<p>Da dirigente regionale, Laforgia ha poi fatto in tempo, il 24 ottobre 2017, a consegnare alle cronache dello sconcerto una memorabile dichiarazione, a proposito di gasdotti<b>:\u00a0<\/b><\/p>\n<p><strong><span style=\"color: #0000ff;\"><em>&#8220;Siamo vicini al territorio, che ha preoccupazioni che, devo dire, sono esagerate, perch\u00e9 abbiamo ventunomila chilometri di gas in tutto il territorio. Quindi il gas \u00e8 la cosa pi\u00f9 vicina che abbiamo nelle famiglie. Ognuno di noi ha il fornello a gas a casa, quindi di che parliamo? Il metano ti d\u00e0 una mano, come la vecchia pubblicit\u00e0 dell&#8217;Eni e della Snam: \u00e8 la fonte pi\u00f9 pulita in assoluto, la meno pericolosa&#8221;.<\/em><\/span><\/strong><\/p>\n<p>Incredibile, cos\u00ec parl\u00f2 Laforgia, testuale.<\/p>\n<p>Ora l&#8217;ingegnere si dovr\u00e0 cimentare con la gestione dell&#8217;acqua, soprattutto con gli sviluppi possibili della gestione dell&#8217;acqua in Puglia.<\/p>\n<p>Quali, ce li spiega, l&#8217;entusiastico saluto fatto da Confindustria Lecce a Domenico Laforgia pochi giorni fa, subito dopo la sua nomina, per bocca del reggente della confederazione degli industriali, <strong><span style=\"color: #008000;\">Nicola Delle Donne<\/span><\/strong><b>:\u00a0<\/b><em><span style=\"color: #008000;\"><strong>&#8220;In un quadro economico e sociale in continua evoluzione, nel quale il nostro Paese deve governare la delicata fase del rilancio dell&#8217;economia, purtroppo ancora in piena emergenza pandemica, il professore Laforgia potr\u00e0 contribuire a trasformare l&#8217;acquedotto pi\u00f9 grande d&#8217;Europa in un volano di sviluppo, una vera multiutility di riferimento per il Sud.\u00a0Acquedotto Pugliese ha ancora ampi margini di crescita anche nella diversificazione industriale&#8221;.<\/strong><\/span><\/em><\/p>\n<p>Tutto chiaro, no?<\/p>\n<p>Ove cos\u00ec non fosse, andiamo a studiare cosa sia una &#8216;multiutility&#8217;. Ce lo facciamo spiegare da\u00a0Eugenio Bruti Liberati e Marco Fortis, autori del volume &#8216;Le imprese multiutility&#8217;, edizioni Il Mulino:<\/p>\n<p><em>&#8216;Con l&#8217;espressione multiutility ci si riferisce alla struttura che le imprese di servizi di pubblica utilit\u00e0, siano esse pubbliche o private, nazionali o locali, assumono al termine di un graduale processo di convergenza, che le porta ad operare contemporaneamente in pi\u00f9 settori (energia elettrica, gas naturale, acqua, telecomunicazioni) e con una forte presenza nelle fasi finali di distribuzione e vendita.<\/em><\/p>\n<p><em>Alimentato in gran parte dai processi di liberalizzazione e privatizzazione dei servizi pubblici e dal conseguente processo di riorganizzazione aziendale che ha riguardato tutti i principali operatori del settore, il fenomeno delle multiutility ha indubbiamente ricevuto una forte accelerazione dall&#8217;apertura dei mercati nazionali dell&#8217;energia&#8217;.<\/em><\/p>\n<p>Ora \u00e8 tutto chiaro, e si intuisce\u00a0 benissimo\u00a0perch\u00e9 i promotori della manifestazione di domenica prossima a Lecce\u00a0siano preoccupati e\u00a0perch\u00e9\u00a0\u00a0abbiamo lanciato un vero e proprio allarme.<\/p>\n<p>&nbsp;<\/p>\n<fb:like href='https:\/\/www.leccecronaca.it\/index.php\/2021\/10\/15\/domenica-17-a-lecce-manifestazione-del-comitato-acqua-bene-comune-lappello-ai-cittadini-e-le-ragioni-degli-organizzatori-lapprofondimento-di-leccecronaca-it-che-ha-cercato-di-capire-cosa-bolle\/' send='true' layout='button_count' show_faces='true' width='450' height='65' action='recommend' colorscheme='light' font='lucida grande'><\/fb:like><span class=\"fb_share\"><fb:like href=\"https:\/\/www.leccecronaca.it\/index.php\/2021\/10\/15\/domenica-17-a-lecce-manifestazione-del-comitato-acqua-bene-comune-lappello-ai-cittadini-e-le-ragioni-degli-organizzatori-lapprofondimento-di-leccecronaca-it-che-ha-cercato-di-capire-cosa-bolle\/\" layout=\"button_count\"><\/fb:like><\/span>","protected":false},"excerpt":{"rendered":"<p>(Rdl)______\u201cSiamo TUTTI invitati a partecipare alla Manifestazione per l&#8217;Acqua Pubblica che si svolger\u00e0 a Lecce domenica 17 ottobre dalle ore 18.00 alle ore 22.00, in piazza Sant&#8217;Oronzo,\u00a0 nel rispetto delle norme igienico-sanitarie anti-Covid. Coinvolgiamo, invitiamo e condividiamo l&#8217;iniziativa! Partecipiamo!\u201c. Questo l&#8217;appello rivolto tramite social da Marta Innocente e Alessandro Morciano, referenti per la provincia di [&hellip;]<\/p>\n","protected":false},"author":4,"featured_media":189635,"comment_status":"open","ping_status":"closed","sticky":false,"template":"","format":"standard","meta":[],"categories":[69,76],"tags":[],"_links":{"self":[{"href":"https:\/\/www.leccecronaca.it\/index.php\/wp-json\/wp\/v2\/posts\/189633"}],"collection":[{"href":"https:\/\/www.leccecronaca.it\/index.php\/wp-json\/wp\/v2\/posts"}],"about":[{"href":"https:\/\/www.leccecronaca.it\/index.php\/wp-json\/wp\/v2\/types\/post"}],"author":[{"embeddable":true,"href":"https:\/\/www.leccecronaca.it\/index.php\/wp-json\/wp\/v2\/users\/4"}],"replies":[{"embeddable":true,"href":"https:\/\/www.leccecronaca.it\/index.php\/wp-json\/wp\/v2\/comments?post=189633"}],"version-history":[{"count":3,"href":"https:\/\/www.leccecronaca.it\/index.php\/wp-json\/wp\/v2\/posts\/189633\/revisions"}],"predecessor-version":[{"id":189645,"href":"https:\/\/www.leccecronaca.it\/index.php\/wp-json\/wp\/v2\/posts\/189633\/revisions\/189645"}],"wp:featuredmedia":[{"embeddable":true,"href":"https:\/\/www.leccecronaca.it\/index.php\/wp-json\/wp\/v2\/media\/189635"}],"wp:attachment":[{"href":"https:\/\/www.leccecronaca.it\/index.php\/wp-json\/wp\/v2\/media?parent=189633"}],"wp:term":[{"taxonomy":"category","embeddable":true,"href":"https:\/\/www.leccecronaca.it\/index.php\/wp-json\/wp\/v2\/categories?post=189633"},{"taxonomy":"post_tag","embeddable":true,"href":"https:\/\/www.leccecronaca.it\/index.php\/wp-json\/wp\/v2\/tags?post=189633"}],"curies":[{"name":"wp","href":"https:\/\/api.w.org\/{rel}","templated":true}]}}