{"id":190322,"date":"2021-10-31T18:33:41","date_gmt":"2021-10-31T17:33:41","guid":{"rendered":"http:\/\/www.leccecronaca.it\/?p=190322"},"modified":"2021-10-31T18:46:06","modified_gmt":"2021-10-31T17:46:06","slug":"notizia-riflessione-e-approfondimento-di-leccecronaca-it-sulla-giornata-mondiale-vegan","status":"publish","type":"post","link":"https:\/\/www.leccecronaca.it\/index.php\/2021\/10\/31\/notizia-riflessione-e-approfondimento-di-leccecronaca-it-sulla-giornata-mondiale-vegan\/","title":{"rendered":"RICERCA, RIFLESSIONE E APPROFONDIMENTO DI leccecronaca.it SULLA GIORNATA MONDIALE VEGAN"},"content":{"rendered":"<p><img decoding=\"async\" loading=\"lazy\" class=\"alignnone size-full wp-image-190326\" src=\"https:\/\/www.leccecronaca.it\/wordpress\/wp-content\/uploads\/2021\/10\/veg2.jpg\" alt=\"\" width=\"760\" height=\"504\" srcset=\"https:\/\/www.leccecronaca.it\/wordpress\/wp-content\/uploads\/2021\/10\/veg2.jpg 760w, https:\/\/www.leccecronaca.it\/wordpress\/wp-content\/uploads\/2021\/10\/veg2-300x199.jpg 300w\" sizes=\"(max-width: 760px) 100vw, 760px\" \/>(Rdl)______La\u00a0prima associazione vegana fu fondata a Londra il 1 novembre 1944, da Donald Watson con il nome di\u00a0Vegan society, ecco la ragione per cui questa data \u00e8 stata scelta come giornata mondiale dei vegani.<\/p>\n<p>Ogni anno il 1 novembre vengono organizzate campagne di denuncia contro lo sfruttamento degli animali e attivit\u00e0 per la salvaguardia dell\u2019ambiente e per la divulgazione della\u00a0filosofia vegana.<\/p>\n<p>L\u2019obiettivo principale rimane quello di far capire l\u2019importanza di un\u2019alimentazione che non si basi sullo sfruttamento animale.<\/p>\n<p>Tante sono le\u00a0motivazioni che spingono le persone a diventare vegane. Non \u00e8 una religione e non ha dogmi, non \u00e8 neppure una dieta o una moda. Essere vegani non significa solo non mangiare animali, ma anche rifiutare le disuguaglianze e il dominio esercitato dai pi\u00f9 forti sui pi\u00f9 deboli, condannare e denunciare lo sfruttamento degli animali negli allevamenti intensivi e tutelare l\u2019ambiente.______<\/p>\n<p>&nbsp;<\/p>\n<p><strong>LA RIFLESSIONE<\/strong> nel nostro articolo del 5 ottobre scorso<\/p>\n<blockquote class=\"wp-embedded-content\" data-secret=\"XtKjWk3Mq8\"><p><a href=\"https:\/\/www.leccecronaca.it\/index.php\/2021\/10\/05\/le-idee-percio-quando-andate-a-fare-la-spesa\/\">LE IDEE \/ \u201cPerci\u00f2 quando andate a fare la spesa&#8230;\u201c<\/a><\/p><\/blockquote>\n<p><iframe class=\"wp-embedded-content\" sandbox=\"allow-scripts\" security=\"restricted\" style=\"position: absolute; clip: rect(1px, 1px, 1px, 1px);\" src=\"https:\/\/www.leccecronaca.it\/index.php\/2021\/10\/05\/le-idee-percio-quando-andate-a-fare-la-spesa\/embed\/#?secret=XtKjWk3Mq8\" data-secret=\"XtKjWk3Mq8\" width=\"500\" height=\"282\" title=\"&#8220;LE IDEE \/ \u201cPerci\u00f2 quando andate a fare la spesa&#8230;\u201c&#8221; &#8212; LecceCronaca.it\" frameborder=\"0\" marginwidth=\"0\" marginheight=\"0\" scrolling=\"no\"><\/iframe><\/p>\n<p>&nbsp;<\/p>\n<p>L&#8217;APPROFONDIMENTO nel nostro articolo del 11 aprile 2017<\/p>\n<blockquote class=\"wp-embedded-content\" data-secret=\"TYEvZgK85I\"><p><a href=\"https:\/\/www.leccecronaca.it\/index.php\/2017\/04\/11\/le-idee-l-eta-vegana-non-e-solo-una-alimentazione-salutare-e-soprattutto-filosofia-di-vita-e-uno-strumento-di-elevazione-spirituale\/\">RIPUBBLICHIAMO UN APPROFONDIMENTO VEGAN: &#8220;Non \u00e8 solo una alimentazione salutare, \u00e8, soprattutto, filosofia di vita, \u00e8 uno strumento di elevazione spirituale&#8221;<\/a><\/p><\/blockquote>\n<p><iframe class=\"wp-embedded-content\" sandbox=\"allow-scripts\" security=\"restricted\" style=\"position: absolute; clip: rect(1px, 1px, 1px, 1px);\" src=\"https:\/\/www.leccecronaca.it\/index.php\/2017\/04\/11\/le-idee-l-eta-vegana-non-e-solo-una-alimentazione-salutare-e-soprattutto-filosofia-di-vita-e-uno-strumento-di-elevazione-spirituale\/embed\/#?secret=TYEvZgK85I\" data-secret=\"TYEvZgK85I\" width=\"500\" height=\"282\" title=\"&#8220;RIPUBBLICHIAMO UN APPROFONDIMENTO VEGAN: &#8220;Non \u00e8 solo una alimentazione salutare, \u00e8, soprattutto, filosofia di vita, \u00e8 uno strumento di elevazione spirituale&#8221;&#8221; &#8212; LecceCronaca.it\" frameborder=\"0\" marginwidth=\"0\" marginheight=\"0\" scrolling=\"no\"><\/iframe><\/p>\n<p>&nbsp;<\/p>\n<fb:like href='https:\/\/www.leccecronaca.it\/index.php\/2021\/10\/31\/notizia-riflessione-e-approfondimento-di-leccecronaca-it-sulla-giornata-mondiale-vegan\/' send='true' layout='button_count' show_faces='true' width='450' height='65' action='recommend' colorscheme='light' font='lucida grande'><\/fb:like><span class=\"fb_share\"><fb:like href=\"https:\/\/www.leccecronaca.it\/index.php\/2021\/10\/31\/notizia-riflessione-e-approfondimento-di-leccecronaca-it-sulla-giornata-mondiale-vegan\/\" layout=\"button_count\"><\/fb:like><\/span>","protected":false},"excerpt":{"rendered":"<p>(Rdl)______La\u00a0prima associazione vegana fu fondata a Londra il 1 novembre 1944, da Donald Watson con il nome di\u00a0Vegan society, ecco la ragione per cui questa data \u00e8 stata scelta come giornata mondiale dei vegani. Ogni anno il 1 novembre vengono organizzate campagne di denuncia contro lo sfruttamento degli animali e attivit\u00e0 per la salvaguardia dell\u2019ambiente [&hellip;]<\/p>\n","protected":false},"author":4,"featured_media":190326,"comment_status":"open","ping_status":"closed","sticky":false,"template":"","format":"standard","meta":[],"categories":[1,31],"tags":[],"_links":{"self":[{"href":"https:\/\/www.leccecronaca.it\/index.php\/wp-json\/wp\/v2\/posts\/190322"}],"collection":[{"href":"https:\/\/www.leccecronaca.it\/index.php\/wp-json\/wp\/v2\/posts"}],"about":[{"href":"https:\/\/www.leccecronaca.it\/index.php\/wp-json\/wp\/v2\/types\/post"}],"author":[{"embeddable":true,"href":"https:\/\/www.leccecronaca.it\/index.php\/wp-json\/wp\/v2\/users\/4"}],"replies":[{"embeddable":true,"href":"https:\/\/www.leccecronaca.it\/index.php\/wp-json\/wp\/v2\/comments?post=190322"}],"version-history":[{"count":3,"href":"https:\/\/www.leccecronaca.it\/index.php\/wp-json\/wp\/v2\/posts\/190322\/revisions"}],"predecessor-version":[{"id":190328,"href":"https:\/\/www.leccecronaca.it\/index.php\/wp-json\/wp\/v2\/posts\/190322\/revisions\/190328"}],"wp:featuredmedia":[{"embeddable":true,"href":"https:\/\/www.leccecronaca.it\/index.php\/wp-json\/wp\/v2\/media\/190326"}],"wp:attachment":[{"href":"https:\/\/www.leccecronaca.it\/index.php\/wp-json\/wp\/v2\/media?parent=190322"}],"wp:term":[{"taxonomy":"category","embeddable":true,"href":"https:\/\/www.leccecronaca.it\/index.php\/wp-json\/wp\/v2\/categories?post=190322"},{"taxonomy":"post_tag","embeddable":true,"href":"https:\/\/www.leccecronaca.it\/index.php\/wp-json\/wp\/v2\/tags?post=190322"}],"curies":[{"name":"wp","href":"https:\/\/api.w.org\/{rel}","templated":true}]}}