{"id":190329,"date":"2021-10-31T19:52:39","date_gmt":"2021-10-31T18:52:39","guid":{"rendered":"http:\/\/www.leccecronaca.it\/?p=190329"},"modified":"2021-10-31T19:54:17","modified_gmt":"2021-10-31T18:54:17","slug":"fine-stato-di-emergenza-mai","status":"publish","type":"post","link":"https:\/\/www.leccecronaca.it\/index.php\/2021\/10\/31\/fine-stato-di-emergenza-mai\/","title":{"rendered":"FINE STATO DI EMERGENZA MAI"},"content":{"rendered":"<p><img decoding=\"async\" loading=\"lazy\" class=\"alignnone size-full wp-image-190330\" src=\"https:\/\/www.leccecronaca.it\/wordpress\/wp-content\/uploads\/2021\/10\/151649778-8d4a0adf-591c-4bb1-a31e-9d75fd339be1.jpg\" alt=\"\" width=\"1200\" height=\"630\" srcset=\"https:\/\/www.leccecronaca.it\/wordpress\/wp-content\/uploads\/2021\/10\/151649778-8d4a0adf-591c-4bb1-a31e-9d75fd339be1.jpg 1200w, https:\/\/www.leccecronaca.it\/wordpress\/wp-content\/uploads\/2021\/10\/151649778-8d4a0adf-591c-4bb1-a31e-9d75fd339be1-300x158.jpg 300w, https:\/\/www.leccecronaca.it\/wordpress\/wp-content\/uploads\/2021\/10\/151649778-8d4a0adf-591c-4bb1-a31e-9d75fd339be1-1024x538.jpg 1024w, https:\/\/www.leccecronaca.it\/wordpress\/wp-content\/uploads\/2021\/10\/151649778-8d4a0adf-591c-4bb1-a31e-9d75fd339be1-768x403.jpg 768w\" sizes=\"(max-width: 1200px) 100vw, 1200px\" \/>(Rdl)______L&#8217;Italia \u00e8 in stato d&#8217;emergenza nazionale dal 31 gennaio 2020 a causa del Covid 19. Il governo lo adott\u00f2 per avere la possibilit\u00e0 di stabilire direttamente e rapoidamente le misure da adottare per affrontare la pandemia.<\/p>\n<p>Fu poi successivamente prorogato e cos\u00ec si \u00e8 andati avanti oramai da un anno e nove mesi sulla base dei dpcm, i decreti del presidente del Consiglio dei Ministri, su lockdown, mascherine, chiusure e tutto quanto il resto.<\/p>\n<p>Quanto tutto questo sia legale \u00e8 un dibattito ancora in corso.<\/p>\n<p>La materia \u00e8 controversa, anche se riguarda la vita quotidiana di tutti i cittadini.<\/p>\n<p>&nbsp;<\/p>\n<p>Inoltre, il tempo del verbo probabilmente andr\u00e0 spostato al futuro: riguarder\u00e0. La notizia di questa sera \u00e8 che il governo pensa di prorogare ulteriormente\u00a0 lo stato di emergenza nazionale.<\/p>\n<p>Possibile?<\/p>\n<p>L&#8217;unico riferimento specifico e preciso sulla durata dell&#8217;emergenza sta al comma 3 dell&#8217;articolo 24 del decreto legislativo n. 1 del 02\/01\/2018, che cos\u00ec recita:\u00a0<em>&#8220;la durata dello stato di emergenza di rilievo nazionale non pu\u00f2 superare i dodici mesi, ed \u00e8 prorogabile per non pi\u00f9 di ulteriori dodici mesi&#8221;<\/em>.<\/p>\n<p>Stando cos\u00ec le cose, il governo, che lo ha gi\u00e0 prorogato una volta, non potrebbe avvalersi pi\u00f9 di questo strumento, che decadrebbe automaticamente fra tre mesi, a fine gennaio dell&#8217;entrante 2022.<\/p>\n<p>Eppure pensa di prorogarlo ancora.<\/p>\n<p>Lo ha detto questo pomeriggio, nel corso della trasmissione televisiva su Rai 3 \u00abMezz&#8217;ora in pi\u00f9\u00bbdi Lucia Annunziata e Antonio Di Bella\u00a0il ministro della Salute\u00a0<strong>Roberto Speranza<\/strong>:<strong><em>\u00a0&#8220;se sar\u00e0 necessario prorogare lo stato d&#8217;emergenza lo faremo senza timore&#8221;.<\/em><\/strong><\/p>\n<p>&nbsp;<\/p>\n<p>Per correttezza dell&#8217;informazione, qui di seguito in maniera integrale e nel contesto completo tutte le dichiarazioni fatte dal ministro a proposito della situazione.<\/p>\n<p><em>&#8220;Non ci siamo mai dati l&#8217;obiettivo secco del 90% di popolazione vaccinata, se per\u00f2 mi avessero detto che ad oggi ci sarebbe stata l&#8217;86% con la prima dose sarei stato contento, il 90% \u00e8 un obiettivo ambizioso ma alla nostra portata. Per\u00f2 non bisogna assolutamente abbassare la guardia, anche\u00a0perch\u00e9 assistiamo comunque a un lieve aumento dei casi. E strumento fondamentale di controllo dei contagi \u00e8 il Green Pass.<\/em><\/p>\n<p><em>Noi pensiamo che in questo momento il Green Pass sia fondamentale,\u00a0 perch\u00e9 ci consente di tenere aperti tutti i luoghi della socializzazione, della cultura, i ristoranti, le scuole e le universit\u00e0. In un quadro epidemiologico diverso, faremo naturalmente tutte le valutazioni necessarie.<\/em><\/p>\n<p><em>Come governo ci baseremo sull&#8217;evidenza scientifica, se sar\u00e0 necessario prorogare lo stato d&#8217;emergenza lo faremo senza timore ricordo che ad oggi la curva \u00e8 in risalita.<\/em><\/p>\n<p><em>Per questo \u00e8 in corso una procedura di valutazione del vaccino tra i 5 e i 12 anni presso l&#8217;Ema. Il nostro auspicio e&#8217; che possa esprimersi entro la fine dell&#8217;anno e, quando si sara&#8217; espressa, anche in Italia si potr\u00e0 procedere con questa vaccinazione&#8221;.<\/em><\/p>\n<fb:like href='https:\/\/www.leccecronaca.it\/index.php\/2021\/10\/31\/fine-stato-di-emergenza-mai\/' send='true' layout='button_count' show_faces='true' width='450' height='65' action='recommend' colorscheme='light' font='lucida grande'><\/fb:like><span class=\"fb_share\"><fb:like href=\"https:\/\/www.leccecronaca.it\/index.php\/2021\/10\/31\/fine-stato-di-emergenza-mai\/\" layout=\"button_count\"><\/fb:like><\/span>","protected":false},"excerpt":{"rendered":"<p>(Rdl)______L&#8217;Italia \u00e8 in stato d&#8217;emergenza nazionale dal 31 gennaio 2020 a causa del Covid 19. Il governo lo adott\u00f2 per avere la possibilit\u00e0 di stabilire direttamente e rapoidamente le misure da adottare per affrontare la pandemia. Fu poi successivamente prorogato e cos\u00ec si \u00e8 andati avanti oramai da un anno e nove mesi sulla base [&hellip;]<\/p>\n","protected":false},"author":4,"featured_media":190330,"comment_status":"open","ping_status":"closed","sticky":false,"template":"","format":"standard","meta":[],"categories":[69,76],"tags":[],"_links":{"self":[{"href":"https:\/\/www.leccecronaca.it\/index.php\/wp-json\/wp\/v2\/posts\/190329"}],"collection":[{"href":"https:\/\/www.leccecronaca.it\/index.php\/wp-json\/wp\/v2\/posts"}],"about":[{"href":"https:\/\/www.leccecronaca.it\/index.php\/wp-json\/wp\/v2\/types\/post"}],"author":[{"embeddable":true,"href":"https:\/\/www.leccecronaca.it\/index.php\/wp-json\/wp\/v2\/users\/4"}],"replies":[{"embeddable":true,"href":"https:\/\/www.leccecronaca.it\/index.php\/wp-json\/wp\/v2\/comments?post=190329"}],"version-history":[{"count":1,"href":"https:\/\/www.leccecronaca.it\/index.php\/wp-json\/wp\/v2\/posts\/190329\/revisions"}],"predecessor-version":[{"id":190331,"href":"https:\/\/www.leccecronaca.it\/index.php\/wp-json\/wp\/v2\/posts\/190329\/revisions\/190331"}],"wp:featuredmedia":[{"embeddable":true,"href":"https:\/\/www.leccecronaca.it\/index.php\/wp-json\/wp\/v2\/media\/190330"}],"wp:attachment":[{"href":"https:\/\/www.leccecronaca.it\/index.php\/wp-json\/wp\/v2\/media?parent=190329"}],"wp:term":[{"taxonomy":"category","embeddable":true,"href":"https:\/\/www.leccecronaca.it\/index.php\/wp-json\/wp\/v2\/categories?post=190329"},{"taxonomy":"post_tag","embeddable":true,"href":"https:\/\/www.leccecronaca.it\/index.php\/wp-json\/wp\/v2\/tags?post=190329"}],"curies":[{"name":"wp","href":"https:\/\/api.w.org\/{rel}","templated":true}]}}