{"id":190565,"date":"2021-11-04T21:13:03","date_gmt":"2021-11-04T20:13:03","guid":{"rendered":"http:\/\/www.leccecronaca.it\/?p=190565"},"modified":"2021-11-17T11:14:27","modified_gmt":"2021-11-17T10:14:27","slug":"forte-appello-per-fermare-i-previsti-nuovi-abbattimenti-degli-ulivi-decisi-dalla-regione-puglia","status":"publish","type":"post","link":"https:\/\/www.leccecronaca.it\/index.php\/2021\/11\/04\/forte-appello-per-fermare-i-previsti-nuovi-abbattimenti-degli-ulivi-decisi-dalla-regione-puglia\/","title":{"rendered":"FORTE APPELLO PER FERMARE I PREVISTI NUOVI ABBATTIMENTI DEGLI ULIVI DECISI DALLA REGIONE PUGLIA"},"content":{"rendered":"<p><img decoding=\"async\" loading=\"lazy\" class=\"alignnone size-full wp-image-190566\" src=\"https:\/\/www.leccecronaca.it\/wordpress\/wp-content\/uploads\/2021\/11\/COBBU.jpg\" alt=\"\" width=\"510\" height=\"307\" srcset=\"https:\/\/www.leccecronaca.it\/wordpress\/wp-content\/uploads\/2021\/11\/COBBU.jpg 510w, https:\/\/www.leccecronaca.it\/wordpress\/wp-content\/uploads\/2021\/11\/COBBU-300x181.jpg 300w\" sizes=\"(max-width: 510px) 100vw, 510px\" \/>Riceviamo e volentieri pubblichiamo. Questa sera l&#8217; Associazione Ulivivo ha diffuso il seguente comunicato_____<\/p>\n<p>SI PREDICA BENE SI RAZZOLA MALE<\/p>\n<p>A PAROLE l\u2019impegno di piantare 1.000 miliardi di alberi.<\/p>\n<p>NEI FATTI continua l\u2019abbattimento degli ulivi millenari in Puglia<\/p>\n<p>GOVERNO SCHIZOFRENICO O FRAUDOLENTO?<\/p>\n<p>&nbsp;<\/p>\n<p>&nbsp;<\/p>\n<p>&#8220;Riconoscendo l&#8217;urgenza di combattere il degrado del suolo e creare nuove vasche di assorbimento del carbonio, condividiamo l&#8217;obiettivo ambizioso di piantare collettivamente 1.000 miliardi di alberi&#8221;. Lo si legge nella dichiarazione finale del vertice del G20 di Roma. &#8220;Sollecitiamo gli altri Paesi a unire le forze con il G20 per raggiungere questo obiettivo globale entro il 2030, anche attraverso progetti per il clima, con il coinvolgimento del settore privato e della societ\u00e0 civile&#8221;, si legge ancora (fonte Ansa).<\/p>\n<p>Ma alle parole non seguono i fatti e gli ulivi millenari di Puglia continuano a cadere in nome di una fantomatica \u201cemergenza Xylella\u201d che ha reso possibile aggirare le leggi a tutela ambientale. L\u2019obiettivo del governo? Salvare l\u2019agricoltura e il paesaggio! Se non fosse tragico sarebbe comico.<\/p>\n<p>Cos\u00ec, all\u2019ecocidio incipiente in atto in Salento &#8211; dove, alla devastazione gi\u00e0 prodotta dall\u2019avvelenamento del terreno e dagli abbattimenti sconsiderati, si sono sommate le richieste di abbattimento per 4 milioni di ulivi (senza valutare se siano davvero disseccati e senza considerare che quelli disseccati se adeguatamente curati riprendono a vegetare e fruttificare, come ormai ampiamente dimostrato) \u2013 si aggiunge l\u2019assalto alla Piana degli Ulivi e alla Valle d\u2019Itria, precisamente i Comuni di Monopoli, Fasano, Ostuni, Cisternino, Locorotondo e Martina Franca. In questi giorni sono state pubblicate numerosissime determine per l\u2019abbattimento di oltre 1.000 alberi (certamente non disseccati anzi produttivi) solo nel territorio di Ostuni, per giunta in situazione di palese illegittimit\u00e0!<\/p>\n<p>Le attivit\u00e0 di monitoraggio e abbattimento in questa zona (a partire da gennaio 2021), definita impropriamente e illegittimamente \u201czona ex-contenimento\u201d dalla Regione, sono state eseguite al di fuori del Regolamento di esecuzione 2020\/1201 della Commissione europea, lo dimostra la tabella di riepilogo della sorveglianza pubblicata sul sito ufficiale emergenzaxylella.it. All&#8217;interno della tabella si legge che nel periodo che va da gennaio a maggio 2021, \u00e8 stata monitorata solo la zona di Canosa di Puglia. Allora come si giustificano gli abbattimenti avvenuti a Ostuni, Fasano, Cisternino e Monopoli in seguito a determine (e campioni analizzati) che vanno da gennaio ad aprile 2021?<\/p>\n<p>Sempre all&#8217;interno di questa tabella magicamente compaiono campioni analizzati di piante provenienti da determinate zone in cui gli ettari ispezionati appaiono pari a 0. La domanda \u00e8: se Arif in determinate zone e periodi non ha ispezionato\/monitorato nessun campo (come dichiarato in tabella) da dove ha prelevato i campioni che poi, da tabella, risultano analizzati?<\/p>\n<p>I numeri dichiarati dalla Regione delle piante gi\u00e0 abbattute presenti in tabella evidentemente derivano da una matematica \u201ccreativa\u201d visto che sappiamo esserci decine di piante abbattute fra gennaio e maggio di quest&#8217;anno che scompaiono dal riepilogo della Regione per la quale la somma non fa il totale!<\/p>\n<p>Neanche compaiono gli abbattimenti illegittimi di olivi plurisecolari monumentali avvenuti in zona Montalbano di Fasano nel mese di giugno a cui abbiamo assistito personalmente! Insomma, i dati ufficiali e pubblicati dalla Regione sono falsi o frutto di errori grossolani di matematica elementare.<\/p>\n<p>Questa criminosa propaganda e \u201csciatteria\u201d \u2013 gi\u00e0 accertata dalla Procura di Lecce &#8211; ci costa milioni di euro mentre distrugge paesaggio, ambiente, economia locale e cultura della nostra Terra! Consiglieri e funzionari della Regione, dell&#8217;Arif, di Innovapuglia, a cui paghiamo fior fiori di stipendi (oltre ai milioni di euro che provengono dalla Comunit\u00e0 europea), si sono dimostrati incapaci di utilizzare perfino la matematica pi\u00f9 elementare, oltre che\u00a0 confusionari e incapaci di seguire il regolamento europeo sia nella tempistica (il regolamento \u00e8 stato pubblicato ad agosto 2020 e sarebbe dovuto essere di immediata applicazione) che nella procedura (nel regolamento non esiste nessuna \u201czona ex-contenimento\u201d), infatti l&#8217;Italia \u00e8 costantemente sotto procedura di infrazione, e noi dovremmo fidarci e affidarci a loro?!?!<\/p>\n<p>Da qualche mese nelle determine di abbattimento non c&#8217;\u00e8 pi\u00f9 il nome dell&#8217;intestatario della particella in cui \u00e8 previsto l&#8217;abbattimento. E\u2019 pensabile che i proprietari di terreni \u2013 oltre a non poter fare analisi per proprio conto (caso mai scoprissero gli altarini!) &#8211; vadano tutti i giorni sul sito dell&#8217;Albo Pretorio a leggere le determine e controllare al catasto quali sono il foglio e la particella del proprio terreno??? E, se non lo fanno, l\u2019Ente autorizzato dalla Regione piomba con le ruspe di mattino presto per abbattergli piante plurisecolari e monumentali di ulivo (di cui \u00e8 custode), senza che abbiano avuto la minima possibilit\u00e0 di difendere la propria azienda e la loro propriet\u00e0 privata??!!!<\/p>\n<p>Allora, cos\u2019\u00e8: schizofrenia o fraudolenza?<\/p>\n<p>Al riguardo, nel 2015, l\u2019allora procuratore di Lecce, Cataldo Motta, gi\u00e0 si era espresso molto chiaramente\u00a0sostenendo, in una conferenza stampa, che l\u2019Unione Europea fosse stata \u00abtratta in inganno da una falsa rappresentazione dell\u2019emergenza Xylella fastidiosa, basata su dati impropri e sull\u2019inesistenza di un reale nesso di causalit\u00e0 tra il batterio ed il disseccamento delle piante\u00bb<\/p>\n<p>&nbsp;<\/p>\n<p>Pertanto, TORNIAMO A CHIEDERE<\/p>\n<p>&nbsp;<\/p>\n<p>1)\u00a0\u00a0\u00a0\u00a0\u00a0 ALLA PROCURA di fermare gli abbattimenti illegittimi prima che sia troppo tardi. Quando il nostro territorio sar\u00e0 distrutto a cosa varr\u00e0 assicurare alla giustizia i colpevoli?<\/p>\n<p>2)\u00a0\u00a0\u00a0\u00a0\u00a0 ALLA CORTE DEI CONTI di accertare la regolarit\u00e0 della gestione dei finanziamenti comunitari che sono stati destinati alla cosiddetta \u201cemergenza Xylella\u201d. Per quanto tempo i cittadini devono subire il danno (abbattimento di piante monumentali) e la beffa (viste le procedure di infrazione a cui \u00e8 sottoposta l&#8217;Italia per la gestione di questa emergenza)?<\/p>\n<p>3)\u00a0\u00a0\u00a0\u00a0\u00a0 AI CONTADINI di rendersi conto, con i propri occhi, di come alberi disseccati possano tornare in stato vegetativo e produttivo grazie a strategie messe a punto su base scientifica o empirica. A chi giova continuare a negare l\u2019esistenza di cure?<\/p>\n<p>4)\u00a0\u00a0\u00a0\u00a0\u00a0 A TUTTI I CITTADINI di porsi una semplice domanda: a chi giova continuare ad abbattere i nostri ulivi millenari? Per trovare la risposta basterebbe mettere insieme gli abbattimenti con i nuovi utilizzi del suolo. Unendo i puntini il disegno emerger\u00e0 chiaro.<\/p>\n<p>&nbsp;<\/p>\n<p>ADESSO BASTA!<\/p>\n<p>Comitato ULIVIVO<\/p>\n<p>&nbsp;<\/p>\n<p>ATTENZIONE! Il Comitato ULIVIVO \u00e8 a disposizione di chiunque voglia vedere con i propri occhi olivi disseccati tornati in pieno stato vegetativo e produttivo. Chi interessato invii una email di richiesta a: ulivivo2021@gmail.com<\/p>\n<p>______<\/p>\n<p>L&#8217;APPROFONDIMENTO nel nostro articolo del 30 ottobre scorso<\/p>\n<blockquote class=\"wp-embedded-content\" data-secret=\"9bY5UkcIrW\"><p><a href=\"https:\/\/www.leccecronaca.it\/index.php\/2021\/10\/30\/la-regione-trova-mille-alberi-infetti-nella-piana-degli-ulivi-secolari-di-ostuni-li-considera-metastasi-e-ha-gia-deciso-di-ucciderli-abbattendoli\/\">LA REGIONE TROVA ALTRI MILLE ALBERI \u201cinfetti\u201d NELLA PIANA DEGLI ULIVI SECOLARI DI OSTUNI, LI CONSIDERA \u201cmetastasi\u201d E HA GIA&#8217; DECISO DI UCCIDERLI ABBATTENDOLI<\/a><\/p><\/blockquote>\n<p><iframe class=\"wp-embedded-content\" sandbox=\"allow-scripts\" security=\"restricted\" style=\"position: absolute; clip: rect(1px, 1px, 1px, 1px);\" src=\"https:\/\/www.leccecronaca.it\/index.php\/2021\/10\/30\/la-regione-trova-mille-alberi-infetti-nella-piana-degli-ulivi-secolari-di-ostuni-li-considera-metastasi-e-ha-gia-deciso-di-ucciderli-abbattendoli\/embed\/#?secret=9bY5UkcIrW\" data-secret=\"9bY5UkcIrW\" width=\"500\" height=\"282\" title=\"&#8220;LA REGIONE TROVA ALTRI MILLE ALBERI \u201cinfetti\u201d NELLA PIANA DEGLI ULIVI SECOLARI DI OSTUNI, LI CONSIDERA \u201cmetastasi\u201d E HA GIA&#8217; DECISO DI UCCIDERLI ABBATTENDOLI&#8221; &#8212; LecceCronaca.it\" frameborder=\"0\" marginwidth=\"0\" marginheight=\"0\" scrolling=\"no\"><\/iframe><\/p>\n<fb:like href='https:\/\/www.leccecronaca.it\/index.php\/2021\/11\/04\/forte-appello-per-fermare-i-previsti-nuovi-abbattimenti-degli-ulivi-decisi-dalla-regione-puglia\/' send='true' layout='button_count' show_faces='true' width='450' height='65' action='recommend' colorscheme='light' font='lucida grande'><\/fb:like><span class=\"fb_share\"><fb:like href=\"https:\/\/www.leccecronaca.it\/index.php\/2021\/11\/04\/forte-appello-per-fermare-i-previsti-nuovi-abbattimenti-degli-ulivi-decisi-dalla-regione-puglia\/\" layout=\"button_count\"><\/fb:like><\/span>","protected":false},"excerpt":{"rendered":"<p>Riceviamo e volentieri pubblichiamo. Questa sera l&#8217; Associazione Ulivivo ha diffuso il seguente comunicato_____ SI PREDICA BENE SI RAZZOLA MALE A PAROLE l\u2019impegno di piantare 1.000 miliardi di alberi. NEI FATTI continua l\u2019abbattimento degli ulivi millenari in Puglia GOVERNO SCHIZOFRENICO O FRAUDOLENTO? &nbsp; &nbsp; &#8220;Riconoscendo l&#8217;urgenza di combattere il degrado del suolo e creare nuove [&hellip;]<\/p>\n","protected":false},"author":4,"featured_media":190566,"comment_status":"open","ping_status":"closed","sticky":false,"template":"","format":"standard","meta":[],"categories":[1,69,76],"tags":[],"_links":{"self":[{"href":"https:\/\/www.leccecronaca.it\/index.php\/wp-json\/wp\/v2\/posts\/190565"}],"collection":[{"href":"https:\/\/www.leccecronaca.it\/index.php\/wp-json\/wp\/v2\/posts"}],"about":[{"href":"https:\/\/www.leccecronaca.it\/index.php\/wp-json\/wp\/v2\/types\/post"}],"author":[{"embeddable":true,"href":"https:\/\/www.leccecronaca.it\/index.php\/wp-json\/wp\/v2\/users\/4"}],"replies":[{"embeddable":true,"href":"https:\/\/www.leccecronaca.it\/index.php\/wp-json\/wp\/v2\/comments?post=190565"}],"version-history":[{"count":1,"href":"https:\/\/www.leccecronaca.it\/index.php\/wp-json\/wp\/v2\/posts\/190565\/revisions"}],"predecessor-version":[{"id":190567,"href":"https:\/\/www.leccecronaca.it\/index.php\/wp-json\/wp\/v2\/posts\/190565\/revisions\/190567"}],"wp:featuredmedia":[{"embeddable":true,"href":"https:\/\/www.leccecronaca.it\/index.php\/wp-json\/wp\/v2\/media\/190566"}],"wp:attachment":[{"href":"https:\/\/www.leccecronaca.it\/index.php\/wp-json\/wp\/v2\/media?parent=190565"}],"wp:term":[{"taxonomy":"category","embeddable":true,"href":"https:\/\/www.leccecronaca.it\/index.php\/wp-json\/wp\/v2\/categories?post=190565"},{"taxonomy":"post_tag","embeddable":true,"href":"https:\/\/www.leccecronaca.it\/index.php\/wp-json\/wp\/v2\/tags?post=190565"}],"curies":[{"name":"wp","href":"https:\/\/api.w.org\/{rel}","templated":true}]}}