{"id":190602,"date":"2021-11-06T17:55:27","date_gmt":"2021-11-06T16:55:27","guid":{"rendered":"http:\/\/www.leccecronaca.it\/?p=190602"},"modified":"2021-11-06T18:52:59","modified_gmt":"2021-11-06T17:52:59","slug":"anteprima-di-lecce-parma-domenica-7-ore-14-00","status":"publish","type":"post","link":"https:\/\/www.leccecronaca.it\/index.php\/2021\/11\/06\/anteprima-di-lecce-parma-domenica-7-ore-14-00\/","title":{"rendered":"ANTEPRIMA DI LECCE-PARMA, DOMENICA 7 ORE 14.00"},"content":{"rendered":"<p><strong>(m.a.)______<\/strong><\/p>\n<p><img decoding=\"async\" loading=\"lazy\" class=\"alignnone size-full wp-image-190143\" src=\"https:\/\/www.leccecronaca.it\/wordpress\/wp-content\/uploads\/2021\/10\/BARONI-CONFERENZA.jpg\" alt=\"\" width=\"1536\" height=\"2048\" srcset=\"https:\/\/www.leccecronaca.it\/wordpress\/wp-content\/uploads\/2021\/10\/BARONI-CONFERENZA.jpg 1536w, https:\/\/www.leccecronaca.it\/wordpress\/wp-content\/uploads\/2021\/10\/BARONI-CONFERENZA-225x300.jpg 225w, https:\/\/www.leccecronaca.it\/wordpress\/wp-content\/uploads\/2021\/10\/BARONI-CONFERENZA-768x1024.jpg 768w, https:\/\/www.leccecronaca.it\/wordpress\/wp-content\/uploads\/2021\/10\/BARONI-CONFERENZA-1152x1536.jpg 1152w\" sizes=\"(max-width: 1536px) 100vw, 1536px\" \/>Il <strong>Lecce<\/strong> di <strong>Baroni<\/strong> (nella foto) \u00e8 pronto per il big match di domani\u00a0 contro il <strong>Parma<\/strong> al <strong>Via del Mare<\/strong>.<\/p>\n<p><em>&#8220;Una gara importante, che vale la pena di giocare&#8221;<\/em> dice il tecnico giallorosso in conferenza stampa, contro una rosa\u00a0 costruita per ritornare\u00a0 subito nella massima serie.<\/p>\n<p>Pensiamo tanto per citare qualche nome\u00a0 agli arrivi in Emilia quest&#8217;estate\u00a0 di <strong>Gigi Buffon<\/strong>, portiere icona del calcio italiano, del &#8220;<em>Mudo&#8221;<\/em> <strong>Vazquez<\/strong> e del talentuoso napoletano <strong>Gennaro Tutino<\/strong>, pi\u00f9 volte accostato ai salentini\u00a0 in passato.<\/p>\n<p>I ducali di <strong>Enzo Maresca<\/strong>, nonostante i\u00a0 corposi investimenti\u00a0 effettuati in sede di calciomercato, hanno avuto un inizio di stagione deludente portando a casa soltanto 16 punti , frutto di\u00a0 quattro vittorie, quattro pareggi e tre ko.<\/p>\n<p>Insomma un ruolino di marcia decisamente ancora troppo insufficiente per coltivare velleit\u00e0 di promozione diretta.<\/p>\n<p>Di contro, i giallorossi vogliono dare continuit\u00e0\u00a0 alla striscia di dieci risultati consecutivi battendo un avversario che ha tutte le carte in regola per lottare fino alla fine per le zone nobili della classifica,<\/p>\n<p>La gara tra Lecce-Parma, di scena\u00a0 in un Via del Mare gremito, \u00e8 in programma\u00a0 domani alle ore 14.00.<\/p>\n<p>L&#8217;arbitro del match sar\u00e0 Davide Ghersini della sezione di Genova. Il fischietto ligure sar\u00e0 assistito da Giuseppe Perrotti di Campobasso e Domenico Palermo della sezione di Bari. Come quarto uomo \u00e8 stato designato Mattia Pascarella di Nocera Inferiore, mentre al Var e Avar ci saranno Fourneau e Liberti.<\/p>\n<p><img decoding=\"async\" loading=\"lazy\" class=\"alignnone size-full wp-image-188821\" src=\"https:\/\/www.leccecronaca.it\/wordpress\/wp-content\/uploads\/2021\/09\/stemma-lecce.jpg\" alt=\"\" width=\"213\" height=\"224\" \/>Vediamo ora le probabili formazioni:<\/p>\n<p><strong>LECCE ( 4-3-3)<\/strong>.\u00a0 I giallorossi potrebbero scendere in campo ancora con <strong>Bleve<\/strong> tra i pali.<\/p>\n<p>Nel\u00a0 reparto arretrato rientra\u00a0 dal primo minuto <strong>Barreca<\/strong>, che con <strong>Gendrey<\/strong> presidier\u00e0 le fasce. Al centro completano il pacchetto difensivo <strong>Lucioni<\/strong> e <strong>Meccariello<\/strong>.<\/p>\n<p>Sulla linea mediana possibile conferma di <strong>Bjorkengren<\/strong> insieme a <strong>Majer<\/strong> e <strong>Hjulmand<\/strong>, mentre in avanti intoccabile il tridente formato da<strong> Strefezza, Coda e Di Mariano.<\/strong><\/p>\n<p>&nbsp;<\/p>\n<p><strong>PARMA ( 3-5-2<\/strong> ). <strong>Maresca<\/strong> dovrebbe mandare in campo il trio difensivo <strong>Osorio, Danilo e Coubbault<\/strong> a protezione di Buffon.<\/p>\n<p>Riguardo il centrocampo\u00a0 <strong>Del Prato<\/strong> e <strong>Mihaila<\/strong> agiranno sugli esterni, mentre in mezzo Sohm \u00a0 \u00a0 si candida per una maglia da titolare affianco a <strong>Vazquez<\/strong> e <strong>Juric.<\/strong><\/p>\n<p>Davanti potrebbe partire dal primo minuto il duo <strong>Tutino-Benedyczak.<\/strong><\/p>\n<fb:like href='https:\/\/www.leccecronaca.it\/index.php\/2021\/11\/06\/anteprima-di-lecce-parma-domenica-7-ore-14-00\/' send='true' layout='button_count' show_faces='true' width='450' height='65' action='recommend' colorscheme='light' font='lucida grande'><\/fb:like><span class=\"fb_share\"><fb:like href=\"https:\/\/www.leccecronaca.it\/index.php\/2021\/11\/06\/anteprima-di-lecce-parma-domenica-7-ore-14-00\/\" layout=\"button_count\"><\/fb:like><\/span>","protected":false},"excerpt":{"rendered":"<p>(m.a.)______ Il Lecce di Baroni (nella foto) \u00e8 pronto per il big match di domani\u00a0 contro il Parma al Via del Mare. &#8220;Una gara importante, che vale la pena di giocare&#8221; dice il tecnico giallorosso in conferenza stampa, contro una rosa\u00a0 costruita per ritornare\u00a0 subito nella massima serie. Pensiamo tanto per citare qualche nome\u00a0 agli [&hellip;]<\/p>\n","protected":false},"author":4,"featured_media":190143,"comment_status":"open","ping_status":"closed","sticky":false,"template":"","format":"standard","meta":[],"categories":[28],"tags":[],"_links":{"self":[{"href":"https:\/\/www.leccecronaca.it\/index.php\/wp-json\/wp\/v2\/posts\/190602"}],"collection":[{"href":"https:\/\/www.leccecronaca.it\/index.php\/wp-json\/wp\/v2\/posts"}],"about":[{"href":"https:\/\/www.leccecronaca.it\/index.php\/wp-json\/wp\/v2\/types\/post"}],"author":[{"embeddable":true,"href":"https:\/\/www.leccecronaca.it\/index.php\/wp-json\/wp\/v2\/users\/4"}],"replies":[{"embeddable":true,"href":"https:\/\/www.leccecronaca.it\/index.php\/wp-json\/wp\/v2\/comments?post=190602"}],"version-history":[{"count":4,"href":"https:\/\/www.leccecronaca.it\/index.php\/wp-json\/wp\/v2\/posts\/190602\/revisions"}],"predecessor-version":[{"id":190613,"href":"https:\/\/www.leccecronaca.it\/index.php\/wp-json\/wp\/v2\/posts\/190602\/revisions\/190613"}],"wp:featuredmedia":[{"embeddable":true,"href":"https:\/\/www.leccecronaca.it\/index.php\/wp-json\/wp\/v2\/media\/190143"}],"wp:attachment":[{"href":"https:\/\/www.leccecronaca.it\/index.php\/wp-json\/wp\/v2\/media?parent=190602"}],"wp:term":[{"taxonomy":"category","embeddable":true,"href":"https:\/\/www.leccecronaca.it\/index.php\/wp-json\/wp\/v2\/categories?post=190602"},{"taxonomy":"post_tag","embeddable":true,"href":"https:\/\/www.leccecronaca.it\/index.php\/wp-json\/wp\/v2\/tags?post=190602"}],"curies":[{"name":"wp","href":"https:\/\/api.w.org\/{rel}","templated":true}]}}