{"id":190941,"date":"2021-11-13T00:17:04","date_gmt":"2021-11-12T23:17:04","guid":{"rendered":"http:\/\/www.leccecronaca.it\/?p=190941"},"modified":"2021-11-16T22:23:00","modified_gmt":"2021-11-16T21:23:00","slug":"quel-12-novembre-del-1977-lettera-al-direttore","status":"publish","type":"post","link":"https:\/\/www.leccecronaca.it\/index.php\/2021\/11\/13\/quel-12-novembre-del-1977-lettera-al-direttore\/","title":{"rendered":"LA VIOLENZA COMUNISTA QUANDO ERA DI MODA &#8211; QUEL 12 NOVEMBRE DEL 1977. Lettera al Direttore"},"content":{"rendered":"<p><strong><img decoding=\"async\" loading=\"lazy\" class=\"alignnone size-full wp-image-190999\" src=\"https:\/\/www.leccecronaca.it\/wordpress\/wp-content\/uploads\/2021\/11\/italia-uomo-integrale-campo-hobbit-melcore.jpg\" alt=\"\" width=\"833\" height=\"1513\" srcset=\"https:\/\/www.leccecronaca.it\/wordpress\/wp-content\/uploads\/2021\/11\/italia-uomo-integrale-campo-hobbit-melcore.jpg 833w, https:\/\/www.leccecronaca.it\/wordpress\/wp-content\/uploads\/2021\/11\/italia-uomo-integrale-campo-hobbit-melcore-165x300.jpg 165w, https:\/\/www.leccecronaca.it\/wordpress\/wp-content\/uploads\/2021\/11\/italia-uomo-integrale-campo-hobbit-melcore-564x1024.jpg 564w, https:\/\/www.leccecronaca.it\/wordpress\/wp-content\/uploads\/2021\/11\/italia-uomo-integrale-campo-hobbit-melcore-768x1395.jpg 768w\" sizes=\"(max-width: 833px) 100vw, 833px\" \/>Valerio Melcore<\/strong>_______<\/p>\n<p>Caro Giuseppe, i fatti andarono proprio come tu li racconti, certo ci sarebbero da aggiungere gli antefatti e alcuni particolari di cui tu non eri a conoscenza o non ricordi. Stavo per scriverti un commento in fondo al Tuo articolo, ringraziandoti per averlo ricordato, \u00a0poi man mano che scrivevo mi sono accorto che mi sono fatto prendere dai ricordi e che avevo scritto pi\u00f9 del dovuto.<\/p>\n<p>Certo mi dispiaceva che tra tante cose belle anche esteticamente pregevoli, come il cartello qui sopra, avessi pubblicato quel ciclostilato stampato in 2.000 copie la cui copertina fu vergata velocemente non so da chi, \u00a0su una matrice di ciclostile.<\/p>\n<p>Comunque quella Mostra in piazza delle Poste, fu fortemente voluta dal sottoscritto e dal gruppo di giovani che mi sostenevano, sin dal primo momento in cui mi fu affidata la Segreteria provinciale del FdG.; mentre fu osteggiata dai Dirigenti del MSI, molti dei quali persone anziane che giustamente non volevano fastidi di nessun tipo, i quali erano abituati a chiedere le piazze solo in occasione delle campagne elettorali.<\/p>\n<p>Lo dico\u00a0non per mania di protagonismo, ma perch\u00e9 a leggere il libro &#8220;Quel 12 Novembre&#8221;, per chi come me sa come sono andate le cose c&#8217;\u00e8 da sbellicarsi dalle risate. Secondo l&#8217;autore quella mostra rientrava in una strategia internazionale, fatte di trame nere, di attentati alla democrazia, di colpi di Stato e di altre amenit\u00e0 che all&#8217;epoca erano molto in voga nella narrazione che la sinistra faceva della destra. Quella mostra fu voluta da un \u00a0ragazzo di vent&#8217;anni, con a fianco altri due coetanei e che alle sue spalle aveva soltanto un centinaio di ragazzini delle scuole medie superiori.<\/p>\n<p>Come tu sai io non ero cresciuto nel partito, quindi ero portatore di una cultura movimentista, non fatta di tessere ma di azioni concrete, e se mi fu dato quell&#8217;incarico fu solo\u00a0 perch\u00e9 eravamo all&#8217;indomani della scissione interna al MSI, che si era spaccato verticalmente in due. Mi ricordo quando Francesco Giancaspro di Bari mi segnal\u00f2 a Gianfranco Fini perch\u00e9 mi nominasse Dirigente Nazionale del Fronte, arriv\u00f2 un telefonata sulla sede, in via Vignes che si trovava al primo piano sull&#8217;Armeria Calabrese, il Comandante Becherini lui che ra sempre compassato, venne di corsa e a bassa voce mi disse:&#8221; corri c&#8217;\u00e8 il Segretario Nazionale del Fronte&#8221;. Arrivai trafelato e dissi: &#8220;buongiorno segretrario&#8221; lui mi rispose di chiamarlo Gianfranco che era un ragazzo pure lui solo con qualche anno in pi\u00f9. Poi mi chiese cosa fosse quel baccano che sentiva, \u00a0gli risposi che era una conferenza in cui si ascoltava anche della musica scritta e cantata dai nostri giovani. Lui disse che quelle iniziative dovevano essere comunicate al Secolo d&#8217;Italia, il quotidiano del partito, perch\u00e9 dovevano sapere quello che organizzavano i giovani, io mi misi a ridere pensando che iniziative come quelle le facevamo un giorno si e uno no. Poi mi disse che non aveva ricevuto il tesseramento, e che io nella storia del MSI ero l&#8217;unico Segretario Provinciale, nonch\u00e9 Dirigente Nazionale giovanile che non era tesserato. Questo a dimostrazione di come non avessi la ben minima idea di come funzionasse un partito. Provai giustificarmi poi gli chiesi quante dovevano essere questi tesserati, spaventato dall&#8217;idea di dover perdere un sacco di tempo nel tesserare le centinaia di ragazzi che venivano a trovarci. Fini mi rispose almeno una ventina, allora rassicurato gli risposi va bene faccio tesserare tutti quella della Giunta Provinciale del Fronte. \u00a0Quindi com&#8217;\u00e8 che mi ritrovai a ricoprire quel ruolo di leader dei giovani missini? \u00a0Dopo la scissione met\u00e0 dei dirigenti erano andati via e dato vita ad una nuova formazione politica Democrazia Nazionale, a Lecce and\u00f2 via l&#8217;onorevole Pietro Sponziello, leader indiscusso per partito salentino da trent&#8217;anni, e lo stesso era capitato a Brindisi con l&#8217;Onororevole Clemnete Manco. Almirante ordin\u00f2 che in tutte le citt\u00e0 doveva essere riorganizzato il Fronte della Giovent\u00f9, a Lecce gli eretici rientrarono nel partito e tra questi Enrico Gabellone, che mi segnal\u00f2 come il giovane che poteva riorganizzare il Movimento giovanile del MSI. Quella manifestazione la chiesi pi\u00f9 volte nell&#8217;arco di quell&#8217;anno e mi fu sempre negata con una scusa o con un&#8217;altra, dalla polizia. Qualcuno in Questura alla fine mi fece capire chiaramente che se non avessi avuto l\u2019appoggio del partito non avrei ottenuto la piazza.<\/p>\n<p>Cos\u00ec durante la riunione di Giunta del MSI, posi la questione e quando vidi che per l&#8217;ennesima mi trovavo di fronte ad un muro di gomma, mi giocai la carta vincente. \u00a0Chiesi ai Dirigenti se per caso non avessero paura, perch\u00e9 in quel caso io avrei capito e desistito. Apriti cielo, inizi\u00f2 prima Carmelo Oliva e a ruota suo cugino, poi fu la volta del carissimo Dottor Antonio Catamo, e dopo aver ricordato a me giovane impertinente, quali prove avevano dovuto superare nella loro vita, rivolti a Giorgio Bortone gli dissero di non indugiare oltre e darmi il permesso di parlare anche a nome del partito. Manolo Russo fece un mezzo sorriso, pensando alla mia furbata, e cos\u00ec \u00a0Mario De Cristofaro fece buon viso cattivo gioco e disse che mi avrebbe accompagnato all\u2019indomani in Questura. Non ricordo se in quell&#8217;occasione era presente pure Fedele Pampo, Segretario Nazionale della Cisnal e Adriana Poli , all&#8217;epoca Consigliere comunale. Quando la riunione fin\u00ec Manolo mi prese sotto braccio e mi disse:&#8221;Valerio qui nessuno ha paura, e tu vedi di non esagerare. Comunque hai fatto bene&#8221;.<\/p>\n<p>Manolo era un armadio e nonostante il suo aspetto bonario se diceva di non esagerare andava preso sul serio.<\/p>\n<p>L&#8217;indomani insieme a Mario andammo in Questura, Mario alz\u00f2 la voce per cui si convinsero che il partito appoggiava la mia richiesta, \u00a0e ci concessero quella benedetta e tanto agognata mostra grafica e fotografica in Piazza delle Poste per il giorno del 12 Novembre.<\/p>\n<p>Quella Mostra arrivava alla fine di un anno pieno di iniziative, che aveva visto la Giovane Destra primeggiare sulla Sinistra giovanile. I giovani di destra stranamente mietevano successi nelle scuole, le strade erano costantemente \u201cpattugliate\u201d da ragazzi e sopratutto ragazze, una novit\u00e0 per la destra leccese, che si occupavano della vendita militante del giornale \u201cDissenso\u201d o di ciclostilati, come : \u201dChi vuole la violenza a Lecce\u201d o \u201cChi vuole la droga a Lecce\u201d, si arriv\u00f2 a venderne 5000 in un mese, la citt\u00e0 era tappezzata da vecchi manifesti riutilizzati, manifesti scritti a mano, poi c&#8217;erano delle vignette disegnate o fatte a &#8220;stampo&#8221; sul retro di vecchi manifesti cos\u00ec riutilizzati, \u00a0per non parlare degli slogan che campeggiavano sui muri della citt\u00e0 realizzati con le bombolette spray.<\/p>\n<p>Ora quei giovani alzavano tiro, \u00a0reclamavano la piazza. Si era in presenza di una giovane destra che parlava dei problemi di attualit\u00e0, dalla disoccupazione giovanile, all&#8217;abolizione della leva obbligatoria, dall\u2019ecologia al mondo della comunicazione, produceva musica alternativa, grafica, pittura, apriva radio e preparava i giovani alla politica, e che desiderava farsi conoscere, confrontarsi con i giovani e anche con gli avversari. Ricordo quando invitammo un gruppo di ragazzi Lotta Continua sulla sede del MSI, che incuriositi, accettarono e con i quali ci confrontammo sui temi del momento. Alla fine nessuno rimase folgorato sulla via di Damasco, ma quanto meno capirono che non eravamo quei mostri che ci dipingevano, e comunque era meglio confrontarsi che scontrarsi. Non sto a dirvi quante me ne disse il comandante Becherini, perch\u00e9 avevo dissacrato quel luogo portando i comunisti. Ah,ah, ah&#8230;<\/p>\n<p>Si organizzavano feste nel salone del partito, mostre \u00e8 il giornale parlato. Una di queste la organizzammo a Squinzano, con i comunisti che vennero disturbare, ma senza successo, e alla fine per\u00f2, invece di fare un plauso a quei ragazzi che finalmente uscivano dalle sedi per andare nelle piazze, fui rimproverato dai dirigenti del partito, perch\u00e9 i miei ragazzi facevano casino.<\/p>\n<p>Una giovane destra che si occupava dei problemi delle periferie e le presidiava, una tra tante, a Santa Rosa per esempio c\u2019era un attivissimo gruppo di militanti al seguito di Rudy Russo, ne ricordo uno in particolare passino sempre sorridente che gi\u00e0 all&#8217;epoca praticava arti marziali.<br \/>\nUna giovane destra che con fatica cercava di lasciarsi alle spalle quell&#8217;armamentario fatto di frasi nostalgiche dei continui riferimento al passato, capace di misurarsi con le problematiche del momento di affrontarle in modo sostanzialmente diverso da come faceva il MSI. Per fare un esempio concreto ecco come il partito ed il Fronte affrontarono in modo diametralmente opposto \u00a0l&#8217;uccisone dell&#8217;On. Aldo Moro per mano dei comunisti. Il manifesto del Partito cos\u00ec titolava: SIAMO CONTRO LA VIOLENZA DA QUALSIASI PARTE PROVENGA firmato Movimento Sociale Italiano, come dire che si riconosceva che c&#8217;era anche una violenza di destra che in qualche modo poteva essere paragonata a quella delle Brigate Rosse. Insomma un po l tesi degli opposti estremismi di democristiana memoria. Mentre il nostro era di tutt&#8217;altro tenore. MORO: CHI SEMINA VENTO RACCOGLIE TEMPESTA firmato Fronte della Giovent\u00f9.<img decoding=\"async\" loading=\"lazy\" class=\"alignnone size-full wp-image-191002\" src=\"https:\/\/www.leccecronaca.it\/wordpress\/wp-content\/uploads\/2021\/11\/moro-fronte-della-gioventu-melcore.jpg\" alt=\"\" width=\"700\" height=\"1000\" srcset=\"https:\/\/www.leccecronaca.it\/wordpress\/wp-content\/uploads\/2021\/11\/moro-fronte-della-gioventu-melcore.jpg 700w, https:\/\/www.leccecronaca.it\/wordpress\/wp-content\/uploads\/2021\/11\/moro-fronte-della-gioventu-melcore-210x300.jpg 210w\" sizes=\"(max-width: 700px) 100vw, 700px\" \/><\/p>\n<p>Un manifestino, grande la met\u00e0 dei normali manifesti cm. 50x 70, affissi sui 100 angoli ella citt\u00e0, che ci eravamo studiati, affissi con la colla della carta da parati riformata da colla vinavil per il legno. Per cui difficili da defiggere e sopratutto costantemente controllati. Il controllo sul capoluogo era capillare, di giorno e di notte.<\/p>\n<p>Sono in grado di dirvi persino dove furono affissi gli ultimi due manifesti a sera tardi, dai giovani militanti comunisti. La sinistra extraparlamentare mise gli ultimi manifesti sui due angoli di strada di fronte a piazza del Duomo, un\u2019ora dopo venivano affiancati con manifesti del Fronte con la risposta.<\/p>\n<p>Allora la sinistra decise di cambiare strategia, non pi\u00f9 il confronto ma lo scontro.<\/p>\n<p>Pintor da Roma venne e Lecce, si incontr\u00f2 con le organizzazioni di estrema sinistra nell\u2019Universit\u00e0, l\u2019unico posto in cui la sinistra era restata egemone e un giorno magari vi racconter\u00f2 il perch\u00e9.<br \/>\nIl resto \u00e8 storia nota, la sera prima la Questura ci revoc\u00f2 il permesso di esporre i cartelli in piazza, mi fu detto chiaramente dal Commissario Laquaniti che l\u2019ordine era arrivato da Roma, dal Ministero degli Interni, che non era concepibile in tutt\u2019Italia il Fronte della Giovent\u00f9 si accontentava di fare testimonianza mentre a Lecce, (oltre a Trieste ma che aveva tutta una storia particolare), cresceva di giorno in giorno. Mi disse queste precise parole: \u201c Mi dispiace, sei un ragazzo che mi sta simpatico, ma ho l\u2019ordine di fottere il Fronte e per farlo devo fottere te, domani se metti piede in piazza ti arrester\u00f2\u201d.<\/p>\n<p>&nbsp;<\/p>\n<p>Il giorno dopo scendemmo in piazza Sant\u2019Oronzo manifestando pacificamente seduti sulla piazza con in mano dei manifesti su cui c\u2019era scritto semplicemente \u201cDISSENSO\u201d. I manifesti ci furono strappati di mano e noi cominciammo a gridare \u201cPolizia rossa, polizia rossa\u201d. Poi alcune decine di noi si incamminarono andando verso via Cavallotti a fare volantinaggio, qui fui bloccato da Laquaniti e altri due poliziotti, ma fui liberato da quei ragazzini che erano al mio seguito, arrivammo in Piazza Mazzini e mentre ritornavamo sui nostri passi fummo caricati senza motivo e stranamente, da poliziotti piuttosto anziani, ci disperdemmo senza fare resistenza, cos\u00ec come avevamo deciso la sera prima.<\/p>\n<p>Ci\u00f2 nonostante io fui denunciato per aver organizzato la manifestazione \u201csediziosa\u201d e aver \u201cgridato polizia rossa\u201d. Mario e Manolo furono arrestati per aver mandato al diavolo due poliziotti che li avevano fermati per prendergli le generalit\u00e0. Comprendemmo il giorno dopo, come mai i poliziotti che ci avevano caricato erano tutti anziani, perch\u00e9 i giovani della Celere stavano fronteggiando i comunisti armati di molotov e di P38.<\/p>\n<p>&nbsp;<\/p>\n<p>Caricandoci ci avevano salvato, impedendoci di entrare in contatto con i gruppuscoli l\u2019estrema sinistra che erano armati di tutto punto. Fummo salvati, perch\u00e9 come la stessa Questura dichiar\u00f2 in un Comunicato stampa, non avevamo armi n\u00e9 per offendere n\u00e9 per difenderci, per cui ci avrebbero massacrati.<\/p>\n<p>L\u2019estrema sinistra utilizzo bombe Molotov, bruci\u00f2 la sede del Sindacato della Cisnal in piazzetta Castromediano, spar\u00f2 contro i poliziotti. Tredici di loro furono arrestati.<br \/>\nEbbene il circo mediatico si mise in movimento in difesa dei giovani \u201cdemocratici\u201d e contro i fascisti brutti e cattivi.<\/p>\n<p>&nbsp;<\/p>\n<p>Da Magistratura Democratica alla Cgil, dal Pci, al Psi, ai giornali di regime, articoli, interviste a politici, ad amministratori comunali, docenti universitari sempe pronti a firmare qualsiasi cosa, persino un libro scritto da un giovane \u00a0che all\u2019epoca militava nell\u2019estrema sinistra dalla vivida fantasia, e che oggi \u00e8 un importate giornalista. Tutti a dare addosso a questi ragazzini di 15-16-17 anni che avevano protestato pacificamente. Io insieme ad un paio di amici avevamo 20 anni, e Mario e Manolo erano presenti in qualit\u00e0 di dirigenti del partito, per controllarci perch\u00e9 non facessimo cazzate.<\/p>\n<p>Potete immaginare\u00a0il clima che si respirava nella sede del MSI.<\/p>\n<p>Mi limito a dirvi che non parteciparono alle udienze in Tribunale che comunque vedevano imputati il sottoscritto, che era Segretario Provinciale giovanile, e che il segretario Nazionale Gianfranco Fini aveva voluto nella Direzione Nazionale del Fronte della Giovent\u00f9. Mario De Cristofaro che era un importante dirigente del Partito che ricopriva incarichi anche a livello nazionale e Manolo che era un Dirigente provinciale.<\/p>\n<p>Quando gli chiesi di essere presenti in aula, mi fu detto di andarci da solo insieme ai miei giovani, quando feci presente che i ragazzini ci sarebbero stati, ma davanti a loro ci saremmo dovuti essere noi ventenni degli adulti andarci manforte nel caso fossimo aggrediti.<br \/>\nMi fu riposto picche, anche da coloro che facevano i duri e puri, e mi diedero del matto.<\/p>\n<p>A noi del Fronte il partito imped\u00ec qualsiasi uscita pubblica a sostegno di Mario e Manolo che erano stati arrestati, perch\u00e9 se avessimo tappezzato la citt\u00e0 di manifesti e di scritte, secondo loro avremmo danneggiato la loro posizione. La rabbia era tanta, perch\u00e9 ci avevano impedito di manifestare pacificamente su una piazza, ci avevano aggredito e oggi venivamo accusati di essere noi i violenti, avremmo voluto mettere a ferro e fuoco la citt\u00e0, ma ci fu impedito dal partito partito parole come sciacalli.<br \/>\nCosa che noi ritenevamo assurda, ma trattandosi di dirigenti di partito, ci adeguammo.<br \/>\nL&#8217;unica cosa che facemmo, nel tardo pomeriggio i ragazzi del fronte andarono sotto al carcere a portare la loro solidariet\u00e0 a Mario e Manolo. Dopo un po&#8217; infastiditi dalla nostra presenza le guardie accesero gli altoparlanti e la sirena cominci\u00f2 ad emettere il classico suono acuto, era il segnale di allarme e noi ci allontanammo.<\/p>\n<p>Quella stessa sera organizzai in fretta e furia una riunione del Fronte dicendo a tutti i presenti che nel caso fossi stato arrestato, avrebbero dovuto mettere a ferro e fuoco la citt\u00e0, altrimenti quando fossi uscito sarei andato prenderli da casa uno per uno. E spiegai loro che quando manca la forza il diritto scompare. La storia and\u00f2 a finire in questo modo.<\/p>\n<p>Io accusato di adunata sediziosa e grida sediziose, fui condannato a due mesi, Mario e Manolo per resistenza a pubblico ufficiale se non ricordo male a sei e otto mesi.<\/p>\n<p>Ebbene i 13 ragazzi di sinistra, che non erano ragazzini di 15, 16 o 17 anni, come quelli del Fronte, ma mediamente erano trentenni, accusati di:<\/p>\n<p>TENTATA STRAGE perch\u00e9 avevano utilizzato le Bombe Molotov;<\/p>\n<p>COSTRUZIONE DI ESPLOSIVI;<\/p>\n<p>TRASPORTO DI ESPLOSIVI;<\/p>\n<p>TENTATO OMICIDIO perch\u00e9 avevano sparato ad altezza uomo;<\/p>\n<p>LESIONI, avevano ferito dei poliziotti;<\/p>\n<p>DANNEGGIAMENTI avevano distrutto la sede del Sindacato che si trovava al primo piano e bruciato delle auto che si trovavano nelle vicinanza.<br \/>\nEbbene questi signori ottennero come massimo della pena la condanna a 13 mesi.<br \/>\nL\u2019aula del Tribunale era affollata di attivisti della sinistra extraparlamentare, gente che aveva dimostrato di essere in grado di sparare, bruciare, utilizzare bombe molotov.<\/p>\n<p>Il Pubblico Ministero, ossia quella che doveva essere l&#8217;accusa, si trasform\u00f2 nella difesa, infatti dichiar\u00f2, che non si poteva parlare di tentata strage, in quanto nessuno poteva dire se era loro intenzione compiere una strage quando hanno fatto esplodere le Bombe Molotov, non si poteva parlare di tentato omicidio, perch\u00e9 se pure avevano sparato ad altezza uomo, nessuno poteva dire se avessero intenzione di ammazzare, cadeva anche l\u2019accusa di costruzione di esplosivo, in quanto non si poteva dimostrare che fossero stati loro a costruire le molotov, e lo stesso valeva per il trasporto, come se le bombe molotov fossero arrivare da sole a Piazza Sant\u2019Oronzo.<\/p>\n<p>Questo era il clima che si respirava in quegli anni\u2026.ma per certi versi si respira ancora oggi.<\/p>\n<p>(Nella foto il cartello di m. 3,00&#215;1,60 che avrebbe dovuto campeggiare all&#8217;ingresso di quella mostra che non si tenne a causa della violenza comunista e delle complicit\u00e0 democristiane).<\/p>\n<p>Ps:<\/p>\n<p>Giuseppe hai citato alcuni nomi di quei ragazzi con i quali abbiamo vissuto quell&#8217;avventura, ma erano davvero tanti che con tutta la buona volont\u00e0 non riuscirei a ricordarne neppure una piccola parte. Certo mi ricordo di coloro con i quali poi ci siamo rivisti negli anni, Massimo Ruggio, Maurizio Ancora, Marcello Melissano, che ogni volta che mi vede mi chiede:&#8221;quando organizzi una rimpatriata&#8221;. Antonello Nisi, Chigo Marra, Ronzina, Grazia e Franca De Leo, Valeria Falco, Giuseppe Ripa, Vincenzo Pitotti, mi sfuggono cognomi dei giovanissimi Sandro e \u00a0Tiziano, quest&#8217;ultimo l&#8217;ho incontrato negli studi di Telerama, e poi Toti Cal\u00f2 che ho scoperto condividere passioni e professione, \u00e8 divenuto fotografo, scrittore, stampatore ed editore, c&#8217;erano due ragazzi che venivano uno era figlio di un poliziotto della squadra politica, il cui pap\u00e0 si raccomandava affinch\u00e9 non fosse in prima fila, mi diceva: &#8220;se lo fermano che figura ci faccio con i colleghi&#8221;, l&#8217;altro era una ragazzo che si era trasferito a Lecce da poco, figlio del Direttore del carcere. Poi c&#8217;erano Fabio e Donato Danisi, Antonio Rizzo con suoi amici Beppe Bray e Federico Pascalis Mazzarella, che mi dicono oggi faccia l&#8217;avvocato, all&#8217;epoca ebbero una disavventura con la Digos, per fortuna poi and\u00f2 tutto bene. Antonio \u00a0\u00e8 divenuto poi poliziotto e oggi fa la bella vita in Brasile, credo. \u00a0Antonio Monteforte in Germania, il compianto Cesare D&#8217;Agostino che mi portava da mangiare sulla sede quando non rientravo casa per il pranzo, Giampiero Valle all&#8217;epoca quindicenne, come tanti altri giovanissimi militanti. E poi centinaia di volti ai quali non riesco ad associare un nome. Alfredino e Tonino Pensa, Armando e Sandra Pinnellini, ma gli stessi Enrico Bleve ed Enrico Guidato o Antonio Firenze, Paolo Rondinella, Claudio e Fabio Pensa, Alfredo (il Macellaio), Cecchino D&#8217;Ostuni, \u00a0Piero Toraldo che di quando in quando venivano a darci una mano, come lo stesso Claudio Danisi. Poi \u00a0c&#8217;erano i giovani della generazione che ci aveva preceduti, che guardava questi ragazzini un po&#8217; con fastidio un po&#8217; con tenerezza, ogni tanto ci deliziavano con le loro &#8220;lezioni&#8221;. Egido Person\u00e8 insieme a Gino Ratano ci insegnavano come difenderci nel caso fossimo attaccati da un gruppo di comunisti, evento che non era raro, anzi. \u00a0Procurarsi subito un sedia&#8230;un bastone o un qualsiasi corpo contundente&#8230;tirarla con decisione in testa al primo aggressore, poi lanciarla sulla faccia del primo che si faceva sotto \u00a0poi&#8230;.. correre, correre, correre, \u00a0sino a raggiungere l&#8217;Alvino, l\u00ec eravamo al sicuro. Ovviamente c&#8217;era sempre qualche ragazzino che sornione se ne usciva con qualche battuta, del tipo Egidio ma se non ci sono sedie e non ci sono bastoni &#8211; Allora \u00a0pigghi nna petra e nni la seni a ncapu- Egidio \u00a0e se non c&#8217;\u00e8 neanche la pietra?- e allora Egidio incazzato chiudeva la lezione con queste significative parole: &#8220;e allora bu la piggliati a nculu&#8221;. Poi come gi\u00e0 ricordato da Giuseppe, tra gli &#8220;eretici&#8221; c&#8217;erano Ernesto Ciminiello sempre serio e generoso, il compianto Enrico Gabellone che mi spiegava le strategia da utilizzare, Massimo Stefano, fratello del mio compagno di scuola Sergio, Giandomenico Casalino sempre pronto a citare una sfilza di autori e di libri che aveva letto. Poi c&#8217;erano Elio Taurino, \u00a0il Professore col suo inseparabile amico di cui non mi sovviene il nome, il direttore Giancarlo Margari, poi dall&#8217;Avino ogni tanto transitava Rino Martini con la sua met\u00e0, si informava e poi andava via. \u00a0Poi c&#8217;era Franco Russo che ammiravo molto, ma con il quale non avevo molta confidenza, mi dava l&#8217;impressione che fosse il pi\u00f9 saggio di quella generazione che ci aveva preceduto. Poi tutte le signore che hai citato tu Giuseppe, dalla Magda che era una dolce guerrirera, prematuramente scomparsa, a Fiorella, le sorelle Calvi e avvolti che pero laneria del tempo ha avvolto. Ma torniamo ai ragazzi. Gildo Scalinci \u00a0da Surbo con almeno un venti di ragazzini, alcuni ancora oggi quando mi vedono sono cordialissimi, Rolando Marasco in quel periodo studiava fuori, Cesare dell&#8217;Anna, Massimo Leone, Italo Stifani e il compianto fratello Claudio da San Cesario. Poi c&#8217;era l&#8217;immancabile Roberto Tundo da Melissano che veniva sempre accompagnato da due ragazzi i cui nomi non ricordo, Graziano De Tuglie e Giuseppe Fracella a Nard\u00f2. \u00a0Un nutrito gruppo di ragazzi veniva da Squinzano di cui ricordo Vittorio Visconti, Salvatore Miccoli, il Foggiano. A Copertino c&#8217;era Claudio con una decina di ragazzi al seguito, da San Pietro veniva Giancarlo Liquori, Claudio Vazzano, Gianfraco De Leo, scomparso prematuramente. \u00a0A Novoli avevamo un ragazzo in gambissima, pure lui avvolto nella nebbia della memoria, cos\u00ec come a Carmiano, Fernando (il fumatore) con un gruppetto, c&#8217;era &#8220;Psiche&#8221; che mi insegn\u00f2 l&#8217;ipnosi, da Lizzanello Massimo Mevoli con altri amici, Antonio Martina, anche lui venuto a mancare giovane, il cugino Rocco De Dominicis, \u00a0l&#8217;attivissimo Roberto Baldassarre che allora frequentava l&#8217;agrario e che poi ha rivestito importanti ruoli politici, Giovanni Frassanito frequentava il commerciale e veniva da Veglie. Da Vernole Giorgio, che oggi \u00e8 a capo di un&#8217;importante azienda che si occupa di sicurezza, che veniva in compagnia di Armando il cui pap\u00e0 aveva un&#8217;officina di moto proprio all&#8217;ingresso del paese. Poi c&#8217;era Franco Pistola, sempre da Vernole. A Cavallino erano in tanti gli amici di infanzia che a vario titolo aveva coinvolto nella mia avventura politica. Poi crepano giovanissimi, Lucio che oggi fa il medico, Ennio che la l&#8217;avvocato, Vincenzo che \u00e8 medico nella Sanit\u00e0 pubblica, che era sempre in compagnia del cugino. Chiedo perdono alle centinaia e centinaia di ragazzi con i quali \u00a0ho condiviso delle esperienze significative, se in questo momento non mi vengono alla mente. Altri li ricordo, ma dato che successivamente hanno rivestito ruoli anche importanti in formazioni politiche o all&#8217;interno di amministrazioni pubbliche, non so se hanno piacere a che siano ricordati i loro trascorsi giovanili \u00a0all&#8217;interno della destra \u00a0&#8220;libertaria&#8221;. _______<\/p>\n<p>LA RICERCA nel nostro articolo di ieri<\/p>\n<blockquote class=\"wp-embedded-content\" data-secret=\"n9d3ZeO17r\"><p><a href=\"https:\/\/www.leccecronaca.it\/index.php\/2021\/11\/12\/quel-12-novembre\/\">QUEL 12 NOVEMBRE<\/a><\/p><\/blockquote>\n<p><iframe class=\"wp-embedded-content\" sandbox=\"allow-scripts\" security=\"restricted\" style=\"position: absolute; clip: rect(1px, 1px, 1px, 1px);\" src=\"https:\/\/www.leccecronaca.it\/index.php\/2021\/11\/12\/quel-12-novembre\/embed\/#?secret=n9d3ZeO17r\" data-secret=\"n9d3ZeO17r\" width=\"500\" height=\"282\" title=\"&#8220;QUEL 12 NOVEMBRE&#8221; &#8212; LecceCronaca.it\" frameborder=\"0\" marginwidth=\"0\" marginheight=\"0\" scrolling=\"no\"><\/iframe><\/p>\n<fb:like href='https:\/\/www.leccecronaca.it\/index.php\/2021\/11\/13\/quel-12-novembre-del-1977-lettera-al-direttore\/' send='true' layout='button_count' show_faces='true' width='450' height='65' action='recommend' colorscheme='light' font='lucida grande'><\/fb:like><span class=\"fb_share\"><fb:like href=\"https:\/\/www.leccecronaca.it\/index.php\/2021\/11\/13\/quel-12-novembre-del-1977-lettera-al-direttore\/\" layout=\"button_count\"><\/fb:like><\/span>","protected":false},"excerpt":{"rendered":"<p>Valerio Melcore_______ Caro Giuseppe, i fatti andarono proprio come tu li racconti, certo ci sarebbero da aggiungere gli antefatti e alcuni particolari di cui tu non eri a conoscenza o non ricordi. Stavo per scriverti un commento in fondo al Tuo articolo, ringraziandoti per averlo ricordato, \u00a0poi man mano che scrivevo mi sono accorto che [&hellip;]<\/p>\n","protected":false},"author":4,"featured_media":0,"comment_status":"open","ping_status":"closed","sticky":false,"template":"","format":"standard","meta":[],"categories":[1,47,76],"tags":[],"_links":{"self":[{"href":"https:\/\/www.leccecronaca.it\/index.php\/wp-json\/wp\/v2\/posts\/190941"}],"collection":[{"href":"https:\/\/www.leccecronaca.it\/index.php\/wp-json\/wp\/v2\/posts"}],"about":[{"href":"https:\/\/www.leccecronaca.it\/index.php\/wp-json\/wp\/v2\/types\/post"}],"author":[{"embeddable":true,"href":"https:\/\/www.leccecronaca.it\/index.php\/wp-json\/wp\/v2\/users\/4"}],"replies":[{"embeddable":true,"href":"https:\/\/www.leccecronaca.it\/index.php\/wp-json\/wp\/v2\/comments?post=190941"}],"version-history":[{"count":44,"href":"https:\/\/www.leccecronaca.it\/index.php\/wp-json\/wp\/v2\/posts\/190941\/revisions"}],"predecessor-version":[{"id":191183,"href":"https:\/\/www.leccecronaca.it\/index.php\/wp-json\/wp\/v2\/posts\/190941\/revisions\/191183"}],"wp:attachment":[{"href":"https:\/\/www.leccecronaca.it\/index.php\/wp-json\/wp\/v2\/media?parent=190941"}],"wp:term":[{"taxonomy":"category","embeddable":true,"href":"https:\/\/www.leccecronaca.it\/index.php\/wp-json\/wp\/v2\/categories?post=190941"},{"taxonomy":"post_tag","embeddable":true,"href":"https:\/\/www.leccecronaca.it\/index.php\/wp-json\/wp\/v2\/tags?post=190941"}],"curies":[{"name":"wp","href":"https:\/\/api.w.org\/{rel}","templated":true}]}}