{"id":191134,"date":"2021-11-17T00:03:51","date_gmt":"2021-11-16T23:03:51","guid":{"rendered":"http:\/\/www.leccecronaca.it\/?p=191134"},"modified":"2021-11-16T18:05:27","modified_gmt":"2021-11-16T17:05:27","slug":"cosa-ha-lasciato-il-tempo-a-pierluigi-lanfranchi","status":"publish","type":"post","link":"https:\/\/www.leccecronaca.it\/index.php\/2021\/11\/17\/cosa-ha-lasciato-il-tempo-a-pierluigi-lanfranchi\/","title":{"rendered":"COSA HA LASCIATO IL TEMPO A PIERLUIGI LANFRANCHI"},"content":{"rendered":"<p><img decoding=\"async\" loading=\"lazy\" class=\"alignnone size-full wp-image-191135\" src=\"https:\/\/www.leccecronaca.it\/wordpress\/wp-content\/uploads\/2021\/11\/pl.jpg\" alt=\"\" width=\"1367\" height=\"1367\" srcset=\"https:\/\/www.leccecronaca.it\/wordpress\/wp-content\/uploads\/2021\/11\/pl.jpg 1367w, https:\/\/www.leccecronaca.it\/wordpress\/wp-content\/uploads\/2021\/11\/pl-300x300.jpg 300w, https:\/\/www.leccecronaca.it\/wordpress\/wp-content\/uploads\/2021\/11\/pl-1024x1024.jpg 1024w, https:\/\/www.leccecronaca.it\/wordpress\/wp-content\/uploads\/2021\/11\/pl-150x150.jpg 150w, https:\/\/www.leccecronaca.it\/wordpress\/wp-content\/uploads\/2021\/11\/pl-768x768.jpg 768w, https:\/\/www.leccecronaca.it\/wordpress\/wp-content\/uploads\/2021\/11\/pl-60x60.jpg 60w\" sizes=\"(max-width: 1367px) 100vw, 1367px\" \/>(Rdl)______\u201c<em>Il tempo che trova<\/em> raccoglie poesie che ho scritto negli ultimi quindici anni. Il titolo fa riferimento al dispotico protagonista della raccolta. Ma cos\u2019\u00e8 che lascia il tempo che trova? Forse la poesia che, come dice il poeta, &#8216;makes nothing happen&#8217;. Eppure anche se non fa succedere niente, la poesia cerca di opporsi al tempo disarticolandolo, scandendolo diversamente con i suoi ritmi, o semplicemente sottraendogli le cose che il tempo trascina via con s\u00e9\u201d.<\/p>\n<p>Cos\u00ec\u00a0<strong>Pierluigi Lanfranchi<\/strong>\u00a0(nella foto)\u00a0annuncia la sua raccolta di poesie\u00a0<em>\u201cIl tempo che trova\u201d\u00a0<\/em>(I Quaderni del Bardo Edizioni, 124 pagg. 12,50 euro).<\/p>\n<p>E cosa ha lasciato a lui questo tempo?<\/p>\n<p>\u201cI miei versi sono pieni di nomi: di figure femminili, di personaggi del passato, di pittori, di oggetti, di animali e di luoghi. Ogni nome \u00e8 una storia e ogni poesia \u00e8 la voce di un catalogo del mondo, arbitrario e parziale, con cui \u00a0tento di mettere ordine al caos dell\u2019esistenza e di fissare nei versi gli avvenimenti, gli incontri, le \u00a0cose che cadono sotto il mio sguardo\u201d.<\/p>\n<p>Pierluigi Lanfranchi ha 48 anni, \u00e8 nato a Bergamo, vive ad Amsterdam, insegna letteratura greca all&#8217;Universit\u00e0 di Aix-Marseille, ed \u00e8 alla sua seconda raccolta di poesie.<\/p>\n<p>______<\/p>\n<p><img decoding=\"async\" loading=\"lazy\" class=\"alignnone size-full wp-image-191137\" src=\"https:\/\/www.leccecronaca.it\/wordpress\/wp-content\/uploads\/2021\/11\/FRONTE-Copertina-in-rosso_Pierluigi-Lanfranchi_per-AMZ-1.jpg\" alt=\"\" width=\"1024\" height=\"1575\" srcset=\"https:\/\/www.leccecronaca.it\/wordpress\/wp-content\/uploads\/2021\/11\/FRONTE-Copertina-in-rosso_Pierluigi-Lanfranchi_per-AMZ-1.jpg 1024w, https:\/\/www.leccecronaca.it\/wordpress\/wp-content\/uploads\/2021\/11\/FRONTE-Copertina-in-rosso_Pierluigi-Lanfranchi_per-AMZ-1-195x300.jpg 195w, https:\/\/www.leccecronaca.it\/wordpress\/wp-content\/uploads\/2021\/11\/FRONTE-Copertina-in-rosso_Pierluigi-Lanfranchi_per-AMZ-1-666x1024.jpg 666w, https:\/\/www.leccecronaca.it\/wordpress\/wp-content\/uploads\/2021\/11\/FRONTE-Copertina-in-rosso_Pierluigi-Lanfranchi_per-AMZ-1-768x1181.jpg 768w, https:\/\/www.leccecronaca.it\/wordpress\/wp-content\/uploads\/2021\/11\/FRONTE-Copertina-in-rosso_Pierluigi-Lanfranchi_per-AMZ-1-999x1536.jpg 999w\" sizes=\"(max-width: 1024px) 100vw, 1024px\" \/><\/p>\n<p>&nbsp;<\/p>\n<p>Per acquistare il libro<\/p>\n<p><a href=\"https:\/\/www.amazon.it\/dp\/B09KF2HNP9?ref_=pe_3052080_397514860\">https:\/\/www.amazon.it\/dp\/B09KF2HNP9?ref_=pe_3052080_397514860\u00a0<\/a><\/p>\n<p>&nbsp;<\/p>\n<p>&nbsp;<\/p>\n<p>&nbsp;<\/p>\n<fb:like href='https:\/\/www.leccecronaca.it\/index.php\/2021\/11\/17\/cosa-ha-lasciato-il-tempo-a-pierluigi-lanfranchi\/' send='true' layout='button_count' show_faces='true' width='450' height='65' action='recommend' colorscheme='light' font='lucida grande'><\/fb:like><span class=\"fb_share\"><fb:like href=\"https:\/\/www.leccecronaca.it\/index.php\/2021\/11\/17\/cosa-ha-lasciato-il-tempo-a-pierluigi-lanfranchi\/\" layout=\"button_count\"><\/fb:like><\/span>","protected":false},"excerpt":{"rendered":"<p>(Rdl)______\u201cIl tempo che trova raccoglie poesie che ho scritto negli ultimi quindici anni. Il titolo fa riferimento al dispotico protagonista della raccolta. Ma cos\u2019\u00e8 che lascia il tempo che trova? Forse la poesia che, come dice il poeta, &#8216;makes nothing happen&#8217;. Eppure anche se non fa succedere niente, la poesia cerca di opporsi al tempo [&hellip;]<\/p>\n","protected":false},"author":4,"featured_media":191135,"comment_status":"open","ping_status":"closed","sticky":false,"template":"","format":"standard","meta":[],"categories":[31,75,57],"tags":[],"_links":{"self":[{"href":"https:\/\/www.leccecronaca.it\/index.php\/wp-json\/wp\/v2\/posts\/191134"}],"collection":[{"href":"https:\/\/www.leccecronaca.it\/index.php\/wp-json\/wp\/v2\/posts"}],"about":[{"href":"https:\/\/www.leccecronaca.it\/index.php\/wp-json\/wp\/v2\/types\/post"}],"author":[{"embeddable":true,"href":"https:\/\/www.leccecronaca.it\/index.php\/wp-json\/wp\/v2\/users\/4"}],"replies":[{"embeddable":true,"href":"https:\/\/www.leccecronaca.it\/index.php\/wp-json\/wp\/v2\/comments?post=191134"}],"version-history":[{"count":1,"href":"https:\/\/www.leccecronaca.it\/index.php\/wp-json\/wp\/v2\/posts\/191134\/revisions"}],"predecessor-version":[{"id":191138,"href":"https:\/\/www.leccecronaca.it\/index.php\/wp-json\/wp\/v2\/posts\/191134\/revisions\/191138"}],"wp:featuredmedia":[{"embeddable":true,"href":"https:\/\/www.leccecronaca.it\/index.php\/wp-json\/wp\/v2\/media\/191135"}],"wp:attachment":[{"href":"https:\/\/www.leccecronaca.it\/index.php\/wp-json\/wp\/v2\/media?parent=191134"}],"wp:term":[{"taxonomy":"category","embeddable":true,"href":"https:\/\/www.leccecronaca.it\/index.php\/wp-json\/wp\/v2\/categories?post=191134"},{"taxonomy":"post_tag","embeddable":true,"href":"https:\/\/www.leccecronaca.it\/index.php\/wp-json\/wp\/v2\/tags?post=191134"}],"curies":[{"name":"wp","href":"https:\/\/api.w.org\/{rel}","templated":true}]}}