{"id":191395,"date":"2021-11-21T20:23:35","date_gmt":"2021-11-21T19:23:35","guid":{"rendered":"http:\/\/www.leccecronaca.it\/?p=191395"},"modified":"2021-11-25T12:11:30","modified_gmt":"2021-11-25T11:11:30","slug":"reportage-e-qui-la-festa-cosi-il-coordinamento-per-gli-alberi-e-il-verde-urbano-ha-celebrato-a-lecce-la-giornata-internazionale-dellalbero","status":"publish","type":"post","link":"https:\/\/www.leccecronaca.it\/index.php\/2021\/11\/21\/reportage-e-qui-la-festa-cosi-il-coordinamento-per-gli-alberi-e-il-verde-urbano-ha-celebrato-a-lecce-la-giornata-internazionale-dellalbero\/","title":{"rendered":"REPORTAGE \/ E&#8217; QUI LA FESTA?\u00a0"},"content":{"rendered":"<p><img decoding=\"async\" loading=\"lazy\" class=\"alignnone size-full wp-image-191409\" src=\"https:\/\/www.leccecronaca.it\/wordpress\/wp-content\/uploads\/2021\/11\/casomai-co.jpg\" alt=\"\" width=\"1152\" height=\"2048\" srcset=\"https:\/\/www.leccecronaca.it\/wordpress\/wp-content\/uploads\/2021\/11\/casomai-co.jpg 1152w, https:\/\/www.leccecronaca.it\/wordpress\/wp-content\/uploads\/2021\/11\/casomai-co-169x300.jpg 169w, https:\/\/www.leccecronaca.it\/wordpress\/wp-content\/uploads\/2021\/11\/casomai-co-576x1024.jpg 576w, https:\/\/www.leccecronaca.it\/wordpress\/wp-content\/uploads\/2021\/11\/casomai-co-768x1365.jpg 768w, https:\/\/www.leccecronaca.it\/wordpress\/wp-content\/uploads\/2021\/11\/casomai-co-864x1536.jpg 864w\" sizes=\"(max-width: 1152px) 100vw, 1152px\" \/><strong>COSI&#8217; IL Coordinamento per gli Alberi e il Verde Urbano HA CELEBRATO A LECCE LA GIORNATA INTERNAZIONALE DELL&#8217;ALBERO<\/strong><\/p>\n<p>di <strong>Giuseppe Puppo<\/strong>_______<\/p>\n<p>Dietro il Carlo V, le bancarelle di piazza Libertini al sole del mattino si vestono di nuovi colori. Le\u00a0 aiuole tutt&#8217;intorno impazziscono di luce.<\/p>\n<p><span style=\"color: #ff0000;\"><strong>Maria Cucurachi<\/strong><\/span> si improvvisa truccatrice e adegua qualcuno dei presenti, puntuali all&#8217;appello, saranno una cinquantina, al proprio look sgargiante sul viso da Foresta Amazzonica.<\/p>\n<p>Gli altri mettono strisce di carta al collo, si passano carrube da piantare.<\/p>\n<p><span style=\"color: #ff0000;\"><strong>Giuseppe Calzolaro<\/strong><\/span> prova e riprova il megafono, d\u00e0 le ultime istruzioni per l&#8217;uso,\u00a0\u00a0ch\u00e9 sono gi\u00e0 le 10.00, tra poco si parte.<\/p>\n<p>L&#8217;atmosfera \u00e8 gioiosa, di partecipata condivisione: \u00e8 la Giornata Internazionale dell&#8217;Albero, no?\u00a0 Nella versione leccese voluta densa di significati e di significanti dalle associazioni del Coordinamento Verde Uubano.<\/p>\n<p>&nbsp;<\/p>\n<p><strong><span style=\"color: #ff0000;\">Piero Sans\u00f2<\/span><\/strong>, che per tutta la mattinata con le sue musiche sar\u00e0 alla testa del corteo nei suoi spostamenti, sorta di pifferaio magico, che infatti tappa dopo tappa far\u00e0 ingrossare la fila dei partecipanti, comincia per gradire con una suggestiva, magistralmente eseguita, versione del Paul Simon di &#8216;The sound of silence&#8217; per flauto solo.<\/p>\n<p>Melodia pura, su cu lievitano e galleggiano le parole d&#8217;apertura di Maria Cucurachi\u00a0che parla di &#8216;botanica poetica&#8217;, di ordine naturale, di armonia, di rispetto fisico, corporeo\u00a0 per gli alberi, esseri viventi come noi e come noi figli di Grande Madre Natura.<\/p>\n<p>&nbsp;<\/p>\n<p><img decoding=\"async\" loading=\"lazy\" class=\"alignnone size-full wp-image-191397\" src=\"https:\/\/www.leccecronaca.it\/wordpress\/wp-content\/uploads\/2021\/11\/bruva.jpg\" alt=\"\" width=\"2048\" height=\"1152\" srcset=\"https:\/\/www.leccecronaca.it\/wordpress\/wp-content\/uploads\/2021\/11\/bruva.jpg 2048w, https:\/\/www.leccecronaca.it\/wordpress\/wp-content\/uploads\/2021\/11\/bruva-300x169.jpg 300w, https:\/\/www.leccecronaca.it\/wordpress\/wp-content\/uploads\/2021\/11\/bruva-1024x576.jpg 1024w, https:\/\/www.leccecronaca.it\/wordpress\/wp-content\/uploads\/2021\/11\/bruva-768x432.jpg 768w, https:\/\/www.leccecronaca.it\/wordpress\/wp-content\/uploads\/2021\/11\/bruva-1536x864.jpg 1536w\" sizes=\"(max-width: 2048px) 100vw, 2048px\" \/><\/p>\n<p>&nbsp;<\/p>\n<p><span style=\"color: #ff0000;\"><strong>Bruno Vaglio<\/strong><\/span> (nella foto sopra) presenta, nel preambolo chiamiamolo teorico, il &#8216;Manifesto per gli alberi e il verde urbano di Lecce&#8217;, che per l&#8217;occasione \u00e8 stato redatto dalle associazioni e che si articola poi in cinque punti pragmatici, illustrati in mattinata step by step, come dicono quelli che parlano bene l&#8217;italiano, ad ogni sosta.<\/p>\n<p>E andiamo, andiamo.<\/p>\n<p>Puntuale quanto efficiente servizio d&#8217;ordine degli agenti della Polizia Locale a regolare il traffico ad ogni attraversamento. Assenza inaspettata quanto inopportuna dei politici dell&#8217;amministrazione, nemmeno un funzionario a rappresentarli.<\/p>\n<p>&nbsp;<\/p>\n<p><img decoding=\"async\" loading=\"lazy\" class=\"alignnone size-full wp-image-191398\" src=\"https:\/\/www.leccecronaca.it\/wordpress\/wp-content\/uploads\/2021\/11\/vc.jpg\" alt=\"\" width=\"2048\" height=\"1152\" srcset=\"https:\/\/www.leccecronaca.it\/wordpress\/wp-content\/uploads\/2021\/11\/vc.jpg 2048w, https:\/\/www.leccecronaca.it\/wordpress\/wp-content\/uploads\/2021\/11\/vc-300x169.jpg 300w, https:\/\/www.leccecronaca.it\/wordpress\/wp-content\/uploads\/2021\/11\/vc-1024x576.jpg 1024w, https:\/\/www.leccecronaca.it\/wordpress\/wp-content\/uploads\/2021\/11\/vc-768x432.jpg 768w, https:\/\/www.leccecronaca.it\/wordpress\/wp-content\/uploads\/2021\/11\/vc-1536x864.jpg 1536w\" sizes=\"(max-width: 2048px) 100vw, 2048px\" \/><\/p>\n<p>&nbsp;<\/p>\n<p>Pure la Villa Comunale\u00a0(nella foto sopra)\u00a0\u00e8 in festa. Pi\u00f9 del flauto di Piero Sans\u00f2, qui sono saliti sul palco gli uccelli <em>resident\u00a0dj\u00a0<\/em>che, quasi si fossero messi d&#8217;accordo a salutare i partecipanti, improvvisano dall&#8217;alto degli alberi un <em>concerto grosso<\/em> per orchestra sinfonica, uno splendore, che quasi copre le parole di chi interpreta brani di prosa, poesie, pensieri e parole per l&#8217;occasione, a cura\u00a0del gruppo di lettura &#8220;Rosantina, campagna del Sud&#8221;.<\/p>\n<p>&nbsp;<\/p>\n<p>Attraversata via Trinchese, dello shopping domenicale, con tutti i negozi del centro aperti, la seconda tappa \u00e8 in piazza Mazzini, dove prosegue l&#8217;illustrazione dei punti programmatici del Manifesto, le richieste del Comitato in cinque punti, uniti dal filo rosso della rivendicata partecipazione dei cittadini alle scelte in materia, per un censimento del verde, un regolamento,<br \/>\nun piano regolatore, l&#8217;istituzione di un settore tecnico, una scuola per giardinieri urbani.<\/p>\n<p>&nbsp;<\/p>\n<p><img decoding=\"async\" loading=\"lazy\" class=\"alignnone size-full wp-image-191405\" src=\"https:\/\/www.leccecronaca.it\/wordpress\/wp-content\/uploads\/2021\/11\/258780232_189996249986543_1147154859977884949_n.jpg\" alt=\"\" width=\"2048\" height=\"1152\" srcset=\"https:\/\/www.leccecronaca.it\/wordpress\/wp-content\/uploads\/2021\/11\/258780232_189996249986543_1147154859977884949_n.jpg 2048w, https:\/\/www.leccecronaca.it\/wordpress\/wp-content\/uploads\/2021\/11\/258780232_189996249986543_1147154859977884949_n-300x169.jpg 300w, https:\/\/www.leccecronaca.it\/wordpress\/wp-content\/uploads\/2021\/11\/258780232_189996249986543_1147154859977884949_n-1024x576.jpg 1024w, https:\/\/www.leccecronaca.it\/wordpress\/wp-content\/uploads\/2021\/11\/258780232_189996249986543_1147154859977884949_n-768x432.jpg 768w, https:\/\/www.leccecronaca.it\/wordpress\/wp-content\/uploads\/2021\/11\/258780232_189996249986543_1147154859977884949_n-1536x864.jpg 1536w\" sizes=\"(max-width: 2048px) 100vw, 2048px\" \/><\/p>\n<p>&nbsp;<\/p>\n<p>Terza tappa, pi\u00f9 spettacolare, in piazza Ariosto\u00a0(nella foto sopra).<\/p>\n<p>Fra gli interventi e le performance qui tenuti, spicca in volo di lirismo quello di<span style=\"color: #ff0000;\"><strong>\u00a0Cleidiane Pinheiro<\/strong><\/span>\u00a0 (nella foto sotto),\u00a0per conto dell&#8217;Universit\u00e0 Popolare Internazionale, che unisce qui a Lecce rappresentanti di popoli di tutto il mondo. Proprio mutuando elementi presenti nella cultura popolare di tante etnie, ricorda a tutti che gli alberi non hanno solo una funzionalit\u00e0 fisica, ma hanno pure un fortissimo elemento simbolico, identificando il valore della Sacralit\u00e0 della Natura.<\/p>\n<p>&nbsp;<\/p>\n<p><img decoding=\"async\" loading=\"lazy\" class=\"alignnone size-full wp-image-191403\" src=\"https:\/\/www.leccecronaca.it\/wordpress\/wp-content\/uploads\/2021\/11\/bpa.jpg\" alt=\"\" width=\"2048\" height=\"1152\" srcset=\"https:\/\/www.leccecronaca.it\/wordpress\/wp-content\/uploads\/2021\/11\/bpa.jpg 2048w, https:\/\/www.leccecronaca.it\/wordpress\/wp-content\/uploads\/2021\/11\/bpa-300x169.jpg 300w, https:\/\/www.leccecronaca.it\/wordpress\/wp-content\/uploads\/2021\/11\/bpa-1024x576.jpg 1024w, https:\/\/www.leccecronaca.it\/wordpress\/wp-content\/uploads\/2021\/11\/bpa-768x432.jpg 768w, https:\/\/www.leccecronaca.it\/wordpress\/wp-content\/uploads\/2021\/11\/bpa-1536x864.jpg 1536w\" sizes=\"(max-width: 2048px) 100vw, 2048px\" \/><\/p>\n<p>&nbsp;<\/p>\n<p>Si chiude al Parco dei Bambini di viale Giovanni Paolo II, a rendere simbolico omaggio all&#8217; &#8216;albero che non c&#8217;\u00e8&#8217;. Non c&#8217;\u00e8 pi\u00f9. Era un pino forte, sano, rigoglioso, cos\u00ec abbarbicato alla sua, alla nostra terra, cui dava fresco e pulizia, che, dopo aver abbattuto il tronco, dovettero arrivare con una gru a rimorchio per eradicarne il resto, e quasi non ce la facevano a portarlo via, dopo averlo distrutto, per decisione scriteriata.<\/p>\n<p>&nbsp;<\/p>\n<p><img decoding=\"async\" loading=\"lazy\" class=\"alignnone size-full wp-image-191408\" src=\"https:\/\/www.leccecronaca.it\/wordpress\/wp-content\/uploads\/2021\/11\/bgb.jpg\" alt=\"\" width=\"2048\" height=\"1152\" srcset=\"https:\/\/www.leccecronaca.it\/wordpress\/wp-content\/uploads\/2021\/11\/bgb.jpg 2048w, https:\/\/www.leccecronaca.it\/wordpress\/wp-content\/uploads\/2021\/11\/bgb-300x169.jpg 300w, https:\/\/www.leccecronaca.it\/wordpress\/wp-content\/uploads\/2021\/11\/bgb-1024x576.jpg 1024w, https:\/\/www.leccecronaca.it\/wordpress\/wp-content\/uploads\/2021\/11\/bgb-768x432.jpg 768w, https:\/\/www.leccecronaca.it\/wordpress\/wp-content\/uploads\/2021\/11\/bgb-1536x864.jpg 1536w\" sizes=\"(max-width: 2048px) 100vw, 2048px\" \/><\/p>\n<p><span style=\"color: #ff0000;\"><strong>Paolo Bix\u00a0<\/strong><\/span>(nella foto sopra), che ha l&#8217;onore e l&#8217;onere di chiudere musicalmente la bella mattinata, scalda gli accordi della sua chitarra, mentre tutti si dispongono sulle gradinate del piccolo anfiteatro, per ascoltarlo e cantare insieme a lui.<\/p>\n<p>Sceglie il Lucio Dalla d&#8217;annata di &#8216;Cosa sar\u00e0&#8217;.<\/p>\n<p><em>Cosa sar\u00e0?<\/em><br \/>\n<em>Che fa crescere gli alberi, la felicit\u00e0<\/em><\/p>\n<p>Lo scopriremo solo vivendo. Se ci lasceranno vivere.<\/p>\n<p>&nbsp;<\/p>\n<p>&nbsp;<\/p>\n<p>&nbsp;<\/p>\n<p>&nbsp;<\/p>\n<p>&nbsp;<\/p>\n<p>&nbsp;<\/p>\n<fb:like href='https:\/\/www.leccecronaca.it\/index.php\/2021\/11\/21\/reportage-e-qui-la-festa-cosi-il-coordinamento-per-gli-alberi-e-il-verde-urbano-ha-celebrato-a-lecce-la-giornata-internazionale-dellalbero\/' send='true' layout='button_count' show_faces='true' width='450' height='65' action='recommend' colorscheme='light' font='lucida grande'><\/fb:like><span class=\"fb_share\"><fb:like href=\"https:\/\/www.leccecronaca.it\/index.php\/2021\/11\/21\/reportage-e-qui-la-festa-cosi-il-coordinamento-per-gli-alberi-e-il-verde-urbano-ha-celebrato-a-lecce-la-giornata-internazionale-dellalbero\/\" layout=\"button_count\"><\/fb:like><\/span>","protected":false},"excerpt":{"rendered":"<p>COSI&#8217; IL Coordinamento per gli Alberi e il Verde Urbano HA CELEBRATO A LECCE LA GIORNATA INTERNAZIONALE DELL&#8217;ALBERO di Giuseppe Puppo_______ Dietro il Carlo V, le bancarelle di piazza Libertini al sole del mattino si vestono di nuovi colori. Le\u00a0 aiuole tutt&#8217;intorno impazziscono di luce. Maria Cucurachi si improvvisa truccatrice e adegua qualcuno dei presenti, [&hellip;]<\/p>\n","protected":false},"author":4,"featured_media":191409,"comment_status":"open","ping_status":"closed","sticky":false,"template":"","format":"standard","meta":[],"categories":[1,69,31,75,76,77],"tags":[],"_links":{"self":[{"href":"https:\/\/www.leccecronaca.it\/index.php\/wp-json\/wp\/v2\/posts\/191395"}],"collection":[{"href":"https:\/\/www.leccecronaca.it\/index.php\/wp-json\/wp\/v2\/posts"}],"about":[{"href":"https:\/\/www.leccecronaca.it\/index.php\/wp-json\/wp\/v2\/types\/post"}],"author":[{"embeddable":true,"href":"https:\/\/www.leccecronaca.it\/index.php\/wp-json\/wp\/v2\/users\/4"}],"replies":[{"embeddable":true,"href":"https:\/\/www.leccecronaca.it\/index.php\/wp-json\/wp\/v2\/comments?post=191395"}],"version-history":[{"count":7,"href":"https:\/\/www.leccecronaca.it\/index.php\/wp-json\/wp\/v2\/posts\/191395\/revisions"}],"predecessor-version":[{"id":191479,"href":"https:\/\/www.leccecronaca.it\/index.php\/wp-json\/wp\/v2\/posts\/191395\/revisions\/191479"}],"wp:featuredmedia":[{"embeddable":true,"href":"https:\/\/www.leccecronaca.it\/index.php\/wp-json\/wp\/v2\/media\/191409"}],"wp:attachment":[{"href":"https:\/\/www.leccecronaca.it\/index.php\/wp-json\/wp\/v2\/media?parent=191395"}],"wp:term":[{"taxonomy":"category","embeddable":true,"href":"https:\/\/www.leccecronaca.it\/index.php\/wp-json\/wp\/v2\/categories?post=191395"},{"taxonomy":"post_tag","embeddable":true,"href":"https:\/\/www.leccecronaca.it\/index.php\/wp-json\/wp\/v2\/tags?post=191395"}],"curies":[{"name":"wp","href":"https:\/\/api.w.org\/{rel}","templated":true}]}}