{"id":191763,"date":"2021-11-29T13:41:49","date_gmt":"2021-11-29T12:41:49","guid":{"rendered":"http:\/\/www.leccecronaca.it\/?p=191763"},"modified":"2021-11-29T13:43:01","modified_gmt":"2021-11-29T12:43:01","slug":"la-storia-poliziotto-per-un-giorno","status":"publish","type":"post","link":"https:\/\/www.leccecronaca.it\/index.php\/2021\/11\/29\/la-storia-poliziotto-per-un-giorno\/","title":{"rendered":"LA STORIA \/ POLIZIOTTO PER UN GIORNO"},"content":{"rendered":"<p><img decoding=\"async\" loading=\"lazy\" class=\"alignnone size-full wp-image-191765\" src=\"https:\/\/www.leccecronaca.it\/wordpress\/wp-content\/uploads\/2021\/11\/262251031_606741870572296_8988219619349098561_n.jpg\" alt=\"\" width=\"1024\" height=\"768\" srcset=\"https:\/\/www.leccecronaca.it\/wordpress\/wp-content\/uploads\/2021\/11\/262251031_606741870572296_8988219619349098561_n.jpg 1024w, https:\/\/www.leccecronaca.it\/wordpress\/wp-content\/uploads\/2021\/11\/262251031_606741870572296_8988219619349098561_n-300x225.jpg 300w, https:\/\/www.leccecronaca.it\/wordpress\/wp-content\/uploads\/2021\/11\/262251031_606741870572296_8988219619349098561_n-768x576.jpg 768w, https:\/\/www.leccecronaca.it\/wordpress\/wp-content\/uploads\/2021\/11\/262251031_606741870572296_8988219619349098561_n-400x300.jpg 400w\" sizes=\"(max-width: 1024px) 100vw, 1024px\" \/>di <strong>Flora Fina<\/strong>\u00a0______<\/p>\n<p>Il piccolo Michele, di 8 anni , che vive a Soleto e frequenta la terza elementare, \u00e8 stato ospite sabato scorso alla Questura di Lecce. La sua immensa ammirazione per la Polizia di Stato ed il forte desiderio di poter diventare un giorno, da grande, un agente, sono sempre stati per lui fonte di smisurata gioia e contentezza.<\/p>\n<p>&nbsp;<\/p>\n<p>Se \u201cgioia e amore sono le ali per le grandi imprese\u201d, allora Michele, una grande impresa l\u2019ha sicuramente realizzata.<\/p>\n<p>Sin da quando era un bambino piccolo, collezionava i pi\u00f9 disparati gadget per sentirsi un po&#8217; come i suoi eroi: spille, cappelli, manette e cinturone e anche una torta di compleanno con i colori della Polizia.<\/p>\n<p>Viaggiare con la fantasia ed esprimere desideri profondi, per poterli realizzare poi, sono i motori accesi di una vita che ben comincia, e non si muove per inerzia.<\/p>\n<p>Grazie all\u2019iniziativa della Sezione dell&#8217;Associazione Nazionale della Polizia di Stao di Galatina, che ha messo profondo impegno affinch\u00e9 un desiderio cos\u00ec solido si potesse realizzare, il nostro piccolo Michele ha visitato la Questura, dove \u00e8 diventato \u201cPoliziotto per un giorno\u201d.<\/p>\n<p>La sua gioia, \u00e8 stata indescrivibile: ha potuto finalmente visitare tutti gli uffici operativi e strategici, accompagnato ovviamente dalla sua mamma e dal Presidente della Sezione ANPS, Luigi Cal\u00f2.<\/p>\n<p>Ha finanche pranzato alla mensa degli agenti insieme al Questore Andrea Valentino.<\/p>\n<p>&nbsp;<\/p>\n<p>Nel racconto scritto dal nostro piccolo protagonista a fine giornata, era inevitabile che un giorno del genere per lui, fosse stato fonte di felicit\u00e0 smisurata, una giornata che \u00e8 stata \u201cla pi\u00f9 bella sua vita\u201d, come ha scritto egli stesso, perch\u00e9 \u201cessere felice vuol dire vedere il mondo come si desidera\u201d.<\/p>\n<p>&nbsp;<\/p>\n<p>&nbsp;<\/p>\n<p>&nbsp;<\/p>\n<fb:like href='https:\/\/www.leccecronaca.it\/index.php\/2021\/11\/29\/la-storia-poliziotto-per-un-giorno\/' send='true' layout='button_count' show_faces='true' width='450' height='65' action='recommend' colorscheme='light' font='lucida grande'><\/fb:like><span class=\"fb_share\"><fb:like href=\"https:\/\/www.leccecronaca.it\/index.php\/2021\/11\/29\/la-storia-poliziotto-per-un-giorno\/\" layout=\"button_count\"><\/fb:like><\/span>","protected":false},"excerpt":{"rendered":"<p>di Flora Fina\u00a0______ Il piccolo Michele, di 8 anni , che vive a Soleto e frequenta la terza elementare, \u00e8 stato ospite sabato scorso alla Questura di Lecce. La sua immensa ammirazione per la Polizia di Stato ed il forte desiderio di poter diventare un giorno, da grande, un agente, sono sempre stati per lui [&hellip;]<\/p>\n","protected":false},"author":4,"featured_media":191765,"comment_status":"open","ping_status":"closed","sticky":false,"template":"","format":"standard","meta":[],"categories":[69],"tags":[],"_links":{"self":[{"href":"https:\/\/www.leccecronaca.it\/index.php\/wp-json\/wp\/v2\/posts\/191763"}],"collection":[{"href":"https:\/\/www.leccecronaca.it\/index.php\/wp-json\/wp\/v2\/posts"}],"about":[{"href":"https:\/\/www.leccecronaca.it\/index.php\/wp-json\/wp\/v2\/types\/post"}],"author":[{"embeddable":true,"href":"https:\/\/www.leccecronaca.it\/index.php\/wp-json\/wp\/v2\/users\/4"}],"replies":[{"embeddable":true,"href":"https:\/\/www.leccecronaca.it\/index.php\/wp-json\/wp\/v2\/comments?post=191763"}],"version-history":[{"count":3,"href":"https:\/\/www.leccecronaca.it\/index.php\/wp-json\/wp\/v2\/posts\/191763\/revisions"}],"predecessor-version":[{"id":191767,"href":"https:\/\/www.leccecronaca.it\/index.php\/wp-json\/wp\/v2\/posts\/191763\/revisions\/191767"}],"wp:featuredmedia":[{"embeddable":true,"href":"https:\/\/www.leccecronaca.it\/index.php\/wp-json\/wp\/v2\/media\/191765"}],"wp:attachment":[{"href":"https:\/\/www.leccecronaca.it\/index.php\/wp-json\/wp\/v2\/media?parent=191763"}],"wp:term":[{"taxonomy":"category","embeddable":true,"href":"https:\/\/www.leccecronaca.it\/index.php\/wp-json\/wp\/v2\/categories?post=191763"},{"taxonomy":"post_tag","embeddable":true,"href":"https:\/\/www.leccecronaca.it\/index.php\/wp-json\/wp\/v2\/tags?post=191763"}],"curies":[{"name":"wp","href":"https:\/\/api.w.org\/{rel}","templated":true}]}}