{"id":192524,"date":"2021-12-16T09:59:57","date_gmt":"2021-12-16T08:59:57","guid":{"rendered":"http:\/\/www.leccecronaca.it\/?p=192524"},"modified":"2021-12-16T10:03:58","modified_gmt":"2021-12-16T09:03:58","slug":"il-dramma-dei-morti-sul-lavoro-manifestazione-a-lecce","status":"publish","type":"post","link":"https:\/\/www.leccecronaca.it\/index.php\/2021\/12\/16\/il-dramma-dei-morti-sul-lavoro-manifestazione-a-lecce\/","title":{"rendered":"IL DRAMMA DEI MORTI SUL LAVORO, MANIFESTAZIONE A LECCE DEL PARTITO COMUNISTA SABATO 18"},"content":{"rendered":"<p><img decoding=\"async\" loading=\"lazy\" class=\"alignnone size-full wp-image-192526\" src=\"https:\/\/www.leccecronaca.it\/wordpress\/wp-content\/uploads\/2021\/12\/fotodirepertorio.jpg\" alt=\"\" width=\"620\" height=\"340\" srcset=\"https:\/\/www.leccecronaca.it\/wordpress\/wp-content\/uploads\/2021\/12\/fotodirepertorio.jpg 620w, https:\/\/www.leccecronaca.it\/wordpress\/wp-content\/uploads\/2021\/12\/fotodirepertorio-300x165.jpg 300w\" sizes=\"(max-width: 620px) 100vw, 620px\" \/>(Rdl)______\u00a0<em>\u201cPi\u00f9 di mille morti ogni anno, \u00e8 una guerra. Non si pu\u00f2 restare a guardare<\/em>\u201d, dice <strong>Andrea Scarpa<\/strong>, il segretario della Federazione della Provincia di Lecce del Partito Comunista, e aggiunge:\u00a0<em>\u201cIn quattordici anni: 15mila morti e 10 milioni di infortuni sul lavoro.<\/em><\/p>\n<p><em>Per non bastare, le denunce di malattia professionale protocollate dall\u2019Inail nei primi otto mesi del 2021 sono state 36.496, 8.735 in pi\u00f9 rispetto allo stesso periodo del 2020\u201d<\/em>.<\/p>\n<p>&nbsp;<\/p>\n<p>Per\u00a0<em>\u201ccostruire l&#8217;alternativa a questo sistema disumano\u201d<\/em>\u00a0il Partito Comunista ha indetto una manifestazione a Lecce, in piazza Sant&#8217;Oronzo, sabato 18 dicembre dalle 17.00 alle 21.00.<\/p>\n<p>Secondo gli organizzatori,\u00a0<em>\u00a0\u201ci motivi della strage\u201d<\/em> sono i seguenti:<\/p>\n<p>\u2022 i padroni risparmiano sui costi dei dispositivi di protezione e della formazione, spingono i lavoratori a turni e ritmi di lavoro massacranti e manomettono i meccanismi di sicurezza delle macchine per velocizzare i tempi di produzione<br \/>\n\u2022 la scelta di metodi di produzione convenienti per le aziende ma tossici per i lavoratori<br \/>\n\u2022 le vergognose leggi pensionistiche costringono a lavorare in et\u00e0 avanzata e\/o nonostante problemi di salute gravi.<\/p>\n<p>&nbsp;<\/p>\n<p><img decoding=\"async\" loading=\"lazy\" class=\"alignnone size-full wp-image-192525\" src=\"https:\/\/www.leccecronaca.it\/wordpress\/wp-content\/uploads\/2021\/12\/sabato-manifestazione-morti-sul-lavoro-Lecce.jpg\" alt=\"\" width=\"1440\" height=\"1440\" srcset=\"https:\/\/www.leccecronaca.it\/wordpress\/wp-content\/uploads\/2021\/12\/sabato-manifestazione-morti-sul-lavoro-Lecce.jpg 1440w, https:\/\/www.leccecronaca.it\/wordpress\/wp-content\/uploads\/2021\/12\/sabato-manifestazione-morti-sul-lavoro-Lecce-300x300.jpg 300w, https:\/\/www.leccecronaca.it\/wordpress\/wp-content\/uploads\/2021\/12\/sabato-manifestazione-morti-sul-lavoro-Lecce-1024x1024.jpg 1024w, https:\/\/www.leccecronaca.it\/wordpress\/wp-content\/uploads\/2021\/12\/sabato-manifestazione-morti-sul-lavoro-Lecce-150x150.jpg 150w, https:\/\/www.leccecronaca.it\/wordpress\/wp-content\/uploads\/2021\/12\/sabato-manifestazione-morti-sul-lavoro-Lecce-768x768.jpg 768w, https:\/\/www.leccecronaca.it\/wordpress\/wp-content\/uploads\/2021\/12\/sabato-manifestazione-morti-sul-lavoro-Lecce-60x60.jpg 60w\" sizes=\"(max-width: 1440px) 100vw, 1440px\" \/><\/p>\n<fb:like href='https:\/\/www.leccecronaca.it\/index.php\/2021\/12\/16\/il-dramma-dei-morti-sul-lavoro-manifestazione-a-lecce\/' send='true' layout='button_count' show_faces='true' width='450' height='65' action='recommend' colorscheme='light' font='lucida grande'><\/fb:like><span class=\"fb_share\"><fb:like href=\"https:\/\/www.leccecronaca.it\/index.php\/2021\/12\/16\/il-dramma-dei-morti-sul-lavoro-manifestazione-a-lecce\/\" layout=\"button_count\"><\/fb:like><\/span>","protected":false},"excerpt":{"rendered":"<p>(Rdl)______\u00a0\u201cPi\u00f9 di mille morti ogni anno, \u00e8 una guerra. Non si pu\u00f2 restare a guardare\u201d, dice Andrea Scarpa, il segretario della Federazione della Provincia di Lecce del Partito Comunista, e aggiunge:\u00a0\u201cIn quattordici anni: 15mila morti e 10 milioni di infortuni sul lavoro. Per non bastare, le denunce di malattia professionale protocollate dall\u2019Inail nei primi otto [&hellip;]<\/p>\n","protected":false},"author":4,"featured_media":192526,"comment_status":"open","ping_status":"closed","sticky":false,"template":"","format":"standard","meta":[],"categories":[1,69,75,76],"tags":[],"_links":{"self":[{"href":"https:\/\/www.leccecronaca.it\/index.php\/wp-json\/wp\/v2\/posts\/192524"}],"collection":[{"href":"https:\/\/www.leccecronaca.it\/index.php\/wp-json\/wp\/v2\/posts"}],"about":[{"href":"https:\/\/www.leccecronaca.it\/index.php\/wp-json\/wp\/v2\/types\/post"}],"author":[{"embeddable":true,"href":"https:\/\/www.leccecronaca.it\/index.php\/wp-json\/wp\/v2\/users\/4"}],"replies":[{"embeddable":true,"href":"https:\/\/www.leccecronaca.it\/index.php\/wp-json\/wp\/v2\/comments?post=192524"}],"version-history":[{"count":2,"href":"https:\/\/www.leccecronaca.it\/index.php\/wp-json\/wp\/v2\/posts\/192524\/revisions"}],"predecessor-version":[{"id":192528,"href":"https:\/\/www.leccecronaca.it\/index.php\/wp-json\/wp\/v2\/posts\/192524\/revisions\/192528"}],"wp:featuredmedia":[{"embeddable":true,"href":"https:\/\/www.leccecronaca.it\/index.php\/wp-json\/wp\/v2\/media\/192526"}],"wp:attachment":[{"href":"https:\/\/www.leccecronaca.it\/index.php\/wp-json\/wp\/v2\/media?parent=192524"}],"wp:term":[{"taxonomy":"category","embeddable":true,"href":"https:\/\/www.leccecronaca.it\/index.php\/wp-json\/wp\/v2\/categories?post=192524"},{"taxonomy":"post_tag","embeddable":true,"href":"https:\/\/www.leccecronaca.it\/index.php\/wp-json\/wp\/v2\/tags?post=192524"}],"curies":[{"name":"wp","href":"https:\/\/api.w.org\/{rel}","templated":true}]}}