{"id":193140,"date":"2021-12-30T00:02:21","date_gmt":"2021-12-29T23:02:21","guid":{"rendered":"http:\/\/www.leccecronaca.it\/?p=193140"},"modified":"2021-12-29T19:02:20","modified_gmt":"2021-12-29T18:02:20","slug":"novita-editoriali-in-passaggi-di-proprieta-salvatore-enrico-anselmi-racconta-le-storie-di-un-quadro-del-cinquecento","status":"publish","type":"post","link":"https:\/\/www.leccecronaca.it\/index.php\/2021\/12\/30\/novita-editoriali-in-passaggi-di-proprieta-salvatore-enrico-anselmi-racconta-le-storie-di-un-quadro-del-cinquecento\/","title":{"rendered":"NOVITA&#8217; EDITORIALI \/ IN \u201cPassaggi di propriet\u00e0\u201d, SALVATORE ENRICO ANSELMI RACCONTA LE STORIE DI UN QUADRO"},"content":{"rendered":"<p><img decoding=\"async\" loading=\"lazy\" class=\"alignnone wp-image-193141\" src=\"https:\/\/www.leccecronaca.it\/wordpress\/wp-content\/uploads\/2021\/12\/sea.jpg\" alt=\"\" width=\"500\" height=\"542\" \/><\/p>\n<p>di <strong>Raffaele Polo<\/strong>______<\/p>\n<p>Un quadro del Cinquecento racconta la sua storia&#8230;<\/p>\n<p>Con \u00a0<em>\u201cPassaggi di propriet\u00e0\u201d<\/em> (Linea Edizioni, pagg. 256, 15 euro), l&#8217;autore\u00a0 <strong>Salvatore Enrico<\/strong> <strong>Anselmi<\/strong> ci narra, semplicemente, la storia di un dipinto, un quadro che rappresenta una Nativit\u00e0. L&#8217;opera \u00e8 stata realizzata nel Cinquecento da un bravo artista ma non \u00e8 questo che interessa: piuttosto \u00e8 la storia del quadro, che parla in prima persona, e che si dipana fino ai tempi nostri, ad essere il filo portante dello scritto. Anselmi, con una intuizione apprezzabile e molto ben gestita, comincia subito a far narrare al dipinto le sue vicissitudini, con un Incipit singolare ed affascinante, che ci immerge subito nella narrazione:<\/p>\n<p><strong><em>Ho vissuto come un essere umano.<\/em><\/strong><\/p>\n<p><strong><em>Ho avuto una nascita, un\u2019esistenza e una morte. Qualcuno mi ha creato e qualcosa ha deciso per me. Accade cos\u00ec anche per l\u2019uomo.<\/em><\/strong><\/p>\n<p><strong><em>Un evento ineludibile, a un certo tratto del suo cammino, che l\u2019uomo stesso non pu\u00f2 stabilire se non dandosi la morte, decide affinch\u00e9 il percorso si interrompa.<\/em><\/strong><\/p>\n<p><strong><em>Ho avuto una lunga storia, una lunga vita delle quali vado fiero, perch\u00e9 ogni luogo che mi ha ospitato, ogni persona che ho incontrato, ha osservato la mia pelle, i miei tratti, e ne \u00e8 rimasto segnato, come di fronte a una rivelazione ha intrattenuto con me un rapporto che non lo ha restituito alla sua pi\u00f9 comune giornata nella stessa condizione antecedente all\u2019incontro.<\/em><\/strong><\/p>\n<p>&nbsp;<\/p>\n<p>Dalla lettura sistematica e sequenziale dei capitoli \u00e8 possibile ricondurre a unit\u00e0 l\u2019articolata e appassionante vicenda costituita da un prologo, da uno svolgimento e da un epilogo secondo eventi caratterizzati da corrispondenze, rivolgimenti e colpi di scena inattesi.<\/p>\n<p>&nbsp;<\/p>\n<p>Il contesto storico di riferimento costituisce lo scorcio, il profilo sociale sul quale si staglia l\u2019azione di ogni capitolo. Al servizio dell\u2019impostazione diacronica \u00e8 stata scelta un\u2019opzione stilistica di adeguamento della lingua e della forma al periodo nel quale si consuma l\u2019azione interna alle diverse sezioni narrative, comunque nella coerenza complessiva che rimanda a un\u2019iconografia scelta e tenuta costante. \u00c8 stata compiuta pertanto una consapevole operazione meta-linguistica e meta-letteraria che costituisce uno dei collanti del testo.<\/p>\n<p>Per ogni capitolo l\u2019epilogo \u00e8 repentino e rapido, e in questo senso, l\u2019intento \u00e8 stato quello di contemperare la tradizione novellistica con il ricorso all\u2019atto conclusivo e fulmineo che caratterizza certa prosa del Novecento in Europa e in America. Il clima che qualifica <em>Passaggi di propriet\u00e0<\/em>, coniuga prospettive variate, atmosfere liriche e introspettive col cinismo ironico, partecipato e asettico, dell\u2019io narrante.<\/p>\n<p>Il raggiungimento ultimo potrebbe essere dunque quello, pur nell\u2019originalit\u00e0, di raccontare una storia che si compone di storie, un romanzo di romanzi caratterizzato da moventi, echi e memorie che sta al lettore scoprire e condividere.<\/p>\n<p>Si muove a suo agio nei secoli di pittura, il bravo Anselmi: \u00e8 la sua materia, del resto, sospesa tra storia e critica, ingentilita e irrobustita da un&#8217;ottima predisposizione per la narrativa.<\/p>\n<p><img decoding=\"async\" loading=\"lazy\" class=\"alignnone size-full wp-image-193143\" src=\"https:\/\/www.leccecronaca.it\/wordpress\/wp-content\/uploads\/2021\/12\/co-1.jpg\" alt=\"\" width=\"856\" height=\"1211\" srcset=\"https:\/\/www.leccecronaca.it\/wordpress\/wp-content\/uploads\/2021\/12\/co-1.jpg 856w, https:\/\/www.leccecronaca.it\/wordpress\/wp-content\/uploads\/2021\/12\/co-1-212x300.jpg 212w, https:\/\/www.leccecronaca.it\/wordpress\/wp-content\/uploads\/2021\/12\/co-1-724x1024.jpg 724w, https:\/\/www.leccecronaca.it\/wordpress\/wp-content\/uploads\/2021\/12\/co-1-768x1087.jpg 768w\" sizes=\"(max-width: 856px) 100vw, 856px\" \/><\/p>\n<fb:like href='https:\/\/www.leccecronaca.it\/index.php\/2021\/12\/30\/novita-editoriali-in-passaggi-di-proprieta-salvatore-enrico-anselmi-racconta-le-storie-di-un-quadro-del-cinquecento\/' send='true' layout='button_count' show_faces='true' width='450' height='65' action='recommend' colorscheme='light' font='lucida grande'><\/fb:like><span class=\"fb_share\"><fb:like href=\"https:\/\/www.leccecronaca.it\/index.php\/2021\/12\/30\/novita-editoriali-in-passaggi-di-proprieta-salvatore-enrico-anselmi-racconta-le-storie-di-un-quadro-del-cinquecento\/\" layout=\"button_count\"><\/fb:like><\/span>","protected":false},"excerpt":{"rendered":"<p>di Raffaele Polo______ Un quadro del Cinquecento racconta la sua storia&#8230; Con \u00a0\u201cPassaggi di propriet\u00e0\u201d (Linea Edizioni, pagg. 256, 15 euro), l&#8217;autore\u00a0 Salvatore Enrico Anselmi ci narra, semplicemente, la storia di un dipinto, un quadro che rappresenta una Nativit\u00e0. L&#8217;opera \u00e8 stata realizzata nel Cinquecento da un bravo artista ma non \u00e8 questo che interessa: [&hellip;]<\/p>\n","protected":false},"author":4,"featured_media":193141,"comment_status":"open","ping_status":"closed","sticky":false,"template":"","format":"standard","meta":[],"categories":[31,57],"tags":[],"_links":{"self":[{"href":"https:\/\/www.leccecronaca.it\/index.php\/wp-json\/wp\/v2\/posts\/193140"}],"collection":[{"href":"https:\/\/www.leccecronaca.it\/index.php\/wp-json\/wp\/v2\/posts"}],"about":[{"href":"https:\/\/www.leccecronaca.it\/index.php\/wp-json\/wp\/v2\/types\/post"}],"author":[{"embeddable":true,"href":"https:\/\/www.leccecronaca.it\/index.php\/wp-json\/wp\/v2\/users\/4"}],"replies":[{"embeddable":true,"href":"https:\/\/www.leccecronaca.it\/index.php\/wp-json\/wp\/v2\/comments?post=193140"}],"version-history":[{"count":2,"href":"https:\/\/www.leccecronaca.it\/index.php\/wp-json\/wp\/v2\/posts\/193140\/revisions"}],"predecessor-version":[{"id":193145,"href":"https:\/\/www.leccecronaca.it\/index.php\/wp-json\/wp\/v2\/posts\/193140\/revisions\/193145"}],"wp:featuredmedia":[{"embeddable":true,"href":"https:\/\/www.leccecronaca.it\/index.php\/wp-json\/wp\/v2\/media\/193141"}],"wp:attachment":[{"href":"https:\/\/www.leccecronaca.it\/index.php\/wp-json\/wp\/v2\/media?parent=193140"}],"wp:term":[{"taxonomy":"category","embeddable":true,"href":"https:\/\/www.leccecronaca.it\/index.php\/wp-json\/wp\/v2\/categories?post=193140"},{"taxonomy":"post_tag","embeddable":true,"href":"https:\/\/www.leccecronaca.it\/index.php\/wp-json\/wp\/v2\/tags?post=193140"}],"curies":[{"name":"wp","href":"https:\/\/api.w.org\/{rel}","templated":true}]}}