{"id":193541,"date":"2022-01-12T09:50:09","date_gmt":"2022-01-12T08:50:09","guid":{"rendered":"http:\/\/www.leccecronaca.it\/?p=193541"},"modified":"2022-01-12T09:50:09","modified_gmt":"2022-01-12T08:50:09","slug":"contributi-a-fondo-perduto-per-gli-ambulanti","status":"publish","type":"post","link":"https:\/\/www.leccecronaca.it\/index.php\/2022\/01\/12\/contributi-a-fondo-perduto-per-gli-ambulanti\/","title":{"rendered":"CONTRIBUTI A FONDO PERDUTO PER GLI AMBULANTI"},"content":{"rendered":"<p><img decoding=\"async\" loading=\"lazy\" class=\"alignnone size-full wp-image-193542\" src=\"https:\/\/www.leccecronaca.it\/wordpress\/wp-content\/uploads\/2022\/01\/unnamed-4.jpg\" alt=\"\" width=\"512\" height=\"285\" srcset=\"https:\/\/www.leccecronaca.it\/wordpress\/wp-content\/uploads\/2022\/01\/unnamed-4.jpg 512w, https:\/\/www.leccecronaca.it\/wordpress\/wp-content\/uploads\/2022\/01\/unnamed-4-300x167.jpg 300w\" sizes=\"(max-width: 512px) 100vw, 512px\" \/><\/p>\n<p>Riceviamo e volentieri pubblichiamo. La Camera di Commercio di Lecce\u00a0(nella foto la sede di viale Gallipoli)\u00a0ci manda il seguente comunicato______<\/p>\n<p>Fino alle ore 16:00 del 31 gennaio 2022 sar\u00e0 ancora possibile presentare domanda per essere beneficiari dei contributi a fondo perduto previsti dal bando regionale a favore degli ambulanti soggetti a restrizioni in relazione all&#8217;emergenza da\u00a0COVID-19.<\/p>\n<p>&nbsp;<\/p>\n<p>La\u00a0Regione Puglia\u00a0ha infatti destinato \u20ac 4.000.000,00 ai ristori degli operatori ambulanti del commercio su aree pubbliche ed ha affidato la gestione del relativo bando ad Unioncamere Puglia ed alle Camere di Commercio delle province pugliesi che stanno gi\u00e0 attivamente operando in tal senso.<\/p>\n<p>Un breve riepilogo dei punti salienti del bando.<\/p>\n<p>&nbsp;<\/p>\n<p>Beneficiarie dei contributi previsti sono le imprese, aventi qualsiasi forma giuridica, con\u00a0codice ATECO 47.8 e nello specifico 47.81 (47.81.01 &#8211; 47.81.02 &#8211; 47.81.03 &#8211; 47.81.09), 47.82 (47.82.01 &#8211; 47.82.02), 47.89 (47.89.01 &#8211; 47.89.02 &#8211; 47.89.03 &#8211; 47.89.04 &#8211; 47.89.05 &#8211; 47.89.09), codici 56.10 e, nello specifico (56.10.41 &#8211; 56.10.42).<\/p>\n<p>&nbsp;<\/p>\n<p>Le imprese ammesse a contributo sono quelle che nell\u2019anno 2020 hanno registrato un calo di fatturato di oltre il cinquanta per cento rispetto all\u2019anno 2019.<\/p>\n<p>&nbsp;<\/p>\n<p>Il contributo sar\u00e0 concesso nei limiti delle risorse disponibili che saranno assegnate ad Unioncamere Puglia e ripartite tra le singole Camere di Commercio pugliesi, proporzionalmente al numero d\u2019imprese beneficiarie nell&#8217;ambito del territorio di competenza.<\/p>\n<p>&nbsp;<\/p>\n<p>Le somme riversate alle singole Camere di Commercio, quindi, saranno a loro volta ripartite tra tutte le imprese richiedenti nei termini, aventi sede sul proprio territorio di competenza ed ammesse a contributo.\u00a0 Pertanto, tutte le domande ammesse avranno diritto al contributo e l\u2019entit\u00e0 dello stesso dipender\u00e0 dal numero delle domande stesse e sar\u00e0 graduata in base alle percentuali di calo di fatturato.<\/p>\n<p>&nbsp;<\/p>\n<p>\u201cRealizzato su iniziativa della Regione Puglia, il bando mira ad una fruizione capillare da parte delle imprese interessate e lo fa grazie alla stretta collaborazione con Unioncamere Puglia e le Camere di Commercio pugliesi\u201d \u2013 commenta Vincenzo Benisi, Commissario straordinario dell\u2019Ente camerale leccese \u2013 \u201cLa Camera di Commercio di Lecce, a beneficio delle imprese del Salento, ha aderito con entusiasmo a questa rete virtuosa a sostegno di tanti operatori economici che hanno purtroppo subito importanti cali di fatturato a seguito delle restrizioni imposte dalla pandemia; auspichiamo una buona adesione, soprattutto in considerazione del cospicuo numero di ambulanti nel sistema imprenditoriale salentino. Nell\u2019ambito della procedura prevista del bando, siamo operativi a favore di quanti desiderano cogliere questa opportunit\u00e0\u201d.<\/p>\n<p>&nbsp;<\/p>\n<p>Le domande dovranno essere inviate esclusivamente per via telematica attraverso la piattaforma RESTART (https:\/\/restart.infocamere.it).<\/p>\n<p>&nbsp;<\/p>\n<p>Ulteriori indicazioni operative, il bando integrale, i requisiti e le FAQ sono consultabili sul sito della Camera di Commercio di Lecce https:\/\/www.le.camcom.gov.it\/P42A3483C71S95\/Bando-ristori-destinato-agli-ambulanti.htm<\/p>\n<p>&nbsp;<\/p>\n<p>&nbsp;<\/p>\n<fb:like href='https:\/\/www.leccecronaca.it\/index.php\/2022\/01\/12\/contributi-a-fondo-perduto-per-gli-ambulanti\/' send='true' layout='button_count' show_faces='true' width='450' height='65' action='recommend' colorscheme='light' font='lucida grande'><\/fb:like><span class=\"fb_share\"><fb:like href=\"https:\/\/www.leccecronaca.it\/index.php\/2022\/01\/12\/contributi-a-fondo-perduto-per-gli-ambulanti\/\" layout=\"button_count\"><\/fb:like><\/span>","protected":false},"excerpt":{"rendered":"<p>Riceviamo e volentieri pubblichiamo. La Camera di Commercio di Lecce\u00a0(nella foto la sede di viale Gallipoli)\u00a0ci manda il seguente comunicato______ Fino alle ore 16:00 del 31 gennaio 2022 sar\u00e0 ancora possibile presentare domanda per essere beneficiari dei contributi a fondo perduto previsti dal bando regionale a favore degli ambulanti soggetti a restrizioni in relazione all&#8217;emergenza [&hellip;]<\/p>\n","protected":false},"author":4,"featured_media":193542,"comment_status":"open","ping_status":"closed","sticky":false,"template":"","format":"standard","meta":[],"categories":[69,36],"tags":[],"_links":{"self":[{"href":"https:\/\/www.leccecronaca.it\/index.php\/wp-json\/wp\/v2\/posts\/193541"}],"collection":[{"href":"https:\/\/www.leccecronaca.it\/index.php\/wp-json\/wp\/v2\/posts"}],"about":[{"href":"https:\/\/www.leccecronaca.it\/index.php\/wp-json\/wp\/v2\/types\/post"}],"author":[{"embeddable":true,"href":"https:\/\/www.leccecronaca.it\/index.php\/wp-json\/wp\/v2\/users\/4"}],"replies":[{"embeddable":true,"href":"https:\/\/www.leccecronaca.it\/index.php\/wp-json\/wp\/v2\/comments?post=193541"}],"version-history":[{"count":1,"href":"https:\/\/www.leccecronaca.it\/index.php\/wp-json\/wp\/v2\/posts\/193541\/revisions"}],"predecessor-version":[{"id":193543,"href":"https:\/\/www.leccecronaca.it\/index.php\/wp-json\/wp\/v2\/posts\/193541\/revisions\/193543"}],"wp:featuredmedia":[{"embeddable":true,"href":"https:\/\/www.leccecronaca.it\/index.php\/wp-json\/wp\/v2\/media\/193542"}],"wp:attachment":[{"href":"https:\/\/www.leccecronaca.it\/index.php\/wp-json\/wp\/v2\/media?parent=193541"}],"wp:term":[{"taxonomy":"category","embeddable":true,"href":"https:\/\/www.leccecronaca.it\/index.php\/wp-json\/wp\/v2\/categories?post=193541"},{"taxonomy":"post_tag","embeddable":true,"href":"https:\/\/www.leccecronaca.it\/index.php\/wp-json\/wp\/v2\/tags?post=193541"}],"curies":[{"name":"wp","href":"https:\/\/api.w.org\/{rel}","templated":true}]}}