{"id":193798,"date":"2022-01-18T15:46:26","date_gmt":"2022-01-18T14:46:26","guid":{"rendered":"http:\/\/www.leccecronaca.it\/?p=193798"},"modified":"2022-01-18T19:09:44","modified_gmt":"2022-01-18T18:09:44","slug":"con-la-speranza-di-stimolare-una-riflessione","status":"publish","type":"post","link":"https:\/\/www.leccecronaca.it\/index.php\/2022\/01\/18\/con-la-speranza-di-stimolare-una-riflessione\/","title":{"rendered":"\u201dCon la speranza di stimolare una riflessione&#8230;\u201d"},"content":{"rendered":"<p><img decoding=\"async\" loading=\"lazy\" class=\"alignnone size-full wp-image-193800\" src=\"https:\/\/www.leccecronaca.it\/wordpress\/wp-content\/uploads\/2022\/01\/unnamed-7-1.jpg\" alt=\"\" width=\"512\" height=\"253\" srcset=\"https:\/\/www.leccecronaca.it\/wordpress\/wp-content\/uploads\/2022\/01\/unnamed-7-1.jpg 512w, https:\/\/www.leccecronaca.it\/wordpress\/wp-content\/uploads\/2022\/01\/unnamed-7-1-300x148.jpg 300w\" sizes=\"(max-width: 512px) 100vw, 512px\" \/><\/p>\n<p>Da Soleto <strong>Serena Fiorentino<\/strong> ci scrive______<\/p>\n<p dir=\"ltr\">In data odierna \u00e8 stata notificata a mio figlio di seconda elementare e a tutti i suoi compagni di classe il dispositivo della ASL che prevede l\u2019isolamento in quanto contatto di un caso positivo al Covid 19 in ambito scolastico.<\/p>\n<p dir=\"ltr\">Tralasciando il fatto che il bambino, negativo al tampone, deve rispettare la quarantena anche se in possesso di regolare green pass attivo e valido per le prossime 48 ore, gradirei porre l\u2019attenzione sulla quantomeno discutibile modalit\u00e0 di notifica del provvedimento ASL in questione. Dubito che la ASL possa notificare tramite registro elettronico scolastico non essendo questo un mezzo istituzionale di competenza della ASL stessa.<\/p>\n<p dir=\"ltr\">Inoltre mi permetto di sottolineare, con la speranza di stimolare una riflessione, che il suddetto provvedimento ASL \u00e8 incompatibile con la Didattica a Distanza in quanto prevede, fra le altre cose, che i conviventi dei bambini in DAD ed in isolamento debbano mantenere dagli stessi una distanza interpersonale di almeno un metro e che non possano condividere con loro gli oggetti. Ora, chiunque si render\u00e0 facilmente conto che, soprattutto in caso di bambini cos\u00ec piccoli, \u00e8 impensabile lasciarli da soli davanti ad un pc di cui non hanno piena padronanza ed evitare di guidarli personalmente a stretto contatto nello svolgimento delle attivit\u00e0 didattiche.<\/p>\n<p dir=\"ltr\">Seppur nolente, personalmente non mi creo alcun problema a contravvenire a disposizioni palesemente improponibili ed ingiuste. Ma, dal momento che non sono sola su questa terra e che non riesco a non mettermi nei panni di centinaia di altri genitori nelle mie stesse condizioni, gradirei che chi di competenza ci mettesse nelle condizioni di restare sempre nel giusto e nella legalit\u00e0.<\/p>\n<fb:like href='https:\/\/www.leccecronaca.it\/index.php\/2022\/01\/18\/con-la-speranza-di-stimolare-una-riflessione\/' send='true' layout='button_count' show_faces='true' width='450' height='65' action='recommend' colorscheme='light' font='lucida grande'><\/fb:like><span class=\"fb_share\"><fb:like href=\"https:\/\/www.leccecronaca.it\/index.php\/2022\/01\/18\/con-la-speranza-di-stimolare-una-riflessione\/\" layout=\"button_count\"><\/fb:like><\/span>","protected":false},"excerpt":{"rendered":"<p>Da Soleto Serena Fiorentino ci scrive______ In data odierna \u00e8 stata notificata a mio figlio di seconda elementare e a tutti i suoi compagni di classe il dispositivo della ASL che prevede l\u2019isolamento in quanto contatto di un caso positivo al Covid 19 in ambito scolastico. Tralasciando il fatto che il bambino, negativo al tampone, [&hellip;]<\/p>\n","protected":false},"author":4,"featured_media":193799,"comment_status":"open","ping_status":"closed","sticky":false,"template":"","format":"standard","meta":[],"categories":[69,36],"tags":[],"_links":{"self":[{"href":"https:\/\/www.leccecronaca.it\/index.php\/wp-json\/wp\/v2\/posts\/193798"}],"collection":[{"href":"https:\/\/www.leccecronaca.it\/index.php\/wp-json\/wp\/v2\/posts"}],"about":[{"href":"https:\/\/www.leccecronaca.it\/index.php\/wp-json\/wp\/v2\/types\/post"}],"author":[{"embeddable":true,"href":"https:\/\/www.leccecronaca.it\/index.php\/wp-json\/wp\/v2\/users\/4"}],"replies":[{"embeddable":true,"href":"https:\/\/www.leccecronaca.it\/index.php\/wp-json\/wp\/v2\/comments?post=193798"}],"version-history":[{"count":1,"href":"https:\/\/www.leccecronaca.it\/index.php\/wp-json\/wp\/v2\/posts\/193798\/revisions"}],"predecessor-version":[{"id":193801,"href":"https:\/\/www.leccecronaca.it\/index.php\/wp-json\/wp\/v2\/posts\/193798\/revisions\/193801"}],"wp:featuredmedia":[{"embeddable":true,"href":"https:\/\/www.leccecronaca.it\/index.php\/wp-json\/wp\/v2\/media\/193799"}],"wp:attachment":[{"href":"https:\/\/www.leccecronaca.it\/index.php\/wp-json\/wp\/v2\/media?parent=193798"}],"wp:term":[{"taxonomy":"category","embeddable":true,"href":"https:\/\/www.leccecronaca.it\/index.php\/wp-json\/wp\/v2\/categories?post=193798"},{"taxonomy":"post_tag","embeddable":true,"href":"https:\/\/www.leccecronaca.it\/index.php\/wp-json\/wp\/v2\/tags?post=193798"}],"curies":[{"name":"wp","href":"https:\/\/api.w.org\/{rel}","templated":true}]}}