{"id":194115,"date":"2022-01-26T10:44:23","date_gmt":"2022-01-26T09:44:23","guid":{"rendered":"http:\/\/www.leccecronaca.it\/?p=194115"},"modified":"2022-01-26T12:20:08","modified_gmt":"2022-01-26T11:20:08","slug":"lecce-fa-piu-danno-lincivilta-di-uno-o-linsensibilita-dellintera-amministrazione-salvemini","status":"publish","type":"post","link":"https:\/\/www.leccecronaca.it\/index.php\/2022\/01\/26\/lecce-fa-piu-danno-lincivilta-di-uno-o-linsensibilita-dellintera-amministrazione-salvemini\/","title":{"rendered":"LECCE: FA PIU&#8217; DANNO L&#8217;INCIVILTA&#8217; DI UNO, O L&#8217;INSENSIBILITA&#8217; DELL&#8217;INTERA AMMINISTRAZIONE?"},"content":{"rendered":"<p><span class=\"d2edcug0 hpfvmrgz qv66sw1b c1et5uql b0tq1wua a8c37x1j fe6kdd0r mau55g9w c8b282yb keod5gw0 nxhoafnm aigsh9s9 d9wwppkn hrzyx87i jq4qci2q a3bd9o3v b1v8xokw oo9gr5id hzawbc8m\" dir=\"auto\"><span class=\"ILfuVd\"><span class=\"hgKElc\"><img decoding=\"async\" loading=\"lazy\" class=\"alignnone size-full wp-image-194117\" src=\"https:\/\/www.leccecronaca.it\/wordpress\/wp-content\/uploads\/2022\/01\/cesso-1.jpg\" alt=\"\" width=\"565\" height=\"1000\" srcset=\"https:\/\/www.leccecronaca.it\/wordpress\/wp-content\/uploads\/2022\/01\/cesso-1.jpg 565w, https:\/\/www.leccecronaca.it\/wordpress\/wp-content\/uploads\/2022\/01\/cesso-1-170x300.jpg 170w\" sizes=\"(max-width: 565px) 100vw, 565px\" \/> <img decoding=\"async\" loading=\"lazy\" class=\"alignnone size-full wp-image-194118\" src=\"https:\/\/www.leccecronaca.it\/wordpress\/wp-content\/uploads\/2022\/01\/cesso-2.jpg\" alt=\"\" width=\"565\" height=\"1000\" srcset=\"https:\/\/www.leccecronaca.it\/wordpress\/wp-content\/uploads\/2022\/01\/cesso-2.jpg 565w, https:\/\/www.leccecronaca.it\/wordpress\/wp-content\/uploads\/2022\/01\/cesso-2-170x300.jpg 170w\" sizes=\"(max-width: 565px) 100vw, 565px\" \/> <img decoding=\"async\" loading=\"lazy\" class=\"alignnone size-full wp-image-194119\" src=\"https:\/\/www.leccecronaca.it\/wordpress\/wp-content\/uploads\/2022\/01\/cesso-4.jpg\" alt=\"\" width=\"881\" height=\"1413\" srcset=\"https:\/\/www.leccecronaca.it\/wordpress\/wp-content\/uploads\/2022\/01\/cesso-4.jpg 881w, https:\/\/www.leccecronaca.it\/wordpress\/wp-content\/uploads\/2022\/01\/cesso-4-187x300.jpg 187w, https:\/\/www.leccecronaca.it\/wordpress\/wp-content\/uploads\/2022\/01\/cesso-4-638x1024.jpg 638w, https:\/\/www.leccecronaca.it\/wordpress\/wp-content\/uploads\/2022\/01\/cesso-4-768x1232.jpg 768w\" sizes=\"(max-width: 881px) 100vw, 881px\" \/> <img decoding=\"async\" loading=\"lazy\" class=\"alignnone size-full wp-image-194120\" src=\"https:\/\/www.leccecronaca.it\/wordpress\/wp-content\/uploads\/2022\/01\/cesso-5.jpg\" alt=\"\" width=\"844\" height=\"1500\" srcset=\"https:\/\/www.leccecronaca.it\/wordpress\/wp-content\/uploads\/2022\/01\/cesso-5.jpg 844w, https:\/\/www.leccecronaca.it\/wordpress\/wp-content\/uploads\/2022\/01\/cesso-5-169x300.jpg 169w, https:\/\/www.leccecronaca.it\/wordpress\/wp-content\/uploads\/2022\/01\/cesso-5-576x1024.jpg 576w, https:\/\/www.leccecronaca.it\/wordpress\/wp-content\/uploads\/2022\/01\/cesso-5-768x1365.jpg 768w\" sizes=\"(max-width: 844px) 100vw, 844px\" \/> <img decoding=\"async\" loading=\"lazy\" class=\"alignnone size-full wp-image-194121\" src=\"https:\/\/www.leccecronaca.it\/wordpress\/wp-content\/uploads\/2022\/01\/cesso.jpg\" alt=\"\" width=\"565\" height=\"1000\" srcset=\"https:\/\/www.leccecronaca.it\/wordpress\/wp-content\/uploads\/2022\/01\/cesso.jpg 565w, https:\/\/www.leccecronaca.it\/wordpress\/wp-content\/uploads\/2022\/01\/cesso-170x300.jpg 170w\" sizes=\"(max-width: 565px) 100vw, 565px\" \/><\/span><\/span><\/span><\/p>\n<p><span class=\"d2edcug0 hpfvmrgz qv66sw1b c1et5uql b0tq1wua a8c37x1j fe6kdd0r mau55g9w c8b282yb keod5gw0 nxhoafnm aigsh9s9 d9wwppkn hrzyx87i jq4qci2q a3bd9o3v b1v8xokw oo9gr5id hzawbc8m\" dir=\"auto\"><span class=\"ILfuVd\"><span class=\"hgKElc\">gm______Oggi 26 gennaio 2022, un cesso, una tazza, un vaso, un water-closet, un<\/span><\/span>\u00a0<\/span>gabinetto, chiamatelo come volete \u00e8 stato lasciato in bella vista sul marciapiede su una \u00a0delle vie del centro, ossia viale Cavour.<br \/>\nPer coloro che non sono di \u00a0Lecce, viale Cavour \u00e8 la strada che unisce Piazza Italia, quella che i leccese chiamano il Monumento ai Caduti, posta di fronte a Porta San Biagio, con Piazza Libertini ossia la piazza del Castello Carlo V.<br \/>\nOra che un vandalo &#8220;sfregi&#8221; la nostra citt\u00e0 lasciando in giro dei cessi, si pu\u00f2 comprendere, in tutte le comunit\u00e0 anche le pi\u00f9 civili c&#8217;\u00e8 sempre un idiota, un vandalo che lascia traccia di s\u00e9, \u00a0ci\u00f2 che invece NON E&#8217; CONCEPIBILE \u00e8 che un&#8217;Amministrazione dopo 10 giorni non intervenga.<br \/>\nChi ha immortalato la &#8220;moderna scultura&#8221; in ceramica \u00e8 il fotografo leccese Gianfranco Calogiuri, che da tempo si \u00e8 preso l&#8217;oneroso compito di documentare l&#8217;incuria ed il degrado in cui \u00e8 abbandonato il centro della citt\u00e0 di Lecce.<br \/>\nA meno che non si tratti appunto di una scultura, di una installazione, considerato gli strani accordi fatti dall&#8217;Amministrazione Salvemini con graffierai di Milano, ma questa \u00e8 un&#8217;altra storia.<\/p>\n<p>&nbsp;<\/p>\n<fb:like href='https:\/\/www.leccecronaca.it\/index.php\/2022\/01\/26\/lecce-fa-piu-danno-lincivilta-di-uno-o-linsensibilita-dellintera-amministrazione-salvemini\/' send='true' layout='button_count' show_faces='true' width='450' height='65' action='recommend' colorscheme='light' font='lucida grande'><\/fb:like><span class=\"fb_share\"><fb:like href=\"https:\/\/www.leccecronaca.it\/index.php\/2022\/01\/26\/lecce-fa-piu-danno-lincivilta-di-uno-o-linsensibilita-dellintera-amministrazione-salvemini\/\" layout=\"button_count\"><\/fb:like><\/span>","protected":false},"excerpt":{"rendered":"<p>gm______Oggi 26 gennaio 2022, un cesso, una tazza, un vaso, un water-closet, un\u00a0gabinetto, chiamatelo come volete \u00e8 stato lasciato in bella vista sul marciapiede su una \u00a0delle vie del centro, ossia viale Cavour. Per coloro che non sono di \u00a0Lecce, viale Cavour \u00e8 la strada che unisce Piazza Italia, quella che i leccese chiamano il [&hellip;]<\/p>\n","protected":false},"author":4,"featured_media":0,"comment_status":"open","ping_status":"closed","sticky":false,"template":"","format":"standard","meta":[],"categories":[1,69,76],"tags":[],"_links":{"self":[{"href":"https:\/\/www.leccecronaca.it\/index.php\/wp-json\/wp\/v2\/posts\/194115"}],"collection":[{"href":"https:\/\/www.leccecronaca.it\/index.php\/wp-json\/wp\/v2\/posts"}],"about":[{"href":"https:\/\/www.leccecronaca.it\/index.php\/wp-json\/wp\/v2\/types\/post"}],"author":[{"embeddable":true,"href":"https:\/\/www.leccecronaca.it\/index.php\/wp-json\/wp\/v2\/users\/4"}],"replies":[{"embeddable":true,"href":"https:\/\/www.leccecronaca.it\/index.php\/wp-json\/wp\/v2\/comments?post=194115"}],"version-history":[{"count":4,"href":"https:\/\/www.leccecronaca.it\/index.php\/wp-json\/wp\/v2\/posts\/194115\/revisions"}],"predecessor-version":[{"id":194125,"href":"https:\/\/www.leccecronaca.it\/index.php\/wp-json\/wp\/v2\/posts\/194115\/revisions\/194125"}],"wp:attachment":[{"href":"https:\/\/www.leccecronaca.it\/index.php\/wp-json\/wp\/v2\/media?parent=194115"}],"wp:term":[{"taxonomy":"category","embeddable":true,"href":"https:\/\/www.leccecronaca.it\/index.php\/wp-json\/wp\/v2\/categories?post=194115"},{"taxonomy":"post_tag","embeddable":true,"href":"https:\/\/www.leccecronaca.it\/index.php\/wp-json\/wp\/v2\/tags?post=194115"}],"curies":[{"name":"wp","href":"https:\/\/api.w.org\/{rel}","templated":true}]}}