{"id":194431,"date":"2022-02-01T14:03:32","date_gmt":"2022-02-01T13:03:32","guid":{"rendered":"http:\/\/www.leccecronaca.it\/?p=194431"},"modified":"2022-02-01T14:56:07","modified_gmt":"2022-02-01T13:56:07","slug":"finisce-in-manette-un-uomo-serbo-su-di-lui-pendeva-un-mandato-darresto-internazionale","status":"publish","type":"post","link":"https:\/\/www.leccecronaca.it\/index.php\/2022\/02\/01\/finisce-in-manette-un-uomo-serbo-su-di-lui-pendeva-un-mandato-darresto-internazionale\/","title":{"rendered":"FINISCE IN MANETTE UN CITTADINO SERBO, SU DI LUI PENDEVA UN MANDATO D&#8217;ARRESTO INTERNAZIONALE"},"content":{"rendered":"<p><img decoding=\"async\" loading=\"lazy\" class=\"alignnone size-full wp-image-194432\" src=\"https:\/\/www.leccecronaca.it\/wordpress\/wp-content\/uploads\/2022\/02\/borgo-san-nicola-ok.png\" alt=\"\" width=\"1208\" height=\"641\" srcset=\"https:\/\/www.leccecronaca.it\/wordpress\/wp-content\/uploads\/2022\/02\/borgo-san-nicola-ok.png 1208w, https:\/\/www.leccecronaca.it\/wordpress\/wp-content\/uploads\/2022\/02\/borgo-san-nicola-ok-300x159.png 300w, https:\/\/www.leccecronaca.it\/wordpress\/wp-content\/uploads\/2022\/02\/borgo-san-nicola-ok-1024x543.png 1024w, https:\/\/www.leccecronaca.it\/wordpress\/wp-content\/uploads\/2022\/02\/borgo-san-nicola-ok-768x408.png 768w\" sizes=\"(max-width: 1208px) 100vw, 1208px\" \/><\/p>\n<p>(f.f.) ______<\/p>\n<p>Era ricercato dal novembre 2020 Kabashi Kujtim, 38 anni, un uomo originario della Serbia arrestato lo scorso 27 gennaio per reati di produzione, vendita e acquisto illecito di stupefacenti, guida senza patente, e lesione personali volontarie aggravate, commessi in Germania.<\/p>\n<p>Gli agenti in servizio presso la Squadra Mobile della Questura di Lecce, coordinati dall\u2019 S.C.O. (Servizio Centrale Operativo) in collaborazione con il Servizio Cooperazione Internazionale di Polizia, si erano attivati gi\u00e0 nei mesi scorsi, quando, dopo una diretta e specifica attivit\u00e0 investigativa fatta di pedinamenti e ricostruzioni documentali, sono risaliti agli ultimi movimenti del ricercato che lo hanno portato nella provincia di Lecce ed in particolare nel comune di Nociglia.<\/p>\n<p>Su di lui pendeva infatti un mandato d\u2019arresto europeo emesso dalle Autorit\u00e0 Tedesche: le attivit\u00e0 di appostamento si sono concluse poi nel momento in cui, nel domicilio individuato durante le fasi investigative, sono giunti a piedi un uomo ed una donna che, per le loro qualit\u00e0 fisiche e somatiche, corrispondevano perfettamente al ricercato e alla sua attuale compagna.<\/p>\n<p>Gli inquirenti non hanno esitato a bloccare e a identificare &#8211; \u00a0grazie ai documenti personali rilasciati dalle Autorit\u00e0 Serbo-Kosovare &#8211; i due individui che si apprestavano ad entrare nella loro abitazione, e che sono stati accompagnati nell\u2019immediato presso gli uffici della Questura per il prosieguo degli accertamenti che hanno confermato l\u2019identit\u00e0 dell\u2019uomo, informato del mandato di arresto internazionale a suo carico emesso dalle Autorit\u00e0 Tedesche.<\/p>\n<p>Ad oggi, \u00e8 stata trasmessa notizia alle autorit\u00e0 competenti nazionali e internazionali a cui \u00e8 stato inoltrato ogni atto del procedimento utile per la successiva trasmissione alla Corte d\u2019Appello, che dovr\u00e0 curarne la convalida e dunque l\u2019 estradizione.<\/p>\n<p>Il cittadino serbo, si trova ora su disposizione dell\u2019autorit\u00e0 giudiziaria presso il Carcere di Lecce (nella foto), in attesa dell\u2019estradizione.<\/p>\n<fb:like href='https:\/\/www.leccecronaca.it\/index.php\/2022\/02\/01\/finisce-in-manette-un-uomo-serbo-su-di-lui-pendeva-un-mandato-darresto-internazionale\/' send='true' layout='button_count' show_faces='true' width='450' height='65' action='recommend' colorscheme='light' font='lucida grande'><\/fb:like><span class=\"fb_share\"><fb:like href=\"https:\/\/www.leccecronaca.it\/index.php\/2022\/02\/01\/finisce-in-manette-un-uomo-serbo-su-di-lui-pendeva-un-mandato-darresto-internazionale\/\" layout=\"button_count\"><\/fb:like><\/span>","protected":false},"excerpt":{"rendered":"<p>(f.f.) ______ Era ricercato dal novembre 2020 Kabashi Kujtim, 38 anni, un uomo originario della Serbia arrestato lo scorso 27 gennaio per reati di produzione, vendita e acquisto illecito di stupefacenti, guida senza patente, e lesione personali volontarie aggravate, commessi in Germania. Gli agenti in servizio presso la Squadra Mobile della Questura di Lecce, coordinati [&hellip;]<\/p>\n","protected":false},"author":4,"featured_media":194432,"comment_status":"open","ping_status":"closed","sticky":false,"template":"","format":"standard","meta":[],"categories":[69],"tags":[],"_links":{"self":[{"href":"https:\/\/www.leccecronaca.it\/index.php\/wp-json\/wp\/v2\/posts\/194431"}],"collection":[{"href":"https:\/\/www.leccecronaca.it\/index.php\/wp-json\/wp\/v2\/posts"}],"about":[{"href":"https:\/\/www.leccecronaca.it\/index.php\/wp-json\/wp\/v2\/types\/post"}],"author":[{"embeddable":true,"href":"https:\/\/www.leccecronaca.it\/index.php\/wp-json\/wp\/v2\/users\/4"}],"replies":[{"embeddable":true,"href":"https:\/\/www.leccecronaca.it\/index.php\/wp-json\/wp\/v2\/comments?post=194431"}],"version-history":[{"count":4,"href":"https:\/\/www.leccecronaca.it\/index.php\/wp-json\/wp\/v2\/posts\/194431\/revisions"}],"predecessor-version":[{"id":194436,"href":"https:\/\/www.leccecronaca.it\/index.php\/wp-json\/wp\/v2\/posts\/194431\/revisions\/194436"}],"wp:featuredmedia":[{"embeddable":true,"href":"https:\/\/www.leccecronaca.it\/index.php\/wp-json\/wp\/v2\/media\/194432"}],"wp:attachment":[{"href":"https:\/\/www.leccecronaca.it\/index.php\/wp-json\/wp\/v2\/media?parent=194431"}],"wp:term":[{"taxonomy":"category","embeddable":true,"href":"https:\/\/www.leccecronaca.it\/index.php\/wp-json\/wp\/v2\/categories?post=194431"},{"taxonomy":"post_tag","embeddable":true,"href":"https:\/\/www.leccecronaca.it\/index.php\/wp-json\/wp\/v2\/tags?post=194431"}],"curies":[{"name":"wp","href":"https:\/\/api.w.org\/{rel}","templated":true}]}}