{"id":194915,"date":"2022-02-10T21:22:23","date_gmt":"2022-02-10T20:22:23","guid":{"rendered":"http:\/\/www.leccecronaca.it\/?p=194915"},"modified":"2022-02-10T21:35:03","modified_gmt":"2022-02-10T20:35:03","slug":"la-polemica-architetti-dal-portogallo-e-da-milano-per-rigenerare-le-marine-leccesi-lamara-ironia-di-adriana-poli-bortone-sempre-piu-indignata-dalle-scelte-di-salvemini","status":"publish","type":"post","link":"https:\/\/www.leccecronaca.it\/index.php\/2022\/02\/10\/la-polemica-architetti-dal-portogallo-e-da-milano-per-rigenerare-le-marine-leccesi-lamara-ironia-di-adriana-poli-bortone-sempre-piu-indignata-dalle-scelte-di-salvemini\/","title":{"rendered":"LA POLEMICA \/ ARCHITETTI DAL PORTOGALLO E DA MILANO PER &#8216;RIGENERARE&#8217; LE MARINE LECCESI. L&#8217;AMARA IRONIA DI ADRIANA POLI BORTONE CHE SI DICE \u201csempre pi\u00f9 indignata dalle scelte del sindaco Carlo Salvemini\u201d"},"content":{"rendered":"<p><img decoding=\"async\" loading=\"lazy\" class=\"alignnone wp-image-194916 size-full\" src=\"https:\/\/www.leccecronaca.it\/wordpress\/wp-content\/uploads\/2022\/02\/san-cataldo-lecce.jpg\" alt=\"\" width=\"800\" height=\"300\" srcset=\"https:\/\/www.leccecronaca.it\/wordpress\/wp-content\/uploads\/2022\/02\/san-cataldo-lecce.jpg 800w, https:\/\/www.leccecronaca.it\/wordpress\/wp-content\/uploads\/2022\/02\/san-cataldo-lecce-300x113.jpg 300w, https:\/\/www.leccecronaca.it\/wordpress\/wp-content\/uploads\/2022\/02\/san-cataldo-lecce-768x288.jpg 768w\" sizes=\"(max-width: 800px) 100vw, 800px\" \/>Riceviamo e volentieri pubblichiamo. La senatrice Adriana Poli Bortone,\u00a0consigliere comunale di Io Sud Fiamma Tricolore, ci manda il seguente comunicato\u00a0_______<\/p>\n<p>SEMPRE PIU\u2019 INDIGNATA DALLE SCELTE DI SALVEMINI. NON CE LA FACCIO PIU\u2019 A NASCONDERLO<\/p>\n<p>Dobbiamo ringraziare l\u2019intesa attivit\u00e0 delle due commissioni di controllo presiedute rispettivamente da Scorrano e Pala, se si riesce a mettere in evidenza interventi a dir poco imbarazzanti\u00a0 posti in essere dalla giunta Salvemini.<\/p>\n<p>&nbsp;<\/p>\n<p>L\u2019altro ieri Pala su richiesta di Scorrano e mia, ha cominciato ad approfondire la conoscenza di una Fondazione, La fondazione Mongi\u00f2 a cui partecipa il comune di Lecce e della quale i consiglieri tutti erano completamente all\u2019oscuro. Ieri, su iniziativa di Scorrano, la Commissione ha preso visione , dopo averlo appreso dalla stampa di uno dei progetti delle marine leccesi: il rifacimento\u00a0 della attuale piazza di San Cataldo compresa tra il faro della marina e il molo (sempre pi\u00f9 fatiscente) di Adriano.<\/p>\n<p>Progetto dall\u2019ambizioso titolo: i giardini di Adriano che prevedono una spesa di ben\u00a0 un milione e settecentomila euro.<\/p>\n<p>Una progettazione affidata alla societ\u00e0 portoghese Cor Arquitectos Lda perch\u00e9 probabilmente i i portoghesi conoscono il territorio leccese molto meglio dei nostri professionisti che hanno evidentemente il torto di vivere nell\u2019estremo Sud, di conoscere, usi, costumi, territorio, venti, materiali e debbono perci\u00f2 cedere il passo a chi viene dall\u2019estero per rigenerare una piazza, mettere un pavimento assorbente, mettere un po\u2019 di tamerici ed invitare \u00a0i bagnanti (rigorosamente provenienti dalla spiaggia libera) a riposare nella piazza assolata o forse pi\u00f9\u00a0 facilmente a prolungare l\u2019acquisizione della tintarella.<\/p>\n<p>&nbsp;<\/p>\n<p>Non posso pi\u00f9\u00a0 nascondere sinceramente che mi generano sempre pi\u00f9 indignazione le scelte di questa amministrazione\u00a0 di sinistra che ritiene di assolvere ai doveri di trasparenza ricorrendo sempre e comunque a manifestazioni di interesse e a short list (anch\u2019esse accuratamente venute a seguito di bando emesso due-tre giorni prima di ferragosto) che consentono\u00a0 di \u201cscegliere\u201d ad libitum e nella quasi totalit\u00e0 dei casi individuare professionisti che provengono dall\u2019estero o se va bene da altre parti d\u2019Italia.<\/p>\n<p>Quasi che i nostri professionisti non sono all\u2019altezza nemmeno di progettare\u00a0 una piazzetta a San Cataldo per il costo modico,\u00a0 ribadiamo, di un milione e settecentomila euro oppure di rigenerare il lungomare Vespucci o l\u2019ostello della giovent\u00f9 (gi\u00e0 peraltro pi\u00f9 volte rigenerato, ma poi sempre mal utilizzato) per la modica spesa di due milioni e \u00a0mezzo con la progettazione affidata ad una docente a contratto del Politecnico di Milano che sar\u00e0 certamente preparata in campo urbanistico, ma\u00a0 a quanto si legge nel curriculum non specializzata nella rigenerazione urbana\u00a0 dei paesaggi costieri, oggetto della determina 2086 del 12\/8\/2021.<\/p>\n<p>Ed a questo primo sentimento di ribellione se ne aggiunge un altro: di incredulit\u00e0 e sgomento dovuto alla constatazione dell\u2019assordante silenzio dei nostri ordini professionali: ingegneri, architetti, agronomi etc.\u00a0 che supinamente accettano di essere messi da parte quasi riconoscendo una sorta di sudditanza culturale e professionale, una posizione culturalmente minoritaria a fronte di loro colleghi\u00a0 che dall\u2019estero o da altre parti d\u2019Italia ci illuminano con le loro capacit\u00e0 progettuali.<\/p>\n<p>A tutto questo mi ribello, perch\u00e9 da leccese e meridionalisti convinta sono certa che abbiamo personale pi\u00f9 che all\u2019altezza\u00a0 che ben pu\u00f2 prodigarsi con professionalit\u00e0, conoscenza, esperienza, cultura identitaria alla rigenerazione dei nostri luoghi, marine o citt\u00e0 che siano.<\/p>\n<p>&nbsp;<\/p>\n<fb:like href='https:\/\/www.leccecronaca.it\/index.php\/2022\/02\/10\/la-polemica-architetti-dal-portogallo-e-da-milano-per-rigenerare-le-marine-leccesi-lamara-ironia-di-adriana-poli-bortone-sempre-piu-indignata-dalle-scelte-di-salvemini\/' send='true' layout='button_count' show_faces='true' width='450' height='65' action='recommend' colorscheme='light' font='lucida grande'><\/fb:like><span class=\"fb_share\"><fb:like href=\"https:\/\/www.leccecronaca.it\/index.php\/2022\/02\/10\/la-polemica-architetti-dal-portogallo-e-da-milano-per-rigenerare-le-marine-leccesi-lamara-ironia-di-adriana-poli-bortone-sempre-piu-indignata-dalle-scelte-di-salvemini\/\" layout=\"button_count\"><\/fb:like><\/span>","protected":false},"excerpt":{"rendered":"<p>Riceviamo e volentieri pubblichiamo. La senatrice Adriana Poli Bortone,\u00a0consigliere comunale di Io Sud Fiamma Tricolore, ci manda il seguente comunicato\u00a0_______ SEMPRE PIU\u2019 INDIGNATA DALLE SCELTE DI SALVEMINI. NON CE LA FACCIO PIU\u2019 A NASCONDERLO Dobbiamo ringraziare l\u2019intesa attivit\u00e0 delle due commissioni di controllo presiedute rispettivamente da Scorrano e Pala, se si riesce a mettere in [&hellip;]<\/p>\n","protected":false},"author":4,"featured_media":194916,"comment_status":"open","ping_status":"closed","sticky":false,"template":"","format":"standard","meta":[],"categories":[69,76,36],"tags":[],"_links":{"self":[{"href":"https:\/\/www.leccecronaca.it\/index.php\/wp-json\/wp\/v2\/posts\/194915"}],"collection":[{"href":"https:\/\/www.leccecronaca.it\/index.php\/wp-json\/wp\/v2\/posts"}],"about":[{"href":"https:\/\/www.leccecronaca.it\/index.php\/wp-json\/wp\/v2\/types\/post"}],"author":[{"embeddable":true,"href":"https:\/\/www.leccecronaca.it\/index.php\/wp-json\/wp\/v2\/users\/4"}],"replies":[{"embeddable":true,"href":"https:\/\/www.leccecronaca.it\/index.php\/wp-json\/wp\/v2\/comments?post=194915"}],"version-history":[{"count":6,"href":"https:\/\/www.leccecronaca.it\/index.php\/wp-json\/wp\/v2\/posts\/194915\/revisions"}],"predecessor-version":[{"id":194922,"href":"https:\/\/www.leccecronaca.it\/index.php\/wp-json\/wp\/v2\/posts\/194915\/revisions\/194922"}],"wp:featuredmedia":[{"embeddable":true,"href":"https:\/\/www.leccecronaca.it\/index.php\/wp-json\/wp\/v2\/media\/194916"}],"wp:attachment":[{"href":"https:\/\/www.leccecronaca.it\/index.php\/wp-json\/wp\/v2\/media?parent=194915"}],"wp:term":[{"taxonomy":"category","embeddable":true,"href":"https:\/\/www.leccecronaca.it\/index.php\/wp-json\/wp\/v2\/categories?post=194915"},{"taxonomy":"post_tag","embeddable":true,"href":"https:\/\/www.leccecronaca.it\/index.php\/wp-json\/wp\/v2\/tags?post=194915"}],"curies":[{"name":"wp","href":"https:\/\/api.w.org\/{rel}","templated":true}]}}