{"id":195113,"date":"2022-02-15T14:22:02","date_gmt":"2022-02-15T13:22:02","guid":{"rendered":"http:\/\/www.leccecronaca.it\/?p=195113"},"modified":"2022-02-15T14:37:49","modified_gmt":"2022-02-15T13:37:49","slug":"gravissima-discriminazione-in-danno-dei-bambini-a-scuola","status":"publish","type":"post","link":"https:\/\/www.leccecronaca.it\/index.php\/2022\/02\/15\/gravissima-discriminazione-in-danno-dei-bambini-a-scuola\/","title":{"rendered":"\u201dGravissima discriminazione dei bambini a scuola\u201d"},"content":{"rendered":"<p><img decoding=\"async\" loading=\"lazy\" class=\"alignnone wp-image-195114 size-full\" src=\"https:\/\/www.leccecronaca.it\/wordpress\/wp-content\/uploads\/2022\/02\/scuola_studenti_giovani_8_lapresse1280-640x300.jpg\" alt=\"\" width=\"640\" height=\"300\" srcset=\"https:\/\/www.leccecronaca.it\/wordpress\/wp-content\/uploads\/2022\/02\/scuola_studenti_giovani_8_lapresse1280-640x300.jpg 640w, https:\/\/www.leccecronaca.it\/wordpress\/wp-content\/uploads\/2022\/02\/scuola_studenti_giovani_8_lapresse1280-640x300-300x141.jpg 300w\" sizes=\"(max-width: 640px) 100vw, 640px\" \/><\/p>\n<p>Riceviamo e volentieri pubblichiamo.\u00a0Rossella Calcagni, presidente dell&#8217;Associazione Colibr\u00ec Puglia, ci manda per conoscenza la lettera aperta inviata alle competenti autorit\u00e0 politiche ed amministrative ______<\/p>\n<p>&nbsp;<\/p>\n<p>Scriviamo a seguito dell\u2019introduzione e dell\u2019entrata in vigore, nei mesi di dicembre 2021 e di gennaio e febbraio 2022, delle nuove misure per la prevenzione e la gestione dell\u2019emergenza epidemiologica da Covid-19, misure riguardanti i trasporti scolastici, il libero accesso alle attivit\u00e0 sportive, culturali e ricreative, i servizi di mensa e ristorazione scolastica, le regole di accesso ai nidi e alle scuole dell\u2019infanzia e, in ultimo, non per importanza, la gestione in ambito scolastico delle cosiddette \u2018quarantene\u2019, differenziate a seconda dello stato vaccinale degli alunni, in definitiva introdotte anche per la scuola primaria, in un crescendo di iniquit\u00e0 e irragionevolezza che \u00e8 arrivato a coinvolgere, dopo i gi\u00e0 duramente provati ragazzi adolescenti, anche i pi\u00f9 piccoli.<\/p>\n<p>Come genitori e strenui difensori del benessere psico-fisico e dei diritti naturali e civili dei nostri figli, non possiamo voltare la testa e fare finta di non vedere la gravissima discriminazione in atto in danno dei bambini.<\/p>\n<p>Dopo due anni di pressante campagna mediatica che li ha gettati in pasto alla pubblica opinione come \u2018untori\u2019 e diffusori di malattie, attraverso campagne mediatiche miratamente condotte per farli sentire \u2018sbagliati\u2019, si \u00e8 giunti ora a un complicato e illogico processo di controllo scolastico e sociale che comprime incessantemente e progressivamente i diritti fondamentali dei ragazzi e delle loro famiglie come esseri umani e come cittadini.<\/p>\n<p>Assistiamo sgomenti al crescendo di misure autoritarie e prive di ogni logica sanitaria, oltre che di ogni base legale, che stanno lacerando, forse irrimediabilmente, il tessuto sociale e le basi stesse del vivere civile inteso come pacifica e armoniosa convivenza.<\/p>\n<p>Queste misure, che non ci tiriamo indietro dal definire violente, discriminatorie sulle basi di condizione di salute e di scelte sanitarie, sono frutto di uno Stato che ha ormai smarrito il suo obiettivo primario, sancito nella nostra Carta Costituzionale, ormai ridotta a carta straccia: quello di promuovere il benessere e la crescita armoniosa della persona umana. Uno Stato che sembra ormai votato, anzi, a schiacciare e a disporre a proprio piacimento, senza alcuna certezza del diritto, della vita dei nostri ragazzi.<\/p>\n<p>Ci chiediamo che fine abbia fatto l\u2019applicazione dell\u2019art. 3 della Costituzione, che afferma la pari dignit\u00e0 sociale e l\u2019uguaglianza dinanzi alla legge dei cittadini; ove sia finito l\u2019impegno a rimuovere gli ostacoli che si frappongono al pieno sviluppo della persona umana.<\/p>\n<p>Ci chiediamo che fine abbia fatto l\u2019attuazione dell\u2019art. 34 della Carta fondamentale, che assicura una scuola obbligatoria e gratuita, aperta a tutti e che fine far\u00e0 questa scuola quando gli insegnanti dovranno controllare i dati sanitari di ciascun alunno e decidere in base ad essi chi potr\u00e0 rimanere a fare lezione e chi no, in questo modo discriminandoli e caricandoli di una responsabilit\u00e0 non loro ma frutto di scelte (lecite) dei loro genitori. Come potr\u00e0 reggere una istituzione cos\u00ec fondamentale \u2013 e con essa l\u2019intera societ\u00e0 &#8211; a questa detonazione che ne sta distruggendo le fondamenta?<\/p>\n<p>Alla luce di tutto questo, ormai apertamente davanti agli occhi di chiunque, anche di chi non voglia vedere, si richiede con forza e con urgenza l\u2019intervento di Codesta Autorit\u00e0, nata a garanzia dell\u2019Infanzia e della Giovent\u00f9, per prendere una posizione netta e coraggiosa contro l\u2019azione autoritaria e pericolosa nei confronti dei minori, tanto pi\u00f9 in un momento che sembra di svolta nella storia della pandemia e che sembra indirizzarci verso meno timori, chiusure e preconcetti.<\/p>\n<p>Si chiede con forza e urgenza che venga garantita a tutti indistintamente gli alunni la fruizione prioritaria della scuola in presenza. Si richiede con forza e urgenza a Codesta Autorit\u00e0 garante di prendere una posizione netta e coraggiosa contro la deriva di emarginazione e disagio che verranno inutilmente causati a bambini e ragazzi da norme irrazionali e senza nessuna base scientifica che avranno nefaste ricadute nel breve e nel lungo termine sulle giovani generazioni, ovvero sul nostro Futuro.<\/p>\n<p>Hic sunt leones: come gi\u00e0 hanno avuto modo di dire il Dott. Fabio Biasi, Garante dei Diritti dei Minori per la Provincia Autonoma di Trento, e la Dott.ssa Camilla Bianchi, Garante per l\u2019Infanzia e l\u2019Adolescenza per la Toscana, non possiamo pi\u00f9 tacere, \u201cnella consapevolezza che l\u2019omesso intervento\u201d ci renderebbe tutti complici \u201cdi questa evidente, enorme ed ingiusta discriminazione\u201d.<\/p>\n<p>&nbsp;<\/p>\n<p>&nbsp;<\/p>\n<p>&nbsp;<\/p>\n<fb:like href='https:\/\/www.leccecronaca.it\/index.php\/2022\/02\/15\/gravissima-discriminazione-in-danno-dei-bambini-a-scuola\/' send='true' layout='button_count' show_faces='true' width='450' height='65' action='recommend' colorscheme='light' font='lucida grande'><\/fb:like><span class=\"fb_share\"><fb:like href=\"https:\/\/www.leccecronaca.it\/index.php\/2022\/02\/15\/gravissima-discriminazione-in-danno-dei-bambini-a-scuola\/\" layout=\"button_count\"><\/fb:like><\/span>","protected":false},"excerpt":{"rendered":"<p>Riceviamo e volentieri pubblichiamo.\u00a0Rossella Calcagni, presidente dell&#8217;Associazione Colibr\u00ec Puglia, ci manda per conoscenza la lettera aperta inviata alle competenti autorit\u00e0 politiche ed amministrative ______ &nbsp; Scriviamo a seguito dell\u2019introduzione e dell\u2019entrata in vigore, nei mesi di dicembre 2021 e di gennaio e febbraio 2022, delle nuove misure per la prevenzione e la gestione dell\u2019emergenza epidemiologica [&hellip;]<\/p>\n","protected":false},"author":4,"featured_media":0,"comment_status":"open","ping_status":"closed","sticky":false,"template":"","format":"standard","meta":[],"categories":[1,69,76,36],"tags":[],"_links":{"self":[{"href":"https:\/\/www.leccecronaca.it\/index.php\/wp-json\/wp\/v2\/posts\/195113"}],"collection":[{"href":"https:\/\/www.leccecronaca.it\/index.php\/wp-json\/wp\/v2\/posts"}],"about":[{"href":"https:\/\/www.leccecronaca.it\/index.php\/wp-json\/wp\/v2\/types\/post"}],"author":[{"embeddable":true,"href":"https:\/\/www.leccecronaca.it\/index.php\/wp-json\/wp\/v2\/users\/4"}],"replies":[{"embeddable":true,"href":"https:\/\/www.leccecronaca.it\/index.php\/wp-json\/wp\/v2\/comments?post=195113"}],"version-history":[{"count":2,"href":"https:\/\/www.leccecronaca.it\/index.php\/wp-json\/wp\/v2\/posts\/195113\/revisions"}],"predecessor-version":[{"id":195117,"href":"https:\/\/www.leccecronaca.it\/index.php\/wp-json\/wp\/v2\/posts\/195113\/revisions\/195117"}],"wp:attachment":[{"href":"https:\/\/www.leccecronaca.it\/index.php\/wp-json\/wp\/v2\/media?parent=195113"}],"wp:term":[{"taxonomy":"category","embeddable":true,"href":"https:\/\/www.leccecronaca.it\/index.php\/wp-json\/wp\/v2\/categories?post=195113"},{"taxonomy":"post_tag","embeddable":true,"href":"https:\/\/www.leccecronaca.it\/index.php\/wp-json\/wp\/v2\/tags?post=195113"}],"curies":[{"name":"wp","href":"https:\/\/api.w.org\/{rel}","templated":true}]}}