{"id":195858,"date":"2022-02-28T00:02:35","date_gmt":"2022-02-27T23:02:35","guid":{"rendered":"http:\/\/www.leccecronaca.it\/?p=195858"},"modified":"2022-02-27T15:56:00","modified_gmt":"2022-02-27T14:56:00","slug":"artisti-salentini-osvaldo-aldo-calo","status":"publish","type":"post","link":"https:\/\/www.leccecronaca.it\/index.php\/2022\/02\/28\/artisti-salentini-osvaldo-aldo-calo\/","title":{"rendered":"ARTISTI SALENTINI \/  OSVALDO &#8216;ALDO&#8217; CALO&#8217;"},"content":{"rendered":"<p><img decoding=\"async\" loading=\"lazy\" class=\"alignnone wp-image-195859 size-full\" src=\"https:\/\/www.leccecronaca.it\/wordpress\/wp-content\/uploads\/2022\/02\/da.jpg\" alt=\"\" width=\"720\" height=\"960\" srcset=\"https:\/\/www.leccecronaca.it\/wordpress\/wp-content\/uploads\/2022\/02\/da.jpg 720w, https:\/\/www.leccecronaca.it\/wordpress\/wp-content\/uploads\/2022\/02\/da-225x300.jpg 225w\" sizes=\"(max-width: 720px) 100vw, 720px\" \/>di <strong>Raffaele Polo<\/strong>\u00a0______<\/p>\n<p><strong>Osvaldo Cal\u00f2<\/strong>, chiamato familiarmente Aldo (1910-1983), \u00e8 presente con una sua opera a San Cesario, proprio davanti al Comune\u00a0(nella foto).<\/p>\n<p>La don\u00f2 nel 1979, per commemorare i concittadini caduti nelle guerre. Tante altre sue opere sono disseminate nei pi\u00f9 importanti musei (a Roma, New York, Parigi, Zurigo, Anversa) ma quella esposta nella sua citt\u00e0 natale \u00e8 senza dubbio l&#8217;omaggio pi\u00f9 bello, il trait d&#8217;union che lega il bravo ed acclamato scultore alla sua San Cesario, importante polo culturale salentino che annovera anche nella sua storia culturale le figure di Ezechiele Leandro, i Barbieri e lo scrittore Michele Saponaro.<\/p>\n<p>Cal\u00f2, tralasciando tutte le sue importanti cariche accademiche realizzate, ha un vero e proprio colpo di fulmine quando si accosta alle opere di Henry Moore che, per lui, sublimano e impersonificano il vero, nuovo, rivoluzionario modo di fare scultura.<\/p>\n<p>Con le superfici lisce e armonicamente curve, in un empito di solida leggerezza, tengono fede a tutto il percorso artistico che Cal\u00f2 porta ovunque, riuscendo nella difficile commistura della Natura salentina, della realt\u00e0 quotidiana della nostra terra, con la ricerca dei segni che si trasformano in forme dal significato universale. E non \u00e8 neppure necessario decrittarli, questi segni, perch\u00e9 sorgono spontanei e formano un tuttuno con l&#8217;ambiente che li circonda.<\/p>\n<p>&nbsp;<\/p>\n<p>Proprio a San Cesario, nella piazza dove \u00e8 stata collocata l&#8217;opera di Cal\u00f2, vi \u00e8, alle spalle, il Palazzo ducale, adornato da statue, mascheroni e busti di chiara fattura secentesca. Ebbene, ad un attento occhio non sfugge che la sintesi di Cal\u00f2 si armonizza perfettamente con le sculture di quattrocento anni prima, creando un percorso temporale di grande effetto. I disegni, gli schizzi, le grafiche dell&#8217;artista di San Cesario completano poi il giudizio estremamente positivo sulla sua arte che aggiunge tocchi di colore e di inventiva che sorprendono e confermano la sua grande predisposizione per la interpretazione e la riscoperta del mondo meraviglioso degli oggetti e delle forme.<\/p>\n<fb:like href='https:\/\/www.leccecronaca.it\/index.php\/2022\/02\/28\/artisti-salentini-osvaldo-aldo-calo\/' send='true' layout='button_count' show_faces='true' width='450' height='65' action='recommend' colorscheme='light' font='lucida grande'><\/fb:like><span class=\"fb_share\"><fb:like href=\"https:\/\/www.leccecronaca.it\/index.php\/2022\/02\/28\/artisti-salentini-osvaldo-aldo-calo\/\" layout=\"button_count\"><\/fb:like><\/span>","protected":false},"excerpt":{"rendered":"<p>di Raffaele Polo\u00a0______ Osvaldo Cal\u00f2, chiamato familiarmente Aldo (1910-1983), \u00e8 presente con una sua opera a San Cesario, proprio davanti al Comune\u00a0(nella foto). La don\u00f2 nel 1979, per commemorare i concittadini caduti nelle guerre. Tante altre sue opere sono disseminate nei pi\u00f9 importanti musei (a Roma, New York, Parigi, Zurigo, Anversa) ma quella esposta nella [&hellip;]<\/p>\n","protected":false},"author":4,"featured_media":195859,"comment_status":"open","ping_status":"closed","sticky":false,"template":"","format":"standard","meta":[],"categories":[31],"tags":[],"_links":{"self":[{"href":"https:\/\/www.leccecronaca.it\/index.php\/wp-json\/wp\/v2\/posts\/195858"}],"collection":[{"href":"https:\/\/www.leccecronaca.it\/index.php\/wp-json\/wp\/v2\/posts"}],"about":[{"href":"https:\/\/www.leccecronaca.it\/index.php\/wp-json\/wp\/v2\/types\/post"}],"author":[{"embeddable":true,"href":"https:\/\/www.leccecronaca.it\/index.php\/wp-json\/wp\/v2\/users\/4"}],"replies":[{"embeddable":true,"href":"https:\/\/www.leccecronaca.it\/index.php\/wp-json\/wp\/v2\/comments?post=195858"}],"version-history":[{"count":1,"href":"https:\/\/www.leccecronaca.it\/index.php\/wp-json\/wp\/v2\/posts\/195858\/revisions"}],"predecessor-version":[{"id":195860,"href":"https:\/\/www.leccecronaca.it\/index.php\/wp-json\/wp\/v2\/posts\/195858\/revisions\/195860"}],"wp:featuredmedia":[{"embeddable":true,"href":"https:\/\/www.leccecronaca.it\/index.php\/wp-json\/wp\/v2\/media\/195859"}],"wp:attachment":[{"href":"https:\/\/www.leccecronaca.it\/index.php\/wp-json\/wp\/v2\/media?parent=195858"}],"wp:term":[{"taxonomy":"category","embeddable":true,"href":"https:\/\/www.leccecronaca.it\/index.php\/wp-json\/wp\/v2\/categories?post=195858"},{"taxonomy":"post_tag","embeddable":true,"href":"https:\/\/www.leccecronaca.it\/index.php\/wp-json\/wp\/v2\/tags?post=195858"}],"curies":[{"name":"wp","href":"https:\/\/api.w.org\/{rel}","templated":true}]}}