{"id":195895,"date":"2022-02-28T13:27:08","date_gmt":"2022-02-28T12:27:08","guid":{"rendered":"http:\/\/www.leccecronaca.it\/?p=195895"},"modified":"2022-02-28T13:29:19","modified_gmt":"2022-02-28T12:29:19","slug":"il-dissenso-non-e-socialmente-pericoloso","status":"publish","type":"post","link":"https:\/\/www.leccecronaca.it\/index.php\/2022\/02\/28\/il-dissenso-non-e-socialmente-pericoloso\/","title":{"rendered":"IL DISSENSO NON E&#8217; &#8220;socialmente pericoloso&#8221;"},"content":{"rendered":"<p><img decoding=\"async\" loading=\"lazy\" class=\"alignnone wp-image-195898 \" src=\"https:\/\/www.leccecronaca.it\/wordpress\/wp-content\/uploads\/2022\/02\/274644647_289745179771435_1147249575055339717_n.jpeg\" alt=\"\" width=\"481\" height=\"481\" srcset=\"https:\/\/www.leccecronaca.it\/wordpress\/wp-content\/uploads\/2022\/02\/274644647_289745179771435_1147249575055339717_n.jpeg 480w, https:\/\/www.leccecronaca.it\/wordpress\/wp-content\/uploads\/2022\/02\/274644647_289745179771435_1147249575055339717_n-300x300.jpeg 300w, https:\/\/www.leccecronaca.it\/wordpress\/wp-content\/uploads\/2022\/02\/274644647_289745179771435_1147249575055339717_n-150x150.jpeg 150w, https:\/\/www.leccecronaca.it\/wordpress\/wp-content\/uploads\/2022\/02\/274644647_289745179771435_1147249575055339717_n-60x60.jpeg 60w\" sizes=\"(max-width: 481px) 100vw, 481px\" \/><\/p>\n<p>Riceviamo e volentieri pubblichiamo. Marilisa Picca per conto del Comitato UliVivo ci manda il seguente comunicato.\u00a0______<\/p>\n<p>SOCIALMENTE PERICOLOSI!<br \/>\nLa difesa del proprio territorio \u00e8 diventata &#8220;socialmente pericolosa&#8221;.<\/p>\n<p>Ma per chi e per quale societ\u00e0?<\/p>\n<p>&nbsp;<\/p>\n<p>In data 24 febbraio, una ventina di cittadini si sono spontaneamente recati in Contrada Pico, in agro di Cisternino (BR), per assistere e testimoniare sugli ennesimi abbattimenti di ulivi sani e produttivi, risultati positivi al batterio Xylella.<\/p>\n<p>I cittadini, con il consenso del proprietario, sono entrati nell\u2019uliveto e\u00a0 hanno espresso pacificamente il proprio dissenso, dialogando civilmente con gli operatori dell&#8217;ARIF, con le Forze dell&#8217;Ordine e con la Digos, che ha invitato i cittadini ad uscire da una propriet\u00e0 privata!<\/p>\n<p>Apprendiamo quindi con stupore e una certa apprensione che un giornalista ed una dottoressa in Agraria, insieme ad altri cittadini presenti sul posto, sono stati considerati dal Questore di Brindisi &#8220;soggetti socialmente pericolosi per la condotta assunta nell&#8217;odierna vicenda&#8221; e che, pertanto, \u00e8 stato ordinato loro di non far ritorno nel Comune di Cisternino per ben 6 mesi.<\/p>\n<p>Trattasi dunque di un foglio di via obbligatorio, misura di prevenzione prevista per determinate categorie di soggetti abitualmente dediti a traffici delittuosi o a reati che offendono la sanit\u00e0, la sicurezza e la tranquillit\u00e0 pubblica.<\/p>\n<p>&nbsp;<\/p>\n<p>Ci chiediamo, quindi, cosa abbia portato il Questore di Brindisi ad attivare un tale provvedimento nei confronti di pacifici cittadini incensurati e non organizzati, che hanno esposto con garbo e determinazione concetti gi\u00e0 ampiamente noti ed espressi anche da enti istituzionali.<\/p>\n<p>Citiamo ad esempio la delibera 234 del 14\/12\/2021 del Comune di Cisternino nella quale si chiedeva alla Regione Puglia \u201cl\u2019attuazione di misure alternative all\u2019abbattimento\/estirpazione delle piante di ulivo&#8221;, &#8220;considerato che nel territorio del Comune di Cisternino dall\u2019anno 2018 vengono effettuate attivit\u00e0 di estirpazione (&#8230;) al fine di eradicare il batterio Xylella che, ad oggi (&#8230;) non hanno raggiunto l\u2019effetto proposto\u2028&#8221;. Gli stessi concetti che erano stati verbalmente ed informalmente condivisi, il 24 febbraio in Contrada Pico, anche da assistenti fitosanitari dell\u2019ARIF a da qualche rappresentante delle Forze dell\u2019Ordine.<\/p>\n<p>&nbsp;<\/p>\n<p>E dunque ci chiediamo: cosa \u00e8 stato considerato tanto &#8220;pericoloso&#8221; da richiedere, da parte del Questore di Brindisi, l&#8217;applicazione di una misura preventiva cos\u00ec importante e lesiva della libert\u00e0 della persona? Il pensiero condiviso o la modalit\u00e0 del dialogo e confronto pacifico?<\/p>\n<p>Se \u00e8 socialmente pericoloso il pensiero, le misure preventive dovrebbero essere applicate contro tutti coloro che hanno preso atto dell&#8217;inefficacia delle vigenti misure di contenimento della Xylella,\u00a0 e ci aspettiamo un imminente foglio di via anche nei confronti della Giunta Comunale di Cisternino.<\/p>\n<p>Se \u00e8 socialmente pericolosa la modalit\u00e0, che ribadiamo con forza essersi trattata di un semplice presenziare alle operazioni di abbattimento, senza recare danno ad alcuno e ad alcunch\u00e9, da parte di semplici cittadini, allora si deve prendere atto che nella nostra Regione non viga pi\u00f9 un regime democratico. Questo s\u00ec \u00e8 socialmente pericoloso.\u00a0______<\/p>\n<p>&nbsp;<\/p>\n<p>LA RICERCA nel nostro articolo del 24 febbraio scorso<\/p>\n<blockquote class=\"wp-embedded-content\" data-secret=\"WJNAtHwnhj\"><p><a href=\"https:\/\/www.leccecronaca.it\/index.php\/2022\/02\/24\/la-regione-puglia-ritorna-ad-abbattere-i-nostri-fratelli-ulivi-anziche-curarli-nuova-strage-cominciata-a-cisternino\/\">LA REGIONE PUGLIA RITORNA AD ABBATTERE I NOSTRI FRATELLI ULIVI, ANZICHE&#8217; CURARLI. NUOVA STRAGE<\/a><\/p><\/blockquote>\n<p><iframe class=\"wp-embedded-content\" sandbox=\"allow-scripts\" security=\"restricted\" style=\"position: absolute; clip: rect(1px, 1px, 1px, 1px);\" src=\"https:\/\/www.leccecronaca.it\/index.php\/2022\/02\/24\/la-regione-puglia-ritorna-ad-abbattere-i-nostri-fratelli-ulivi-anziche-curarli-nuova-strage-cominciata-a-cisternino\/embed\/#?secret=WJNAtHwnhj\" data-secret=\"WJNAtHwnhj\" width=\"500\" height=\"282\" title=\"&#8220;LA REGIONE PUGLIA RITORNA AD ABBATTERE I NOSTRI FRATELLI ULIVI, ANZICHE&#8217; CURARLI. NUOVA STRAGE&#8221; &#8212; LecceCronaca.it\" frameborder=\"0\" marginwidth=\"0\" marginheight=\"0\" scrolling=\"no\"><\/iframe><\/p>\n<p>&nbsp;<\/p>\n<p>&nbsp;<\/p>\n<fb:like href='https:\/\/www.leccecronaca.it\/index.php\/2022\/02\/28\/il-dissenso-non-e-socialmente-pericoloso\/' send='true' layout='button_count' show_faces='true' width='450' height='65' action='recommend' colorscheme='light' font='lucida grande'><\/fb:like><span class=\"fb_share\"><fb:like href=\"https:\/\/www.leccecronaca.it\/index.php\/2022\/02\/28\/il-dissenso-non-e-socialmente-pericoloso\/\" layout=\"button_count\"><\/fb:like><\/span>","protected":false},"excerpt":{"rendered":"<p>Riceviamo e volentieri pubblichiamo. Marilisa Picca per conto del Comitato UliVivo ci manda il seguente comunicato.\u00a0______ SOCIALMENTE PERICOLOSI! La difesa del proprio territorio \u00e8 diventata &#8220;socialmente pericolosa&#8221;. Ma per chi e per quale societ\u00e0? &nbsp; In data 24 febbraio, una ventina di cittadini si sono spontaneamente recati in Contrada Pico, in agro di Cisternino (BR), [&hellip;]<\/p>\n","protected":false},"author":4,"featured_media":195898,"comment_status":"open","ping_status":"closed","sticky":false,"template":"","format":"standard","meta":[],"categories":[1,69,76],"tags":[],"_links":{"self":[{"href":"https:\/\/www.leccecronaca.it\/index.php\/wp-json\/wp\/v2\/posts\/195895"}],"collection":[{"href":"https:\/\/www.leccecronaca.it\/index.php\/wp-json\/wp\/v2\/posts"}],"about":[{"href":"https:\/\/www.leccecronaca.it\/index.php\/wp-json\/wp\/v2\/types\/post"}],"author":[{"embeddable":true,"href":"https:\/\/www.leccecronaca.it\/index.php\/wp-json\/wp\/v2\/users\/4"}],"replies":[{"embeddable":true,"href":"https:\/\/www.leccecronaca.it\/index.php\/wp-json\/wp\/v2\/comments?post=195895"}],"version-history":[{"count":2,"href":"https:\/\/www.leccecronaca.it\/index.php\/wp-json\/wp\/v2\/posts\/195895\/revisions"}],"predecessor-version":[{"id":195899,"href":"https:\/\/www.leccecronaca.it\/index.php\/wp-json\/wp\/v2\/posts\/195895\/revisions\/195899"}],"wp:featuredmedia":[{"embeddable":true,"href":"https:\/\/www.leccecronaca.it\/index.php\/wp-json\/wp\/v2\/media\/195898"}],"wp:attachment":[{"href":"https:\/\/www.leccecronaca.it\/index.php\/wp-json\/wp\/v2\/media?parent=195895"}],"wp:term":[{"taxonomy":"category","embeddable":true,"href":"https:\/\/www.leccecronaca.it\/index.php\/wp-json\/wp\/v2\/categories?post=195895"},{"taxonomy":"post_tag","embeddable":true,"href":"https:\/\/www.leccecronaca.it\/index.php\/wp-json\/wp\/v2\/tags?post=195895"}],"curies":[{"name":"wp","href":"https:\/\/api.w.org\/{rel}","templated":true}]}}