{"id":196595,"date":"2022-03-14T19:39:39","date_gmt":"2022-03-14T18:39:39","guid":{"rendered":"http:\/\/www.leccecronaca.it\/?p=196595"},"modified":"2022-03-14T19:49:15","modified_gmt":"2022-03-14T18:49:15","slug":"lecce-violenta-e-diventato-un-caso-mediatico-nazionale-il-video-del-gattino-ucciso-a-calci-due-minuti-di-orrore-puro","status":"publish","type":"post","link":"https:\/\/www.leccecronaca.it\/index.php\/2022\/03\/14\/lecce-violenta-e-diventato-un-caso-mediatico-nazionale-il-video-del-gattino-ucciso-a-calci-due-minuti-di-orrore-puro\/","title":{"rendered":"E&#8217; DIVENTATO UN CASO NAZIONALE IL VIDEO DEL GATTINO UCCISO A LECCE A CALCI, DUE MINUTI DI ORRORE PURO"},"content":{"rendered":"<p><img decoding=\"async\" loading=\"lazy\" class=\"alignnone wp-image-196596 size-full\" src=\"https:\/\/www.leccecronaca.it\/wordpress\/wp-content\/uploads\/2022\/03\/1600x900_1647279155769.Screenshot_2022_03_14_18_29_36_74_6012fa4d4ddec268fc5c7112cbb265e7.jpg\" alt=\"\" width=\"840\" height=\"480\" srcset=\"https:\/\/www.leccecronaca.it\/wordpress\/wp-content\/uploads\/2022\/03\/1600x900_1647279155769.Screenshot_2022_03_14_18_29_36_74_6012fa4d4ddec268fc5c7112cbb265e7.jpg 840w, https:\/\/www.leccecronaca.it\/wordpress\/wp-content\/uploads\/2022\/03\/1600x900_1647279155769.Screenshot_2022_03_14_18_29_36_74_6012fa4d4ddec268fc5c7112cbb265e7-300x171.jpg 300w, https:\/\/www.leccecronaca.it\/wordpress\/wp-content\/uploads\/2022\/03\/1600x900_1647279155769.Screenshot_2022_03_14_18_29_36_74_6012fa4d4ddec268fc5c7112cbb265e7-768x439.jpg 768w\" sizes=\"(max-width: 840px) 100vw, 840px\" \/><\/p>\n<p>(Rdl) ______\u00a0 Due minuti e passa di orrore puro. Da questa mattina un video girato da una telecamera di videosorveglianza della zona &#8211; che abbiamo scelto di non riprodurre per la violenza delle immagini\u00a0(nella foto, un frame)\u00a0 &#8211; sta facendo il giro del web. Si vede un uomo che prima stana da sotto un&#8217;auto parcheggiata nel centro storico di Lecce, in\u00a0 Corte dei Guarini, un gatto randagio, poi lo piglia a calci, e lo finisce con crudelt\u00e0 estrema. Cos\u00ec, senza motivo, per il gusto di uccidere, una creatura che non dava fastidio a nessuno e anzi era stato &#8216;adottato&#8217; dai residenti delle strade vicine.<\/p>\n<p>Nelle ultime ore, questa sera \u00e8 diventato un caso mediatico, all&#8217;attenzione di tg e siti web di informazione di tutta Italia.<\/p>\n<p>Esecrazione unanime, sui social tutti a chiedere, alcuni con particolare veemenza, che il responsabile di questa barbarie sia al pi\u00f9 presto identificato dalle Forze dell&#8217;Ordine e venga chiamato a risponderne in sede penale.<\/p>\n<p>&nbsp;<\/p>\n<p>Il sindaco di Lecce<span style=\"color: #ff0000;\"><strong> Carlo Salvemini<\/strong><\/span> ha cos\u00ec commentato tramite Facebook:<strong><em>\u00a0<span style=\"color: #ff0000;\">\u201csono come tutti impressionato, sdegnato, avvilito dalla violenza delle immagini di videosorveglianza che mostrano l&#8217;uccisione gratuita, immotivata, crudele, di un gatto nel nostro centro storico.<\/span><\/em><\/strong><br \/>\n<em><strong><span style=\"color: #ff0000;\">Atti cos\u00ec brutali non appartengono alla comunit\u00e0 leccese, rispettosa degli animali e dell\u2019ambiente, ricca di un tessuto associativo che in collaborazione con il Comune e la Asl assicura assistenza e cura ai felini liberi sul territorio.<\/span><\/strong><\/em><br \/>\n<em><strong><span style=\"color: #ff0000;\">La polizia locale, incaricata delle indagini, proprio grazie a quelle immagini potr\u00e0 presto identificare l&#8217;autore di questo inqualificabile atto e fare in modo che possa essere chiamato alle sue responsabilit\u00e0\u201d.<\/span><\/strong><\/em><\/p>\n<p>&nbsp;<\/p>\n<p>Il consigliere comunale di Fratelli d&#8217;Italia<span style=\"color: #000080;\"><strong> Andrea Guido<\/strong> <\/span>ha diffuso tramite mail la seguente nota:<em><strong>\u00a0<span style=\"color: #000080;\">\u201cla scena disumana che sta facendo il giro del web in queste ore dovrebbe offrire grandi spunti di riflessione per questa Amministrazione comunale. <\/span><\/strong><\/em><\/p>\n<p><strong><span style=\"color: #000080;\"><em>La ghettizzazione del centro, la sua desertificazione, la sua involuzione e la totale assenza di controlli, da me denunciate innumerevoli volte negli ultimi anni, hanno come naturale conseguenza episodi di barbarie come quello di ieri. Nel centro storico\u00a0oggi\u00a0si respira la stessa aria che si respirava durante gli anni bui del secolo scorso, quando la brava gente aveva paura di addentrarsi tra i vicoli bui e deserti. <\/em><\/span><\/strong><\/p>\n<p><strong><span style=\"color: #000080;\"><em>Il comune ha l\u2019obbligo morale di costituirsi parte civile nel processo che si terr\u00e0 non appena questo criminale verr\u00e0 acciuffato. Questa citt\u00e0 non merita di balzare agli onori della cronaca nazionale per crimini di questa portata perch\u00e9 i leccesi sono tutt\u2019altro rispetto a questo sadico malvivente assassino\u201d.<\/em><\/span><\/strong><\/p>\n<p>&nbsp;<\/p>\n<fb:like href='https:\/\/www.leccecronaca.it\/index.php\/2022\/03\/14\/lecce-violenta-e-diventato-un-caso-mediatico-nazionale-il-video-del-gattino-ucciso-a-calci-due-minuti-di-orrore-puro\/' send='true' layout='button_count' show_faces='true' width='450' height='65' action='recommend' colorscheme='light' font='lucida grande'><\/fb:like><span class=\"fb_share\"><fb:like href=\"https:\/\/www.leccecronaca.it\/index.php\/2022\/03\/14\/lecce-violenta-e-diventato-un-caso-mediatico-nazionale-il-video-del-gattino-ucciso-a-calci-due-minuti-di-orrore-puro\/\" layout=\"button_count\"><\/fb:like><\/span>","protected":false},"excerpt":{"rendered":"<p>(Rdl) ______\u00a0 Due minuti e passa di orrore puro. Da questa mattina un video girato da una telecamera di videosorveglianza della zona &#8211; che abbiamo scelto di non riprodurre per la violenza delle immagini\u00a0(nella foto, un frame)\u00a0 &#8211; sta facendo il giro del web. Si vede un uomo che prima stana da sotto un&#8217;auto parcheggiata [&hellip;]<\/p>\n","protected":false},"author":4,"featured_media":196596,"comment_status":"open","ping_status":"closed","sticky":false,"template":"","format":"standard","meta":[],"categories":[69,78,76],"tags":[],"_links":{"self":[{"href":"https:\/\/www.leccecronaca.it\/index.php\/wp-json\/wp\/v2\/posts\/196595"}],"collection":[{"href":"https:\/\/www.leccecronaca.it\/index.php\/wp-json\/wp\/v2\/posts"}],"about":[{"href":"https:\/\/www.leccecronaca.it\/index.php\/wp-json\/wp\/v2\/types\/post"}],"author":[{"embeddable":true,"href":"https:\/\/www.leccecronaca.it\/index.php\/wp-json\/wp\/v2\/users\/4"}],"replies":[{"embeddable":true,"href":"https:\/\/www.leccecronaca.it\/index.php\/wp-json\/wp\/v2\/comments?post=196595"}],"version-history":[{"count":4,"href":"https:\/\/www.leccecronaca.it\/index.php\/wp-json\/wp\/v2\/posts\/196595\/revisions"}],"predecessor-version":[{"id":196600,"href":"https:\/\/www.leccecronaca.it\/index.php\/wp-json\/wp\/v2\/posts\/196595\/revisions\/196600"}],"wp:featuredmedia":[{"embeddable":true,"href":"https:\/\/www.leccecronaca.it\/index.php\/wp-json\/wp\/v2\/media\/196596"}],"wp:attachment":[{"href":"https:\/\/www.leccecronaca.it\/index.php\/wp-json\/wp\/v2\/media?parent=196595"}],"wp:term":[{"taxonomy":"category","embeddable":true,"href":"https:\/\/www.leccecronaca.it\/index.php\/wp-json\/wp\/v2\/categories?post=196595"},{"taxonomy":"post_tag","embeddable":true,"href":"https:\/\/www.leccecronaca.it\/index.php\/wp-json\/wp\/v2\/tags?post=196595"}],"curies":[{"name":"wp","href":"https:\/\/api.w.org\/{rel}","templated":true}]}}