{"id":197119,"date":"2022-03-28T14:00:50","date_gmt":"2022-03-28T12:00:50","guid":{"rendered":"http:\/\/www.leccecronaca.it\/?p=197119"},"modified":"2022-04-02T11:29:01","modified_gmt":"2022-04-02T09:29:01","slug":"dossier-giancarlo","status":"publish","type":"post","link":"https:\/\/www.leccecronaca.it\/index.php\/2022\/03\/28\/dossier-giancarlo\/","title":{"rendered":"LA STORIA DI MASSIMO D\u2019ALEMA MEDIATORE DELLE ARMI \/ GIANCARLO MAZZOTTA, DA CARMIANO A BOGOTA&#8217;"},"content":{"rendered":"<p><img decoding=\"async\" loading=\"lazy\" class=\"alignnone wp-image-197314 size-full\" src=\"https:\/\/www.leccecronaca.it\/wordpress\/wp-content\/uploads\/2022\/12\/bub.jpg\" alt=\"\" width=\"800\" height=\"726\" srcset=\"https:\/\/www.leccecronaca.it\/wordpress\/wp-content\/uploads\/2022\/12\/bub.jpg 800w, https:\/\/www.leccecronaca.it\/wordpress\/wp-content\/uploads\/2022\/12\/bub-300x272.jpg 300w, https:\/\/www.leccecronaca.it\/wordpress\/wp-content\/uploads\/2022\/12\/bub-768x697.jpg 768w\" sizes=\"(max-width: 800px) 100vw, 800px\" \/><\/p>\n<p>di <strong>Giuseppe Puppo<\/strong>\u00a0______<\/p>\n<p>Nella storia di Massimo D&#8217;Alema mediatore di armi alla Colombia, che, come abbiamo nei nostri due precedenti articoli, comincia dal Salento, irrompe di prepotenza.<\/p>\n<p><strong>Giancarlo Mazzotta<\/strong>, 52 anni, imprenditore nel settore turistico, esponente salentino di Forza Italia, sindaco di Carmiano non rieletto per pochi voti- ma ha fatto ricorso al Tar &#8211; quando, cinque mesi fa, si \u00e8 votato per il consiglio comunale, sciolto due anni prima d&#8217;autorit\u00e0 per infiltrazioni mafiose, un po&#8217; di processi penali in corso per altre vicende, che esulano in questa sede da quanto ci proponiamo di capire, ha detto anch&#8217;egli la sua verit\u00e0 su quello in cui era stato tirato in ballo.<\/p>\n<p>&nbsp;<\/p>\n<p>Sostiene Mazzotta di non essere stato lui a voler coinvolgere Massimo D&#8217;Alema nell&#8217;affare, o per meglio dire, lo coinvolse lui, ma non di sua iniziativa, bens\u00ec su richiesta dei due mediatori Amato e Caruso.<\/p>\n<p>Cos\u00ec ha detto ha Giuliano Foschini del quotidiano <em>La Repubblica<\/em> nell&#8217;intervista pubblicata il 10 marzo scorso, ecco le sue precise parole, limitatamente all&#8217;aspetto che a noi interessa in questa sede.<\/p>\n<p><em>\u201cVengo contattato da Francesco Amato, o meglio dai suoi genitori che conoscevo da tempo, e che sono salentini come me. Mi chiedono un appuntamento, perch\u00e9 il figlio voleva parlarmi di opportunit\u00e0 economiche in Colombia per aziende italiane. E, cos\u00ec, ci vediamo. Questo signor Amato mi dice di essere in contatto con il governo colombiano, e in particolare con la vice presidente Marta Luc\u00eda Ram\u00edrez, nonch\u00e9 Ministro degli Affari Esteri di Colombia. Mi dice che voleva farmi incontrare questo signor Emanuele Caruso, un italiano che affermava di lavorare da anni in Sud America di avere relazioni molto importanti in Italia.<\/em><\/p>\n<p><em>In quella stessa occasione Amato mi chiede espressamente un contatto con il Presidente Massimo D\u2019Alema, che io conosco da antica data: Amato mi spiega infatti che lui e Caruso cercavano un contatto diretto con Fincantieri e Leonardo perch\u00e9 la Colombia aveva stanziato quattro miliardi per l\u2019ammodernamento del loro sistema di difesa. E ritenevano che D\u2019Alema potesse aiutarli ad avere un contatto con le due aziende&#8230; Mi hanno mostrato carte ufficiali e io proprio sulla scorta di questi documenti che mi convinco ad assecondare la loro richiesta di prendere contatti con D\u2019Alema\u201d.<\/em><\/p>\n<p>&nbsp;<\/p>\n<p>Fatto sta, con verifiche da tutte le altre fonti, che Giancarlo Mazzotta \u00e8 anch&#8217;egli protagonista della trattativa poi fallita: fra le altre cose va in Colombia, media per conto di D&#8217;Alema con il sottosegretario alla Difesa Giorgio Mul\u00e8 di Forza Italia, insomma, partecipa.<\/p>\n<p>&nbsp;<\/p>\n<p>Sia che l&#8217;aver pensato a D&#8217;Alema sia una sua iniziativa, sia che l&#8217;idea sia partita da Emanuele Caruso &#8211; come abbiamo visto a tal proposito non c&#8217;\u00e8 corrispondenza fra i due &#8211; in ogni caso \u00e8 Giancarlo Mazzotta che &#8216;stringe&#8217; con D&#8217;Alema, come egli stesso ha raccontato a La Repubblica.<\/p>\n<p>Con<strong> leccecronaca.it<\/strong> non ha voluto parlare, non rispondendo alle richieste che gli abbiamo mandato in tal senso, cio\u00e8 di voler ospitare il suo racconto diretto sulla sua importante conoscenza.<\/p>\n<p>Ne prendiamo atto.<\/p>\n<p>Vediamo allora di cercare di capire da soli come e perch\u00e9\u00a0 Mazzotta conosce cos\u00ec bene D&#8217;Alema, come \u00e8 emerso da questa storia.<\/p>\n<p>&#8216;<em>Da antica data<\/em>&#8216;, ipse dixit.<\/p>\n<p>Non pu\u00f2 trattarsi\u00a0n\u00e9 di\u00a0 ragioni istituzionali,\u00a0n\u00e9 politiche, in tutta evidenza. Mazzotta milita in Forza Italia , quindi in un partito distinto e distante dai vari Ds, Pd e Articolo Uno di Massimo D&#8217;Alema, per quanto le strade di singoli esponenti delle due formazioni si siano pi\u00f9 volte incrociate in passato anche qui nel Salento, in quello che, documentandolo,\u00a0Claudio Gatti e Ferruccio Sansa chiamano &#8221;il sottobosco&#8217;, nel loro libro-inchiesta del 2012 edito da Chiarelettere.<\/p>\n<p>&nbsp;<\/p>\n<p>Dal punto di vista istituzionale, poi, Mazzotta non \u00e8 andato oltre la carica di sindaco di Carmiamo, un paese di diecimila abitanti.<\/p>\n<p>Quindi l&#8217;unica cosa che \u00e8 possibile ipotizzare \u00e8 che la conoscenza fra i due sia avvenuta sul terreno degli affari.<\/p>\n<p>E&#8217; documentato che negli affari &#8211; banche, sanit\u00e0, energia, servizi &#8211; nel Salento Massimo D&#8217;Alema, che ora ha 72 anni,\u00a0 abbia operato per decenni, sia direttamente, sia tramite uomini di sua fiducia, il suo cerchio magico nella roccaforte di Gallipoli.<\/p>\n<p>E negli affari, con pi\u00f9 societ\u00e0, soprattutto nel campo del turismo, si butta a capofitto sin da giovane Giancarlo Mazzotta, che ora ha 52 anni.<\/p>\n<p>Si saranno conosciuti e piaciuti in qualcuno di questi affari. Quali? Ah saperlo&#8230;<\/p>\n<p>______<\/p>\n<p>&nbsp;<\/p>\n<p>LA RICERCA nei due\u00a0 nostri precedenti articoli del 23 e del 24 marzo scorsi<\/p>\n<blockquote class=\"wp-embedded-content\" data-secret=\"H0DFo84Cbo\"><p><a href=\"https:\/\/www.leccecronaca.it\/index.php\/2022\/03\/23\/dossier-massimo\/\">LA STORIA DI MASSIMO D&#8217;ALEMA MEDIATORE DELLE ARMI ALLA COLOMBIA COMINCIA QUI DAL NOSTRO SALENTO<\/a><\/p><\/blockquote>\n<p><iframe class=\"wp-embedded-content\" sandbox=\"allow-scripts\" security=\"restricted\" style=\"position: absolute; clip: rect(1px, 1px, 1px, 1px);\" src=\"https:\/\/www.leccecronaca.it\/index.php\/2022\/03\/23\/dossier-massimo\/embed\/#?secret=H0DFo84Cbo\" data-secret=\"H0DFo84Cbo\" width=\"500\" height=\"282\" title=\"&#8220;LA STORIA DI MASSIMO D&#8217;ALEMA MEDIATORE DELLE ARMI ALLA COLOMBIA COMINCIA QUI DAL NOSTRO SALENTO&#8221; &#8212; LecceCronaca.it\" frameborder=\"0\" marginwidth=\"0\" marginheight=\"0\" scrolling=\"no\"><\/iframe><\/p>\n<blockquote class=\"wp-embedded-content\" data-secret=\"IXWZIbILQI\"><p><a href=\"https:\/\/www.leccecronaca.it\/index.php\/2022\/03\/24\/dossier-emanuele\/\">LA STORIA DI MASSIMO D&#8217;ALEMA MEDIATORE DELLE ARMI \/ LA VERITA&#8217; DI EMANUELE CARUSO: &#8216;Mi manda Giancarlo&#8217;<\/a><\/p><\/blockquote>\n<p><iframe class=\"wp-embedded-content\" sandbox=\"allow-scripts\" security=\"restricted\" style=\"position: absolute; clip: rect(1px, 1px, 1px, 1px);\" src=\"https:\/\/www.leccecronaca.it\/index.php\/2022\/03\/24\/dossier-emanuele\/embed\/#?secret=IXWZIbILQI\" data-secret=\"IXWZIbILQI\" width=\"500\" height=\"282\" title=\"&#8220;LA STORIA DI MASSIMO D&#8217;ALEMA MEDIATORE DELLE ARMI \/ LA VERITA&#8217; DI EMANUELE CARUSO: &#8216;Mi manda Giancarlo&#8217;&#8221; &#8212; LecceCronaca.it\" frameborder=\"0\" marginwidth=\"0\" marginheight=\"0\" scrolling=\"no\"><\/iframe><\/p>\n<p>&nbsp;<\/p>\n<p>&nbsp;<\/p>\n<p>&nbsp;<\/p>\n<p>&nbsp;<\/p>\n<p>&nbsp;<\/p>\n<fb:like href='https:\/\/www.leccecronaca.it\/index.php\/2022\/03\/28\/dossier-giancarlo\/' send='true' layout='button_count' show_faces='true' width='450' height='65' action='recommend' colorscheme='light' font='lucida grande'><\/fb:like><span class=\"fb_share\"><fb:like href=\"https:\/\/www.leccecronaca.it\/index.php\/2022\/03\/28\/dossier-giancarlo\/\" layout=\"button_count\"><\/fb:like><\/span>","protected":false},"excerpt":{"rendered":"<p>di Giuseppe Puppo\u00a0______ Nella storia di Massimo D&#8217;Alema mediatore di armi alla Colombia, che, come abbiamo nei nostri due precedenti articoli, comincia dal Salento, irrompe di prepotenza. Giancarlo Mazzotta, 52 anni, imprenditore nel settore turistico, esponente salentino di Forza Italia, sindaco di Carmiano non rieletto per pochi voti- ma ha fatto ricorso al Tar &#8211; [&hellip;]<\/p>\n","protected":false},"author":4,"featured_media":0,"comment_status":"open","ping_status":"closed","sticky":false,"template":"","format":"standard","meta":[],"categories":[69],"tags":[],"_links":{"self":[{"href":"https:\/\/www.leccecronaca.it\/index.php\/wp-json\/wp\/v2\/posts\/197119"}],"collection":[{"href":"https:\/\/www.leccecronaca.it\/index.php\/wp-json\/wp\/v2\/posts"}],"about":[{"href":"https:\/\/www.leccecronaca.it\/index.php\/wp-json\/wp\/v2\/types\/post"}],"author":[{"embeddable":true,"href":"https:\/\/www.leccecronaca.it\/index.php\/wp-json\/wp\/v2\/users\/4"}],"replies":[{"embeddable":true,"href":"https:\/\/www.leccecronaca.it\/index.php\/wp-json\/wp\/v2\/comments?post=197119"}],"version-history":[{"count":11,"href":"https:\/\/www.leccecronaca.it\/index.php\/wp-json\/wp\/v2\/posts\/197119\/revisions"}],"predecessor-version":[{"id":197330,"href":"https:\/\/www.leccecronaca.it\/index.php\/wp-json\/wp\/v2\/posts\/197119\/revisions\/197330"}],"wp:attachment":[{"href":"https:\/\/www.leccecronaca.it\/index.php\/wp-json\/wp\/v2\/media?parent=197119"}],"wp:term":[{"taxonomy":"category","embeddable":true,"href":"https:\/\/www.leccecronaca.it\/index.php\/wp-json\/wp\/v2\/categories?post=197119"},{"taxonomy":"post_tag","embeddable":true,"href":"https:\/\/www.leccecronaca.it\/index.php\/wp-json\/wp\/v2\/tags?post=197119"}],"curies":[{"name":"wp","href":"https:\/\/api.w.org\/{rel}","templated":true}]}}