{"id":198126,"date":"2022-04-15T13:46:51","date_gmt":"2022-04-15T11:46:51","guid":{"rendered":"http:\/\/www.leccecronaca.it\/?p=198126"},"modified":"2022-04-15T13:51:28","modified_gmt":"2022-04-15T11:51:28","slug":"reading-poetico-a-lecce-martedi-19","status":"publish","type":"post","link":"https:\/\/www.leccecronaca.it\/index.php\/2022\/04\/15\/reading-poetico-a-lecce-martedi-19\/","title":{"rendered":"PARTECIPATO READING POETICO A LECCE MARTEDI&#8217; 19"},"content":{"rendered":"<p><img decoding=\"async\" loading=\"lazy\" class=\"alignnone size-full wp-image-198128\" src=\"https:\/\/www.leccecronaca.it\/wordpress\/wp-content\/uploads\/2022\/04\/addolorato.jpg\" alt=\"\" width=\"497\" height=\"655\" srcset=\"https:\/\/www.leccecronaca.it\/wordpress\/wp-content\/uploads\/2022\/04\/addolorato.jpg 497w, https:\/\/www.leccecronaca.it\/wordpress\/wp-content\/uploads\/2022\/04\/addolorato-228x300.jpg 228w\" sizes=\"(max-width: 497px) 100vw, 497px\" \/><\/p>\n<p>(g.p.) ______\u00a0\u00a0Lidia Caputo, in apertura. Poi, a seguire,\u00a0Vito Antonio Conte, Elio Coriano, Francesco Pasca, Francesco Aprile, Simone Franco, Marcello Buttazzo, Marilena Cataldini, Roberta Caiffa, Anastasia Leo, Maurizio Nocera, Carlo Stasi, Marta Toraldo e insomma, alcuni dei &#8216;cavalli di razza&#8217; della scuderia, schierati nell&#8217;occasione dalle Edizioni I Quaderni del Bardo.<\/p>\n<p>Insomma, non sar\u00e0 sola, <strong>Annelisa Addolorato<\/strong>\u00a0(nella foto),\u00a0di Lodi, docente di Letteratura Straniera all&#8217;Universit\u00e0 di Pavia, marted\u00ec 19 aprile, alle 18.30, a Lecce, all&#8217; ex convitto Palmieri, in piazzetta Giosu\u00e8 Carducci, a presentare il suo ultimo libro, ma lo far\u00e0 in compagnia di altri autori, in uno di quei reading poetici che tanto piacciono a Stefano Donno e che ogni tanto organizza, sempre con numerosa, qualificata ed entusiastica partecipazione.<\/p>\n<p>La nuova raccolta appena uscita per iQdB si intitola\u00a0<strong><em>\u201cGuardando la mar &#8211; Il nostro Chi\u201d\u00a0<\/em><\/strong>\u00a0(188 pagg. 10,40 euro), che poi &#8211; mancando al momento spiegazioni al riguardo, proviamo a interpretare &#8211; dovrebbe significare il fatto che guardando il mare si pu\u00f2 intravvedere la nostra vera personalit\u00e0.<\/p>\n<p>&nbsp;<\/p>\n<p><img decoding=\"async\" loading=\"lazy\" class=\"alignnone size-full wp-image-198127\" src=\"https:\/\/www.leccecronaca.it\/wordpress\/wp-content\/uploads\/2022\/04\/Annelisa-Addolorato-OK-Copertina-iQdB-per-AMZ-1.jpg\" alt=\"\" width=\"1418\" height=\"1418\" srcset=\"https:\/\/www.leccecronaca.it\/wordpress\/wp-content\/uploads\/2022\/04\/Annelisa-Addolorato-OK-Copertina-iQdB-per-AMZ-1.jpg 1418w, https:\/\/www.leccecronaca.it\/wordpress\/wp-content\/uploads\/2022\/04\/Annelisa-Addolorato-OK-Copertina-iQdB-per-AMZ-1-300x300.jpg 300w, https:\/\/www.leccecronaca.it\/wordpress\/wp-content\/uploads\/2022\/04\/Annelisa-Addolorato-OK-Copertina-iQdB-per-AMZ-1-1024x1024.jpg 1024w, https:\/\/www.leccecronaca.it\/wordpress\/wp-content\/uploads\/2022\/04\/Annelisa-Addolorato-OK-Copertina-iQdB-per-AMZ-1-150x150.jpg 150w, https:\/\/www.leccecronaca.it\/wordpress\/wp-content\/uploads\/2022\/04\/Annelisa-Addolorato-OK-Copertina-iQdB-per-AMZ-1-768x768.jpg 768w, https:\/\/www.leccecronaca.it\/wordpress\/wp-content\/uploads\/2022\/04\/Annelisa-Addolorato-OK-Copertina-iQdB-per-AMZ-1-60x60.jpg 60w\" sizes=\"(max-width: 1418px) 100vw, 1418px\" \/><\/p>\n<p>&nbsp;<\/p>\n<p>Per acquistare il libro<\/p>\n<p><a href=\"https:\/\/www.amazon.it\/Guardando-mar-nostro-Annelisa-Addolorato\/dp\/B09WCJPY2J\/ref=sr_1_11?qid=1650022731&amp;refinements=p_27%3AStefano+Donno&amp;s=books&amp;sr=1-11\">https:\/\/www.amazon.it\/Guardando-mar-nostro-Annelisa-Addolorato\/dp\/B09WCJPY2J\/ref=sr_1_11?qid=1650022731&amp;refinements=p_27%3AStefano+Donno&amp;s=books&amp;sr=1-11<\/a><\/p>\n<fb:like href='https:\/\/www.leccecronaca.it\/index.php\/2022\/04\/15\/reading-poetico-a-lecce-martedi-19\/' send='true' layout='button_count' show_faces='true' width='450' height='65' action='recommend' colorscheme='light' font='lucida grande'><\/fb:like><span class=\"fb_share\"><fb:like href=\"https:\/\/www.leccecronaca.it\/index.php\/2022\/04\/15\/reading-poetico-a-lecce-martedi-19\/\" layout=\"button_count\"><\/fb:like><\/span>","protected":false},"excerpt":{"rendered":"<p>(g.p.) ______\u00a0\u00a0Lidia Caputo, in apertura. Poi, a seguire,\u00a0Vito Antonio Conte, Elio Coriano, Francesco Pasca, Francesco Aprile, Simone Franco, Marcello Buttazzo, Marilena Cataldini, Roberta Caiffa, Anastasia Leo, Maurizio Nocera, Carlo Stasi, Marta Toraldo e insomma, alcuni dei &#8216;cavalli di razza&#8217; della scuderia, schierati nell&#8217;occasione dalle Edizioni I Quaderni del Bardo. Insomma, non sar\u00e0 sola, Annelisa Addolorato\u00a0(nella [&hellip;]<\/p>\n","protected":false},"author":4,"featured_media":198128,"comment_status":"open","ping_status":"closed","sticky":false,"template":"","format":"standard","meta":[],"categories":[31,75,57],"tags":[],"_links":{"self":[{"href":"https:\/\/www.leccecronaca.it\/index.php\/wp-json\/wp\/v2\/posts\/198126"}],"collection":[{"href":"https:\/\/www.leccecronaca.it\/index.php\/wp-json\/wp\/v2\/posts"}],"about":[{"href":"https:\/\/www.leccecronaca.it\/index.php\/wp-json\/wp\/v2\/types\/post"}],"author":[{"embeddable":true,"href":"https:\/\/www.leccecronaca.it\/index.php\/wp-json\/wp\/v2\/users\/4"}],"replies":[{"embeddable":true,"href":"https:\/\/www.leccecronaca.it\/index.php\/wp-json\/wp\/v2\/comments?post=198126"}],"version-history":[{"count":3,"href":"https:\/\/www.leccecronaca.it\/index.php\/wp-json\/wp\/v2\/posts\/198126\/revisions"}],"predecessor-version":[{"id":198131,"href":"https:\/\/www.leccecronaca.it\/index.php\/wp-json\/wp\/v2\/posts\/198126\/revisions\/198131"}],"wp:featuredmedia":[{"embeddable":true,"href":"https:\/\/www.leccecronaca.it\/index.php\/wp-json\/wp\/v2\/media\/198128"}],"wp:attachment":[{"href":"https:\/\/www.leccecronaca.it\/index.php\/wp-json\/wp\/v2\/media?parent=198126"}],"wp:term":[{"taxonomy":"category","embeddable":true,"href":"https:\/\/www.leccecronaca.it\/index.php\/wp-json\/wp\/v2\/categories?post=198126"},{"taxonomy":"post_tag","embeddable":true,"href":"https:\/\/www.leccecronaca.it\/index.php\/wp-json\/wp\/v2\/tags?post=198126"}],"curies":[{"name":"wp","href":"https:\/\/api.w.org\/{rel}","templated":true}]}}