{"id":198459,"date":"2022-04-23T00:02:20","date_gmt":"2022-04-22T22:02:20","guid":{"rendered":"http:\/\/www.leccecronaca.it\/?p=198459"},"modified":"2022-04-22T14:35:01","modified_gmt":"2022-04-22T12:35:01","slug":"novita-editoriali-i-culacchi-di-romano","status":"publish","type":"post","link":"https:\/\/www.leccecronaca.it\/index.php\/2022\/04\/23\/novita-editoriali-i-culacchi-di-romano\/","title":{"rendered":"NOVITA&#8217; EDITORIALI \/ I \u201cCulacchi\u201d DI ROMANO"},"content":{"rendered":"<p><img decoding=\"async\" loading=\"lazy\" class=\"alignnone size-full wp-image-198461\" src=\"https:\/\/www.leccecronaca.it\/wordpress\/wp-content\/uploads\/2022\/04\/273894391_10227143898973673_538757234970119881_n.jpg\" alt=\"\" width=\"960\" height=\"960\" srcset=\"https:\/\/www.leccecronaca.it\/wordpress\/wp-content\/uploads\/2022\/04\/273894391_10227143898973673_538757234970119881_n.jpg 960w, https:\/\/www.leccecronaca.it\/wordpress\/wp-content\/uploads\/2022\/04\/273894391_10227143898973673_538757234970119881_n-300x300.jpg 300w, https:\/\/www.leccecronaca.it\/wordpress\/wp-content\/uploads\/2022\/04\/273894391_10227143898973673_538757234970119881_n-150x150.jpg 150w, https:\/\/www.leccecronaca.it\/wordpress\/wp-content\/uploads\/2022\/04\/273894391_10227143898973673_538757234970119881_n-768x768.jpg 768w, https:\/\/www.leccecronaca.it\/wordpress\/wp-content\/uploads\/2022\/04\/273894391_10227143898973673_538757234970119881_n-60x60.jpg 60w\" sizes=\"(max-width: 960px) 100vw, 960px\" \/><\/p>\n<p>di <strong>Raffaele Polo<\/strong>\u00a0______<\/p>\n<p>I <strong><em>\u201cCulacchi\u201d<\/em><\/strong> di <strong>Marco Antonio Romano<\/strong> diventano un libro.<\/p>\n<p>Diciamo subito che Marco Antonio Romano \u00e8 da pi\u00f9 di venti anni sulla scena teatrale salentina in qualit\u00e0 di attore, formatore e regista teatrale.\u00a0 Nel corso della sua carriera professionale ha all\u2019attivo numerosissimi allestimenti e messinscene teatrali, nei quali ha avuto modo di confrontarsi con drammaturgie del repertorio classico, contemporaneo e sperimentale.<\/p>\n<p>\u00c8 presidente della Compagnia T\u00e9menos Recinti Teatrali, la cui mission \u00e8 nel tempo divenuta quella di diffondere la cultura del teatro civile legato ai temi della legalit\u00e0, della giustizia e della solidariet\u00e0 sociale. Conduce corsi di formazione teatrale, workshop e seminari, tiene corsi di dizione, consapevolezza corporea ed emotiva e di liberazione vocale.<\/p>\n<p>Adesso, per i tipi della casa editrice salentina &#8216;Vesepia&#8217;, escono questi &#8216;Culacchi&#8217; (pagine 190, euro 13,50), non solo \u00a0da leggere, ma anche da vedere, in questo libro interrattivo nel quale essi prendono vita in alcuni sketch-video, interpretati dello stesso autore.<\/p>\n<p>In un\u2019alternanza di scene esilaranti e di considerazioni riflessive, intervallate da qualche verso e postate su Facebook dal 2017 al 2020, l\u2019attore racconta al lettore il suo vivere e percepire la quotidianit\u00e0, tra personaggi alquanto caratteristici incontrati per strada, nei supermercati o in altri luoghi comuni, e critiche sociali, rivolte sempre con toni diretti e schietti.<\/p>\n<p>A prevalere \u00e8 un forte spirito di osservazione, da cui nasce una narrazione estremamente vera della realt\u00e0, fatta utilizzando, nella maggior parte dei casi, la pi\u00f9 potente delle armi comunicative: la sana ironia.<\/p>\n<p><img decoding=\"async\" loading=\"lazy\" class=\"alignnone wp-image-198460\" src=\"https:\/\/www.leccecronaca.it\/wordpress\/wp-content\/uploads\/2022\/04\/copertinaculacchi.jpg\" alt=\"\" width=\"320\" height=\"505\" srcset=\"https:\/\/www.leccecronaca.it\/wordpress\/wp-content\/uploads\/2022\/04\/copertinaculacchi.jpg 320w, https:\/\/www.leccecronaca.it\/wordpress\/wp-content\/uploads\/2022\/04\/copertinaculacchi-190x300.jpg 190w\" sizes=\"(max-width: 320px) 100vw, 320px\" \/><\/p>\n<fb:like href='https:\/\/www.leccecronaca.it\/index.php\/2022\/04\/23\/novita-editoriali-i-culacchi-di-romano\/' send='true' layout='button_count' show_faces='true' width='450' height='65' action='recommend' colorscheme='light' font='lucida grande'><\/fb:like><span class=\"fb_share\"><fb:like href=\"https:\/\/www.leccecronaca.it\/index.php\/2022\/04\/23\/novita-editoriali-i-culacchi-di-romano\/\" layout=\"button_count\"><\/fb:like><\/span>","protected":false},"excerpt":{"rendered":"<p>di Raffaele Polo\u00a0______ I \u201cCulacchi\u201d di Marco Antonio Romano diventano un libro. Diciamo subito che Marco Antonio Romano \u00e8 da pi\u00f9 di venti anni sulla scena teatrale salentina in qualit\u00e0 di attore, formatore e regista teatrale.\u00a0 Nel corso della sua carriera professionale ha all\u2019attivo numerosissimi allestimenti e messinscene teatrali, nei quali ha avuto modo di [&hellip;]<\/p>\n","protected":false},"author":4,"featured_media":198461,"comment_status":"open","ping_status":"closed","sticky":false,"template":"","format":"standard","meta":[],"categories":[31,57],"tags":[],"_links":{"self":[{"href":"https:\/\/www.leccecronaca.it\/index.php\/wp-json\/wp\/v2\/posts\/198459"}],"collection":[{"href":"https:\/\/www.leccecronaca.it\/index.php\/wp-json\/wp\/v2\/posts"}],"about":[{"href":"https:\/\/www.leccecronaca.it\/index.php\/wp-json\/wp\/v2\/types\/post"}],"author":[{"embeddable":true,"href":"https:\/\/www.leccecronaca.it\/index.php\/wp-json\/wp\/v2\/users\/4"}],"replies":[{"embeddable":true,"href":"https:\/\/www.leccecronaca.it\/index.php\/wp-json\/wp\/v2\/comments?post=198459"}],"version-history":[{"count":1,"href":"https:\/\/www.leccecronaca.it\/index.php\/wp-json\/wp\/v2\/posts\/198459\/revisions"}],"predecessor-version":[{"id":198462,"href":"https:\/\/www.leccecronaca.it\/index.php\/wp-json\/wp\/v2\/posts\/198459\/revisions\/198462"}],"wp:featuredmedia":[{"embeddable":true,"href":"https:\/\/www.leccecronaca.it\/index.php\/wp-json\/wp\/v2\/media\/198461"}],"wp:attachment":[{"href":"https:\/\/www.leccecronaca.it\/index.php\/wp-json\/wp\/v2\/media?parent=198459"}],"wp:term":[{"taxonomy":"category","embeddable":true,"href":"https:\/\/www.leccecronaca.it\/index.php\/wp-json\/wp\/v2\/categories?post=198459"},{"taxonomy":"post_tag","embeddable":true,"href":"https:\/\/www.leccecronaca.it\/index.php\/wp-json\/wp\/v2\/tags?post=198459"}],"curies":[{"name":"wp","href":"https:\/\/api.w.org\/{rel}","templated":true}]}}