{"id":198525,"date":"2022-04-24T12:04:35","date_gmt":"2022-04-24T10:04:35","guid":{"rendered":"http:\/\/www.leccecronaca.it\/?p=198525"},"modified":"2022-04-24T12:08:36","modified_gmt":"2022-04-24T10:08:36","slug":"ci-devi-credere-togliere-la-parola-ai-mercanti-di-armi-ridarla-alla-politica-e-alla-cultura","status":"publish","type":"post","link":"https:\/\/www.leccecronaca.it\/index.php\/2022\/04\/24\/ci-devi-credere-togliere-la-parola-ai-mercanti-di-armi-ridarla-alla-politica-e-alla-cultura\/","title":{"rendered":"CI DEVI CREDERE. TOGLIERE LA PAROLA AI MERCANTI DI ARMI, RIDARLA ALLA POLITICA. E ALLA CULTURA"},"content":{"rendered":"<p><img decoding=\"async\" loading=\"lazy\" class=\"alignnone size-full wp-image-198535\" src=\"https:\/\/www.leccecronaca.it\/wordpress\/wp-content\/uploads\/2022\/04\/279032676_411339340992291_5193058393006538608_n.jpg\" alt=\"\" width=\"960\" height=\"720\" srcset=\"https:\/\/www.leccecronaca.it\/wordpress\/wp-content\/uploads\/2022\/04\/279032676_411339340992291_5193058393006538608_n.jpg 960w, https:\/\/www.leccecronaca.it\/wordpress\/wp-content\/uploads\/2022\/04\/279032676_411339340992291_5193058393006538608_n-300x225.jpg 300w, https:\/\/www.leccecronaca.it\/wordpress\/wp-content\/uploads\/2022\/04\/279032676_411339340992291_5193058393006538608_n-768x576.jpg 768w, https:\/\/www.leccecronaca.it\/wordpress\/wp-content\/uploads\/2022\/04\/279032676_411339340992291_5193058393006538608_n-400x300.jpg 400w\" sizes=\"(max-width: 960px) 100vw, 960px\" \/><\/p>\n<p>(g.p.) ______\u00a0\u00a0Non basta parlare di pace. Ci devi credere. E poi ti devi impegnare.<\/p>\n<p>L&#8217;edizione straordinaria della Marcia per la Pace Perugia Assisi 2022 \u00e8 partita questa mattina\u00a0dai Giardini del Frontone di Perugia\u00a0\u00a0(nella foto),\u00a0 con un minuto di silenzio per tutte le vittime della guerra osservato dai partecipanti gi\u00e0 presenti a centinaia.<\/p>\n<p>E sono centinaia le associazioni, gli enti pubblici e privati, le organizzazioni che nel frattempo hanno aderito all&#8217;iniziativa.<\/p>\n<p>Non ci sono bandiere di partito, solo quella della pace.<\/p>\n<p>Arrivo ad Assisi nella piazza Inferiore di San Francesco previsto nel pomeriggio.<\/p>\n<p>In apertura, questa mattina, al raduno e al concentramento dei partecipanti, ha preso la parola <strong>Flavio Lotti<\/strong>, del comitato organizzatore:\u00a0<strong><em>&#8220;Non dobbiamo rompere i ponti con nessuno, dobbiamo lavorare anche durante la guerra per costruire la pace. Non ci sono nemici, non abbiamo nemici, l&#8217;unico nemico \u00e8 la guerra e tutti quelli che la alimentano, anche con la vendita delle armi. Oggi siamo qui a dire che c&#8217;\u00e8 un altro modo di aiutare il popolo ucraino ed \u00e8 quello di togliere la parola alle armi e darla alla politica. Non chiamateci nobili, anime belle, noi siamo qui per riprendere e rilanciare il grido di dolore di tutte le vittime delle guerre, in tutte le parti del mondo, che continuiamo a non volere vedere, che continuiamo colpevolmente ad ignorare. Abbiano il dovere di fermarle, per questo siamo qui&#8221;.<\/em><\/strong><\/p>\n<p>______<\/p>\n<p>LA RICERCA nel nostro articolo del 22 aprile scorso<\/p>\n<blockquote class=\"wp-embedded-content\" data-secret=\"TnDxQq7hBW\"><p><a href=\"https:\/\/www.leccecronaca.it\/index.php\/2022\/04\/22\/fermatevi-la-guerra-e-una-follia\/\">FERMATEVI! La guerra \u00e8 una follia<\/a><\/p><\/blockquote>\n<p><iframe class=\"wp-embedded-content\" sandbox=\"allow-scripts\" security=\"restricted\" style=\"position: absolute; clip: rect(1px, 1px, 1px, 1px);\" src=\"https:\/\/www.leccecronaca.it\/index.php\/2022\/04\/22\/fermatevi-la-guerra-e-una-follia\/embed\/#?secret=TnDxQq7hBW\" data-secret=\"TnDxQq7hBW\" width=\"500\" height=\"282\" title=\"&#8220;FERMATEVI! La guerra \u00e8 una follia&#8221; &#8212; LecceCronaca.it\" frameborder=\"0\" marginwidth=\"0\" marginheight=\"0\" scrolling=\"no\"><\/iframe><\/p>\n<fb:like href='https:\/\/www.leccecronaca.it\/index.php\/2022\/04\/24\/ci-devi-credere-togliere-la-parola-ai-mercanti-di-armi-ridarla-alla-politica-e-alla-cultura\/' send='true' layout='button_count' show_faces='true' width='450' height='65' action='recommend' colorscheme='light' font='lucida grande'><\/fb:like><span class=\"fb_share\"><fb:like href=\"https:\/\/www.leccecronaca.it\/index.php\/2022\/04\/24\/ci-devi-credere-togliere-la-parola-ai-mercanti-di-armi-ridarla-alla-politica-e-alla-cultura\/\" layout=\"button_count\"><\/fb:like><\/span>","protected":false},"excerpt":{"rendered":"<p>(g.p.) ______\u00a0\u00a0Non basta parlare di pace. Ci devi credere. E poi ti devi impegnare. L&#8217;edizione straordinaria della Marcia per la Pace Perugia Assisi 2022 \u00e8 partita questa mattina\u00a0dai Giardini del Frontone di Perugia\u00a0\u00a0(nella foto),\u00a0 con un minuto di silenzio per tutte le vittime della guerra osservato dai partecipanti gi\u00e0 presenti a centinaia. E sono centinaia [&hellip;]<\/p>\n","protected":false},"author":4,"featured_media":198535,"comment_status":"open","ping_status":"closed","sticky":false,"template":"","format":"standard","meta":[],"categories":[1,69,31,76],"tags":[],"_links":{"self":[{"href":"https:\/\/www.leccecronaca.it\/index.php\/wp-json\/wp\/v2\/posts\/198525"}],"collection":[{"href":"https:\/\/www.leccecronaca.it\/index.php\/wp-json\/wp\/v2\/posts"}],"about":[{"href":"https:\/\/www.leccecronaca.it\/index.php\/wp-json\/wp\/v2\/types\/post"}],"author":[{"embeddable":true,"href":"https:\/\/www.leccecronaca.it\/index.php\/wp-json\/wp\/v2\/users\/4"}],"replies":[{"embeddable":true,"href":"https:\/\/www.leccecronaca.it\/index.php\/wp-json\/wp\/v2\/comments?post=198525"}],"version-history":[{"count":4,"href":"https:\/\/www.leccecronaca.it\/index.php\/wp-json\/wp\/v2\/posts\/198525\/revisions"}],"predecessor-version":[{"id":198538,"href":"https:\/\/www.leccecronaca.it\/index.php\/wp-json\/wp\/v2\/posts\/198525\/revisions\/198538"}],"wp:featuredmedia":[{"embeddable":true,"href":"https:\/\/www.leccecronaca.it\/index.php\/wp-json\/wp\/v2\/media\/198535"}],"wp:attachment":[{"href":"https:\/\/www.leccecronaca.it\/index.php\/wp-json\/wp\/v2\/media?parent=198525"}],"wp:term":[{"taxonomy":"category","embeddable":true,"href":"https:\/\/www.leccecronaca.it\/index.php\/wp-json\/wp\/v2\/categories?post=198525"},{"taxonomy":"post_tag","embeddable":true,"href":"https:\/\/www.leccecronaca.it\/index.php\/wp-json\/wp\/v2\/tags?post=198525"}],"curies":[{"name":"wp","href":"https:\/\/api.w.org\/{rel}","templated":true}]}}