{"id":198748,"date":"2022-04-28T16:19:54","date_gmt":"2022-04-28T14:19:54","guid":{"rendered":"http:\/\/www.leccecronaca.it\/?p=198748"},"modified":"2022-05-14T18:08:57","modified_gmt":"2022-05-14T16:08:57","slug":"la-storia-luce-che-non-vedra-piu-la-luce","status":"publish","type":"post","link":"https:\/\/www.leccecronaca.it\/index.php\/2022\/04\/28\/la-storia-luce-che-non-vedra-piu-la-luce\/","title":{"rendered":"LA STORIA \/ Luce CHE NON VEDRA&#8217; PIU&#8217; LA LUCE"},"content":{"rendered":"<p><img decoding=\"async\" loading=\"lazy\" class=\"alignnone size-full wp-image-198749\" src=\"https:\/\/www.leccecronaca.it\/wordpress\/wp-content\/uploads\/2022\/04\/278967644_10224874339198633_1475225372973276191_n.jpg\" alt=\"\" width=\"2048\" height=\"1365\" srcset=\"https:\/\/www.leccecronaca.it\/wordpress\/wp-content\/uploads\/2022\/04\/278967644_10224874339198633_1475225372973276191_n.jpg 2048w, https:\/\/www.leccecronaca.it\/wordpress\/wp-content\/uploads\/2022\/04\/278967644_10224874339198633_1475225372973276191_n-300x200.jpg 300w, https:\/\/www.leccecronaca.it\/wordpress\/wp-content\/uploads\/2022\/04\/278967644_10224874339198633_1475225372973276191_n-1024x683.jpg 1024w, https:\/\/www.leccecronaca.it\/wordpress\/wp-content\/uploads\/2022\/04\/278967644_10224874339198633_1475225372973276191_n-768x512.jpg 768w, https:\/\/www.leccecronaca.it\/wordpress\/wp-content\/uploads\/2022\/04\/278967644_10224874339198633_1475225372973276191_n-1536x1024.jpg 1536w\" sizes=\"(max-width: 2048px) 100vw, 2048px\" \/>(e.s.) ______ <span style=\"color: #ff0000;\"><strong>Caterina Giustiniani<\/strong><\/span> ha 41 anni, vive a Copertino e lavora come impiegata. Tre giorni fa ha ascoltato la storia dell&#8217;aquila accecata dal piombo dei cacciatori crudeli dalle ragazze che se ne occupano al centro specializzato del Museo di Calimera. Basta e avanza, a farci star male, per\u00f2, caso mai, ce ne sarebbero, purtroppo, altre, di simili, a volerle raccontare, ci ha detto<\/p>\n<p>Basti questo, a rafforzarci nel convincimento che la caccia non \u00e8 uno sport, \u00e8 una guerra, e che va abolita, subito, per legge.<\/p>\n<p>Ed ecco quello che, dopo aver sentito questa storia, Caterina Giustiniani ha postato sul proprio profilo Facebook.<\/p>\n<p>&nbsp;<\/p>\n<div class=\"kvgmc6g5 cxmmr5t8 oygrvhab hcukyx3x c1et5uql ii04i59q\">\n<div dir=\"auto\"><span style=\"color: #ff0000;\"><strong>Lei \u00e8 una piccola aquila, che ho ribattezzato col nome <em><span style=\"color: #000000;\">Luce<\/span><\/em>, in cura presso il CRAS del Salento (Centro di accoglienza della fauna selvatica) all&#8217;interno del Museo di storia naturale di Calimera.<\/strong><\/span><\/div>\n<div dir=\"auto\"><span style=\"color: #ff0000;\"><strong>\u00c8 stata colpita al cranio da diversi pallini sparati da un fucile al di fuori della stagione venatoria. <\/strong><\/span><\/div>\n<div dir=\"auto\"><span style=\"color: #ff0000;\"><strong>\u00c8 rimasta cieca, vive al buio e deve essere assistita continuamente per poter vivere, se di vita si pu\u00f2 parlare. Avrebbe dovuto essere abbattuta, ma la sua voglia di vivere ha prevalso.<\/strong><\/span><\/div>\n<div dir=\"auto\"><\/div>\n<div dir=\"auto\"><span style=\"color: #ff0000;\"><strong>I pallini al piombo erano incandescenti quando l&#8217;hanno colpita. Provate ad immaginare se un pallino ardente vi colpisse anche solo una mano, che dolore atroce provereste?<\/strong><\/span><\/div>\n<div dir=\"auto\"><span style=\"color: #ff0000;\"><strong>Al piombo! <\/strong><\/span><\/div>\n<div dir=\"auto\"><span style=\"color: #ff0000;\"><strong>Parliamo continuamente di Plasticfree, di cambiamento climatico, di rifiuti zero, di emissioni zero e poi ci stanno (nel 2022!) dei trogloditi che per un divertimento assurdo, anche quando non gli \u00e8 consentito, sparano in giro pallini al piombo, uccidendo, ferendo, inquinando. E poi noi, mangiamo i bei zanguni e paparine al piombo!<\/strong><\/span><\/div>\n<div dir=\"auto\"><\/div>\n<div dir=\"auto\"><span style=\"color: #ff0000;\"><strong>Il giorno in cui la caccia verr\u00e0 abolita, sar\u00e0 sempre troppo tardi! <\/strong><\/span><\/div>\n<div dir=\"auto\"><span style=\"color: #ff0000;\"><strong>Perch\u00e9 uccidere solo per uccidere non pu\u00f2 essere consentito. E non chiamatela &#8220;arte&#8221; perch\u00e9 l&#8217;arte crea bellezza, questa roba distrugge la bellezza!<\/strong><\/span><\/div>\n<div dir=\"auto\"><\/div>\n<div dir=\"auto\"><span style=\"color: #ff0000;\"><strong>Il grande, grandissimo grazie va sempre agli operatori che dedicano la loro vita a questi poveri esseri indifesi. Grazie, grazie, mille volte grazie.<\/strong><\/span><\/div>\n<div dir=\"auto\"><\/div>\n<div dir=\"auto\"><span style=\"color: #ff0000;\"><strong>E tu, <span style=\"color: #000000;\"><em>Luce<\/em><\/span>, perdonaci se puoi.\u00a0<\/strong><\/span><\/div>\n<\/div>\n<div class=\"cxmmr5t8 oygrvhab hcukyx3x c1et5uql o9v6fnle ii04i59q\">\n<div dir=\"auto\"><span style=\"color: #ff0000;\"><strong>La liberazione della moderna Italia passa anche da queste cose.\u00a0<\/strong><\/span><strong>______\u00a0<\/strong><\/div>\n<\/div>\n<div dir=\"auto\"><\/div>\n<div dir=\"auto\">L&#8217;APPROFONDIMENTO in due dei nostri\u00a0 ultimi articoli dedicati alla questione, del 28 settembre e del 22 dicembre scorsi<\/div>\n<div dir=\"auto\"><\/div>\n<div dir=\"auto\"><a href=\"https:\/\/www.leccecronaca.it\/index.php\/2021\/09\/28\/non-e-uno-sport-e-una-guerra-basta-caccia\/\">https:\/\/www.leccecronaca.it\/index.php\/2021\/09\/28\/non-e-uno-sport-e-una-guerra-basta-caccia\/<\/a><\/div>\n<div dir=\"auto\"><\/div>\n<div dir=\"auto\"><a href=\"https:\/\/www.leccecronaca.it\/index.php\/2021\/12\/12\/192375\/\">https:\/\/www.leccecronaca.it\/index.php\/2021\/12\/12\/192375\/<\/a><\/div>\n<div dir=\"auto\"><\/div>\n<fb:like href='https:\/\/www.leccecronaca.it\/index.php\/2022\/04\/28\/la-storia-luce-che-non-vedra-piu-la-luce\/' send='true' layout='button_count' show_faces='true' width='450' height='65' action='recommend' colorscheme='light' font='lucida grande'><\/fb:like><span class=\"fb_share\"><fb:like href=\"https:\/\/www.leccecronaca.it\/index.php\/2022\/04\/28\/la-storia-luce-che-non-vedra-piu-la-luce\/\" layout=\"button_count\"><\/fb:like><\/span>","protected":false},"excerpt":{"rendered":"<p>(e.s.) ______ Caterina Giustiniani ha 41 anni, vive a Copertino e lavora come impiegata. Tre giorni fa ha ascoltato la storia dell&#8217;aquila accecata dal piombo dei cacciatori crudeli dalle ragazze che se ne occupano al centro specializzato del Museo di Calimera. Basta e avanza, a farci star male, per\u00f2, caso mai, ce ne sarebbero, purtroppo, [&hellip;]<\/p>\n","protected":false},"author":4,"featured_media":198749,"comment_status":"open","ping_status":"closed","sticky":false,"template":"","format":"standard","meta":[],"categories":[1,69,76],"tags":[],"_links":{"self":[{"href":"https:\/\/www.leccecronaca.it\/index.php\/wp-json\/wp\/v2\/posts\/198748"}],"collection":[{"href":"https:\/\/www.leccecronaca.it\/index.php\/wp-json\/wp\/v2\/posts"}],"about":[{"href":"https:\/\/www.leccecronaca.it\/index.php\/wp-json\/wp\/v2\/types\/post"}],"author":[{"embeddable":true,"href":"https:\/\/www.leccecronaca.it\/index.php\/wp-json\/wp\/v2\/users\/4"}],"replies":[{"embeddable":true,"href":"https:\/\/www.leccecronaca.it\/index.php\/wp-json\/wp\/v2\/comments?post=198748"}],"version-history":[{"count":5,"href":"https:\/\/www.leccecronaca.it\/index.php\/wp-json\/wp\/v2\/posts\/198748\/revisions"}],"predecessor-version":[{"id":198754,"href":"https:\/\/www.leccecronaca.it\/index.php\/wp-json\/wp\/v2\/posts\/198748\/revisions\/198754"}],"wp:featuredmedia":[{"embeddable":true,"href":"https:\/\/www.leccecronaca.it\/index.php\/wp-json\/wp\/v2\/media\/198749"}],"wp:attachment":[{"href":"https:\/\/www.leccecronaca.it\/index.php\/wp-json\/wp\/v2\/media?parent=198748"}],"wp:term":[{"taxonomy":"category","embeddable":true,"href":"https:\/\/www.leccecronaca.it\/index.php\/wp-json\/wp\/v2\/categories?post=198748"},{"taxonomy":"post_tag","embeddable":true,"href":"https:\/\/www.leccecronaca.it\/index.php\/wp-json\/wp\/v2\/tags?post=198748"}],"curies":[{"name":"wp","href":"https:\/\/api.w.org\/{rel}","templated":true}]}}