{"id":199253,"date":"2022-05-08T16:15:44","date_gmt":"2022-05-08T14:15:44","guid":{"rendered":"http:\/\/www.leccecronaca.it\/?p=199253"},"modified":"2022-05-08T16:18:38","modified_gmt":"2022-05-08T14:18:38","slug":"si-e-tenuto-il-secondo-appuntamento-con-il-corso-di-educazione-ambientale-a-leverano-in-sintesi-giornalistica-il-resoconto-della-serata","status":"publish","type":"post","link":"https:\/\/www.leccecronaca.it\/index.php\/2022\/05\/08\/si-e-tenuto-il-secondo-appuntamento-con-il-corso-di-educazione-ambientale-a-leverano-in-sintesi-giornalistica-il-resoconto-della-serata\/","title":{"rendered":"SI E\u2019 TENUTO IL SECONDO APPUNTAMENTO CON IL CORSO DI EDUCAZIONE AMBIENTALE A LEVERANO. IN SINTESI GIORNALISTICA, IL RESOCONTO DELLA SERATA"},"content":{"rendered":"<p><img decoding=\"async\" loading=\"lazy\" class=\"alignnone size-full wp-image-199254\" src=\"https:\/\/www.leccecronaca.it\/wordpress\/wp-content\/uploads\/2022\/05\/bulle.jpg\" alt=\"\" width=\"2048\" height=\"1536\" srcset=\"https:\/\/www.leccecronaca.it\/wordpress\/wp-content\/uploads\/2022\/05\/bulle.jpg 2048w, https:\/\/www.leccecronaca.it\/wordpress\/wp-content\/uploads\/2022\/05\/bulle-300x225.jpg 300w, https:\/\/www.leccecronaca.it\/wordpress\/wp-content\/uploads\/2022\/05\/bulle-1024x768.jpg 1024w, https:\/\/www.leccecronaca.it\/wordpress\/wp-content\/uploads\/2022\/05\/bulle-768x576.jpg 768w, https:\/\/www.leccecronaca.it\/wordpress\/wp-content\/uploads\/2022\/05\/bulle-1536x1152.jpg 1536w, https:\/\/www.leccecronaca.it\/wordpress\/wp-content\/uploads\/2022\/05\/bulle-400x300.jpg 400w\" sizes=\"(max-width: 2048px) 100vw, 2048px\" \/><\/p>\n<p>(Rdl) _____ Ieri sera, a Levarano, nei locali della biblioteca comunale, c&#8217;\u00e8 stato il secondo appuntamento con\u00a0il Corso di Ecologia, organizzato dall\u2019Associazione Culturale \u201cCircolo Tandem\u201d.<\/p>\n<p>&nbsp;<\/p>\n<p><img decoding=\"async\" loading=\"lazy\" class=\"alignnone size-full wp-image-199255\" src=\"https:\/\/www.leccecronaca.it\/wordpress\/wp-content\/uploads\/2022\/05\/53894679_10213840974208506_3861020606619189248_n.jpg\" alt=\"\" width=\"512\" height=\"512\" srcset=\"https:\/\/www.leccecronaca.it\/wordpress\/wp-content\/uploads\/2022\/05\/53894679_10213840974208506_3861020606619189248_n.jpg 512w, https:\/\/www.leccecronaca.it\/wordpress\/wp-content\/uploads\/2022\/05\/53894679_10213840974208506_3861020606619189248_n-300x300.jpg 300w, https:\/\/www.leccecronaca.it\/wordpress\/wp-content\/uploads\/2022\/05\/53894679_10213840974208506_3861020606619189248_n-150x150.jpg 150w, https:\/\/www.leccecronaca.it\/wordpress\/wp-content\/uploads\/2022\/05\/53894679_10213840974208506_3861020606619189248_n-60x60.jpg 60w\" sizes=\"(max-width: 512px) 100vw, 512px\" \/><\/p>\n<p>Ha esordito il chimico <strong>Andrea Sergi<\/strong>\u00a0che ha parlato di \u201cCiclo dei rifiuti\u201d e normative esistenti, nell&#8217;ottica virtuosa di poter trasformare con un&#8217;opportuna organizzazione, un problema, i rifiuti da smaltire, in una risorsa. per la comunit\u00e0.<\/p>\n<p>&nbsp;<\/p>\n<p><img decoding=\"async\" loading=\"lazy\" class=\"alignnone wp-image-199256 size-large\" src=\"https:\/\/www.leccecronaca.it\/wordpress\/wp-content\/uploads\/2022\/05\/279244071_5399742833372024_7600929007091870228_n-576x1024.jpg\" alt=\"\" width=\"576\" height=\"1024\" srcset=\"https:\/\/www.leccecronaca.it\/wordpress\/wp-content\/uploads\/2022\/05\/279244071_5399742833372024_7600929007091870228_n-576x1024.jpg 576w, https:\/\/www.leccecronaca.it\/wordpress\/wp-content\/uploads\/2022\/05\/279244071_5399742833372024_7600929007091870228_n-169x300.jpg 169w, https:\/\/www.leccecronaca.it\/wordpress\/wp-content\/uploads\/2022\/05\/279244071_5399742833372024_7600929007091870228_n.jpg 750w\" sizes=\"(max-width: 576px) 100vw, 576px\" \/><\/p>\n<p>Ha continuato la pediatra <strong>Maria Lucia Santoro<\/strong>.<\/p>\n<p>Ha spiegato, dal suo punto di vista professionale, il\u00a0degrado ambientale che ci minaccia, approfondendo altres\u00ec questioni sociali, come il dover vivere in un contesto non salutare, e come lo smarrimento della famiglia non pi\u00f9 punto di riferimento per i nostri ragazzi e tutto ci\u00f2 che ne deriva.<\/p>\n<p>Ha auspicato il ritorno di certi valori tradizionali, di cui, a suo dire, non si pu\u00f2 fare a meno.<\/p>\n<p>&nbsp;<\/p>\n<p><img decoding=\"async\" loading=\"lazy\" class=\"alignnone size-full wp-image-199257\" src=\"https:\/\/www.leccecronaca.it\/wordpress\/wp-content\/uploads\/2022\/05\/NOCRA.jpg\" alt=\"\" width=\"750\" height=\"727\" srcset=\"https:\/\/www.leccecronaca.it\/wordpress\/wp-content\/uploads\/2022\/05\/NOCRA.jpg 750w, https:\/\/www.leccecronaca.it\/wordpress\/wp-content\/uploads\/2022\/05\/NOCRA-300x291.jpg 300w\" sizes=\"(max-width: 750px) 100vw, 750px\" \/><\/p>\n<p>&nbsp;<\/p>\n<p>Infine, il biologo <strong>Fernando Cera<\/strong>, chiamato a relazionare &#8211; dal momento che &#8216;siamo ci\u00f2 che mangiamo&#8217; &#8211; sull&#8217;importanza dell&#8217;uso di cibi sani e di una cucina salutare.<\/p>\n<p>Secondo il relatore, con l&#8217;ausilio di studi scientifici, tutto ci\u00f2 \u00e8 possibile con il ritorno alla cos\u00ec detta &#8216;dieta mediterranea&#8217;.<\/p>\n<p>&nbsp;<\/p>\n<p>Moderatrice dell\u2019incontro \u00e8 stata l\u2019avvocato Macrina Draetta, attivista del Circolo Tandem, nonch\u00e9 di Zero Waste Italy.<\/p>\n<p>&nbsp;<\/p>\n<p>Nella prossima, terza e penultima puntata, sabato 14 maggio, alle 18.30, semprpresso la Biblioteca di Comunit\u00e0 di Leverano, si affronter\u00e0 il tema cruciale dei cambiamenti climatici, dell\u2019idrogeno verde e le Comunit\u00e0 dell\u2019energia e degli imprenditori e inventori di energie rinnovabili.<\/p>\n<p>Aprir\u00e0 i lavori il climatologo Roberto Ingrosso in collegamento da remoto dal Canada, a seguire il fisico Nicola Conenna (presidente di Green Hydrogen Community). Quindi Lorenzo Errico (manager di erricoengineering), Tony Perrone (inventore di macchine a energia rinnovabile), Antonio Branca (Energy Manager) e, infine l\u2019attore Ulderico Pesce, che racconter\u00e0 la triste storia della sua terra, la Basilicata, martoriata dalle trivellazioni petrolifere, vicenda diventata uno spettacolo teatrale che l\u2019attore sta portando in giro per l\u2019Italia.<\/p>\n<p>Modereranno l\u2019evento Chiara Genna e Walter Tramacere, attivisti Circolo Tandem.<\/p>\n<p>______<\/p>\n<p>&nbsp;<\/p>\n<p>LA RICERCA nel nostro articolo del 2 maggio scorso<\/p>\n<p>&nbsp;<\/p>\n<blockquote class=\"wp-embedded-content\" data-secret=\"XHUZz4crcR\"><p><a href=\"https:\/\/www.leccecronaca.it\/index.php\/2022\/05\/02\/il-primo-appuntamento-con-il-corso-di-educazione-ambientale-a-leverano-in-sintesi-giornalistica-il-resoconto-della-serata\/\">SI E&#8217; TENUTO IL PRIMO APPUNTAMENTO CON IL CORSO DI EDUCAZIONE AMBIENTALE A LEVERANO. IN SINTESI GIORNALISTICA, IL RESOCONTO DELLA SERATA<\/a><\/p><\/blockquote>\n<p><iframe class=\"wp-embedded-content\" sandbox=\"allow-scripts\" security=\"restricted\" style=\"position: absolute; clip: rect(1px, 1px, 1px, 1px);\" src=\"https:\/\/www.leccecronaca.it\/index.php\/2022\/05\/02\/il-primo-appuntamento-con-il-corso-di-educazione-ambientale-a-leverano-in-sintesi-giornalistica-il-resoconto-della-serata\/embed\/#?secret=XHUZz4crcR\" data-secret=\"XHUZz4crcR\" width=\"500\" height=\"282\" title=\"&#8220;SI E&#8217; TENUTO IL PRIMO APPUNTAMENTO CON IL CORSO DI EDUCAZIONE AMBIENTALE A LEVERANO. IN SINTESI GIORNALISTICA, IL RESOCONTO DELLA SERATA&#8221; &#8212; LecceCronaca.it\" frameborder=\"0\" marginwidth=\"0\" marginheight=\"0\" scrolling=\"no\"><\/iframe><\/p>\n<p>&nbsp;<\/p>\n<p>&nbsp;<\/p>\n<p>&nbsp;<\/p>\n<p>&nbsp;<\/p>\n<p>&nbsp;<\/p>\n<p>&nbsp;<\/p>\n<fb:like href='https:\/\/www.leccecronaca.it\/index.php\/2022\/05\/08\/si-e-tenuto-il-secondo-appuntamento-con-il-corso-di-educazione-ambientale-a-leverano-in-sintesi-giornalistica-il-resoconto-della-serata\/' send='true' layout='button_count' show_faces='true' width='450' height='65' action='recommend' colorscheme='light' font='lucida grande'><\/fb:like><span class=\"fb_share\"><fb:like href=\"https:\/\/www.leccecronaca.it\/index.php\/2022\/05\/08\/si-e-tenuto-il-secondo-appuntamento-con-il-corso-di-educazione-ambientale-a-leverano-in-sintesi-giornalistica-il-resoconto-della-serata\/\" layout=\"button_count\"><\/fb:like><\/span>","protected":false},"excerpt":{"rendered":"<p>(Rdl) _____ Ieri sera, a Levarano, nei locali della biblioteca comunale, c&#8217;\u00e8 stato il secondo appuntamento con\u00a0il Corso di Ecologia, organizzato dall\u2019Associazione Culturale \u201cCircolo Tandem\u201d. &nbsp; Ha esordito il chimico Andrea Sergi\u00a0che ha parlato di \u201cCiclo dei rifiuti\u201d e normative esistenti, nell&#8217;ottica virtuosa di poter trasformare con un&#8217;opportuna organizzazione, un problema, i rifiuti da smaltire, [&hellip;]<\/p>\n","protected":false},"author":4,"featured_media":199254,"comment_status":"open","ping_status":"closed","sticky":false,"template":"","format":"standard","meta":[],"categories":[69,31,75,76],"tags":[],"_links":{"self":[{"href":"https:\/\/www.leccecronaca.it\/index.php\/wp-json\/wp\/v2\/posts\/199253"}],"collection":[{"href":"https:\/\/www.leccecronaca.it\/index.php\/wp-json\/wp\/v2\/posts"}],"about":[{"href":"https:\/\/www.leccecronaca.it\/index.php\/wp-json\/wp\/v2\/types\/post"}],"author":[{"embeddable":true,"href":"https:\/\/www.leccecronaca.it\/index.php\/wp-json\/wp\/v2\/users\/4"}],"replies":[{"embeddable":true,"href":"https:\/\/www.leccecronaca.it\/index.php\/wp-json\/wp\/v2\/comments?post=199253"}],"version-history":[{"count":3,"href":"https:\/\/www.leccecronaca.it\/index.php\/wp-json\/wp\/v2\/posts\/199253\/revisions"}],"predecessor-version":[{"id":199260,"href":"https:\/\/www.leccecronaca.it\/index.php\/wp-json\/wp\/v2\/posts\/199253\/revisions\/199260"}],"wp:featuredmedia":[{"embeddable":true,"href":"https:\/\/www.leccecronaca.it\/index.php\/wp-json\/wp\/v2\/media\/199254"}],"wp:attachment":[{"href":"https:\/\/www.leccecronaca.it\/index.php\/wp-json\/wp\/v2\/media?parent=199253"}],"wp:term":[{"taxonomy":"category","embeddable":true,"href":"https:\/\/www.leccecronaca.it\/index.php\/wp-json\/wp\/v2\/categories?post=199253"},{"taxonomy":"post_tag","embeddable":true,"href":"https:\/\/www.leccecronaca.it\/index.php\/wp-json\/wp\/v2\/tags?post=199253"}],"curies":[{"name":"wp","href":"https:\/\/api.w.org\/{rel}","templated":true}]}}