{"id":199426,"date":"2022-05-11T20:00:07","date_gmt":"2022-05-11T18:00:07","guid":{"rendered":"http:\/\/www.leccecronaca.it\/?p=199426"},"modified":"2022-05-11T22:40:40","modified_gmt":"2022-05-11T20:40:40","slug":"parita-di-genere-sfide-e-prospettive-globali-dal-12-al-14-maggio-un-importante-convegno-internazionale-promosso-dalluniversita-dimitrie-cantemir-di-bucarest-ne-parla-a-leccecronaca-it-nicoleta-ap","status":"publish","type":"post","link":"https:\/\/www.leccecronaca.it\/index.php\/2022\/05\/11\/parita-di-genere-sfide-e-prospettive-globali-dal-12-al-14-maggio-un-importante-convegno-internazionale-promosso-dalluniversita-dimitrie-cantemir-di-bucarest-ne-parla-a-leccecronaca-it-nicoleta-ap\/","title":{"rendered":"PARITA&#8217; DI GENERE: SFIDE E PROSPETTIVE GLOBALI. DAL 12 AL 14 MAGGIO UN IMPORTANTE CONVEGNO INTERNAZIONALE PROMOSSO DALL&#8217;UNIVERSITA&#8217; DIMITRIE CANTEMIR DI BUCAREST. NE PARLA A Leccecronaca.it NICOLETA APOPEI, PRESIDENTE DEL CENTRO STUDI KOINE&#8217; EUROPE, CHE SARA&#8217; RELATRICE"},"content":{"rendered":"<p><img decoding=\"async\" loading=\"lazy\" class=\"alignnone wp-image-199427\" src=\"https:\/\/www.leccecronaca.it\/wordpress\/wp-content\/uploads\/2022\/05\/foto-artcolo-Nico-2.jpg\" alt=\"\" width=\"476\" height=\"635\" srcset=\"https:\/\/www.leccecronaca.it\/wordpress\/wp-content\/uploads\/2022\/05\/foto-artcolo-Nico-2.jpg 734w, https:\/\/www.leccecronaca.it\/wordpress\/wp-content\/uploads\/2022\/05\/foto-artcolo-Nico-2-225x300.jpg 225w\" sizes=\"(max-width: 476px) 100vw, 476px\" \/><\/p>\n<p>di <strong>Carmen Leo<\/strong>______<strong><em>&#8220;Il\u00a0Centro Studi Koin\u00e9 Europe \u00e8 un\u00a0Ente di alta formazione legalmente riconosciuto,\u00a0\u00a0accreditato ISO 9001:2015 per la progettazione ed erogazione di servizi di formazione professionale, e\u00a0nasce a\u00a0Lecce\u00a0con l\u2019obiettivo di promuovere la\u00a0cultura, la\u00a0formazione,\u00a0il sapere\u00a0e la\u00a0ricerca\u00a0scientifica ad ampio spettro, rivolgendo sempre una particolare attenzione alle dinamiche territoriali.<\/em><\/strong><\/p>\n<p><strong><em>\u00a0L\u2019intero Staff\u00a0 del Centro \u00e8, pertanto, presente attivamente sul territorio\u00a0collaborando con numerosi enti di formazione, partnership\u00a0sia in Italia, sia all\u2019estero, consolidando una rete di accordi tra istituti nazionali e internazionali del calibro dell\u2019Universit\u00e0 Cristiana Dimitrie Cantemir di Bucharest, la quale, a partire da gioved\u00ec 12 maggio e fino a sabato 14,\u00a0 promuove un importante convegno internazionale, sul delicato tema della &#8216;parit\u00e0 di genere&#8217;, al quale io avr\u00f2 l&#8217;onore di partecipare in qualit\u00e0 di relatrice, con un intervento intitolato &#8216;When We Lose the Right to be Different, We Lose the Privilege to Be Free <\/em><\/strong>(Quando perdiamo il diritto di essere diversi, perdiamo il diritto di essere liberi &#8211; ndr)<strong><em>. <\/em><\/strong><strong><em>La presenza di Koin\u00e8 Europe al significativo evento \u00e8 per noi motivo di grande orgoglio&#8221;.\u00a0<\/em><\/strong><\/p>\n<p>&nbsp;<\/p>\n<p>Cos\u00ec <strong>Nicoleta Apopei<\/strong> (nella foto di copertina), <strong>presidente<\/strong> del\u00a0<strong><em>Centro Studi Koin\u00e9 Europe, <\/em><\/strong>con sedi a Lecce e Melendugno, rivela a leccecronaca.it l&#8217;immensa soddisfazione per la sua partecipazione a questo convegno internazionale, frutto della collaborazione ormai consolidata\u00a0 del Centro di alta formazione da lei diretto con il prestigioso ateneo romeno, presso la cui sede appunto gioved\u00ec 12 prender\u00e0 avvio un convegno di notevole risonanza, con la registrazione, alle ore 9.30, dei partecipanti, tra cui si annoverano nomi illustri del panorama culturale mondiale, provenienti da Italia, Romania, Stati Uniti, Repubblica Ceca, Francia, Marocco, Moldavia, Austria, Arabia Saudita, Portogallo, Svizzera, Lituania, Vietnam, Germania, Spagna, Regno Unito,\u00a0Netherland, Pakistan, Giappone, Danimarca.<\/p>\n<p>&nbsp;<\/p>\n<p><img decoding=\"async\" loading=\"lazy\" class=\"alignnone size-full wp-image-199442\" src=\"https:\/\/www.leccecronaca.it\/wordpress\/wp-content\/uploads\/2022\/05\/280271738_689176485623677_5496533106191800108_n.jpg\" alt=\"\" width=\"949\" height=\"507\" srcset=\"https:\/\/www.leccecronaca.it\/wordpress\/wp-content\/uploads\/2022\/05\/280271738_689176485623677_5496533106191800108_n.jpg 949w, https:\/\/www.leccecronaca.it\/wordpress\/wp-content\/uploads\/2022\/05\/280271738_689176485623677_5496533106191800108_n-300x160.jpg 300w, https:\/\/www.leccecronaca.it\/wordpress\/wp-content\/uploads\/2022\/05\/280271738_689176485623677_5496533106191800108_n-768x410.jpg 768w\" sizes=\"(max-width: 949px) 100vw, 949px\" \/><\/p>\n<p>&nbsp;<\/p>\n<p>Ci appare opportuno e meritorio citare le tematiche di grande attualit\u00e0 che verranno trattate nelle quindici sessioni, e relative tavole rotonde, che si susseguiranno nel corso delle tre giornate del meeting: <em><strong>Approcci letterari alla femminilit\u00e0 e alla mascolinit\u00e0<\/strong><\/em>,\u00a0<em><strong>Diversit\u00e0, Uguaglianza, Inclusione nei contesti sociali,\u00a0L&#8217;educazione delle donne da parte delle donne, Rappresentazioni di genere nelle interazioni sociali,\u00a0Voci letterarie moderne del femminismo in Giappone,\u00a0Donne, genere e leadership in un mondo globalizzato,\u00a0Alterit\u00e0 e alterit\u00e0 nelle societ\u00e0 interculturali,\u00a0Equit\u00e0 e inclusione nelle societ\u00e0 globalizzate,\u00a0Problemi di genere in Corea del Sud,\u00a0L&#8217;istituzionalizzazione e professionalizzazione di Competenza in materia di genere e pari opportunit\u00e0 in Romania,\u00a0Rappresentazioni di genere nella storia, nella mitologia e Politica,\u00a0Diritti sociali ed educativi in contesti pluralisti,\u00a0Pari opportunit\u00e0 nelle societ\u00e0 contemporanee,\u00a0Sfide attuali nell&#8217;insegnamento degli studi culturali di genere,\u00a0Identit\u00e0 e discorso nelle societ\u00e0 multiculturali,\u00a0Diritti, uguaglianza, divario retributivo di genere.<br \/>\n<\/strong><\/em><\/p>\n<p>Docenti, ricercatori, ambasciatori, ai quali sono stati conferiti prestigiosi riconoscimenti alla carriera, questi gli ospiti della convention, per la qual cosa comprendiamo appieno la grande soddisfazione della <strong>Apopei,<\/strong> una Donna che ha votato la propria vita alla <strong>Cultura del Sapere<\/strong>, non solo come bisogno primario di elevare la propria conoscenza, ma anche e soprattutto come esigenza di mettere le competenze acquisite, attraverso lo studio incessante, al servizio\u00a0 della comunit\u00e0 di una terra straniera, dov&#8217;Ella ha saputo inventarsi e trovare un proprio spazio di ampia risonanza, come solo una <strong>Donna<\/strong> volitiva, intelligente, dinamica, dotata di uno straordinario spirito di imprenditorialit\u00e0 <strong>Sa e Pu\u00f2 Fare.\u00a0<\/strong><\/p>\n<p>&nbsp;<\/p>\n<p>______<\/p>\n<p>&nbsp;<\/p>\n<p>NEL LINK QUI SOTTO, IL PROGRAMMA COMPLETO DEL CONVEGNO<\/p>\n<p>&nbsp;<\/p>\n<p><a href=\"https:\/\/www.leccecronaca.it\/wordpress\/wp-content\/uploads\/2022\/05\/Program.pdf\">Program<\/a><\/p>\n<p>&nbsp;<\/p>\n<p>&nbsp;<\/p>\n<p>&nbsp;<\/p>\n<fb:like href='https:\/\/www.leccecronaca.it\/index.php\/2022\/05\/11\/parita-di-genere-sfide-e-prospettive-globali-dal-12-al-14-maggio-un-importante-convegno-internazionale-promosso-dalluniversita-dimitrie-cantemir-di-bucarest-ne-parla-a-leccecronaca-it-nicoleta-ap\/' send='true' layout='button_count' show_faces='true' width='450' height='65' action='recommend' colorscheme='light' font='lucida grande'><\/fb:like><span class=\"fb_share\"><fb:like href=\"https:\/\/www.leccecronaca.it\/index.php\/2022\/05\/11\/parita-di-genere-sfide-e-prospettive-globali-dal-12-al-14-maggio-un-importante-convegno-internazionale-promosso-dalluniversita-dimitrie-cantemir-di-bucarest-ne-parla-a-leccecronaca-it-nicoleta-ap\/\" layout=\"button_count\"><\/fb:like><\/span>","protected":false},"excerpt":{"rendered":"<p>di Carmen Leo______&#8220;Il\u00a0Centro Studi Koin\u00e9 Europe \u00e8 un\u00a0Ente di alta formazione legalmente riconosciuto,\u00a0\u00a0accreditato ISO 9001:2015 per la progettazione ed erogazione di servizi di formazione professionale, e\u00a0nasce a\u00a0Lecce\u00a0con l\u2019obiettivo di promuovere la\u00a0cultura, la\u00a0formazione,\u00a0il sapere\u00a0e la\u00a0ricerca\u00a0scientifica ad ampio spettro, rivolgendo sempre una particolare attenzione alle dinamiche territoriali. \u00a0L\u2019intero Staff\u00a0 del Centro \u00e8, pertanto, presente attivamente sul territorio\u00a0collaborando [&hellip;]<\/p>\n","protected":false},"author":4,"featured_media":199427,"comment_status":"open","ping_status":"closed","sticky":false,"template":"","format":"standard","meta":[],"categories":[1,69,31,75],"tags":[],"_links":{"self":[{"href":"https:\/\/www.leccecronaca.it\/index.php\/wp-json\/wp\/v2\/posts\/199426"}],"collection":[{"href":"https:\/\/www.leccecronaca.it\/index.php\/wp-json\/wp\/v2\/posts"}],"about":[{"href":"https:\/\/www.leccecronaca.it\/index.php\/wp-json\/wp\/v2\/types\/post"}],"author":[{"embeddable":true,"href":"https:\/\/www.leccecronaca.it\/index.php\/wp-json\/wp\/v2\/users\/4"}],"replies":[{"embeddable":true,"href":"https:\/\/www.leccecronaca.it\/index.php\/wp-json\/wp\/v2\/comments?post=199426"}],"version-history":[{"count":13,"href":"https:\/\/www.leccecronaca.it\/index.php\/wp-json\/wp\/v2\/posts\/199426\/revisions"}],"predecessor-version":[{"id":199445,"href":"https:\/\/www.leccecronaca.it\/index.php\/wp-json\/wp\/v2\/posts\/199426\/revisions\/199445"}],"wp:featuredmedia":[{"embeddable":true,"href":"https:\/\/www.leccecronaca.it\/index.php\/wp-json\/wp\/v2\/media\/199427"}],"wp:attachment":[{"href":"https:\/\/www.leccecronaca.it\/index.php\/wp-json\/wp\/v2\/media?parent=199426"}],"wp:term":[{"taxonomy":"category","embeddable":true,"href":"https:\/\/www.leccecronaca.it\/index.php\/wp-json\/wp\/v2\/categories?post=199426"},{"taxonomy":"post_tag","embeddable":true,"href":"https:\/\/www.leccecronaca.it\/index.php\/wp-json\/wp\/v2\/tags?post=199426"}],"curies":[{"name":"wp","href":"https:\/\/api.w.org\/{rel}","templated":true}]}}