{"id":199531,"date":"2022-05-14T14:47:16","date_gmt":"2022-05-14T12:47:16","guid":{"rendered":"http:\/\/www.leccecronaca.it\/?p=199531"},"modified":"2022-05-14T14:49:17","modified_gmt":"2022-05-14T12:49:17","slug":"il-lecce-convocala-stampa-al-richmond-restaurant-per-festeggiare-la-serie-a","status":"publish","type":"post","link":"https:\/\/www.leccecronaca.it\/index.php\/2022\/05\/14\/il-lecce-convocala-stampa-al-richmond-restaurant-per-festeggiare-la-serie-a\/","title":{"rendered":"IL LECCE &#8220;CONVOCA&#8221; I GIORNALISTI PER LA FESTA"},"content":{"rendered":"<p><strong>(m.a.) ______<\/strong><\/p>\n<p>L&#8217;<strong>U.S. Lecce<\/strong> ha convocato nella serata di ieri la stampa locale al <strong>Richmond Restaurant<\/strong>, locale rinomato a due passi da Piazza Mazzini, per festeggiare insieme\u00a0 la\u00a0 \u00a0promozione in Serie A della squadra.<\/p>\n<p>Due ore\u00a0 trascorse in compagnia in un&#8217;atmosfera gradevole.<\/p>\n<p><img decoding=\"async\" loading=\"lazy\" class=\"alignnone size-full wp-image-199536\" src=\"https:\/\/www.leccecronaca.it\/wordpress\/wp-content\/uploads\/2022\/05\/sticchi-damiani-67.jpg\" alt=\"\" width=\"1536\" height=\"2048\" srcset=\"https:\/\/www.leccecronaca.it\/wordpress\/wp-content\/uploads\/2022\/05\/sticchi-damiani-67.jpg 1536w, https:\/\/www.leccecronaca.it\/wordpress\/wp-content\/uploads\/2022\/05\/sticchi-damiani-67-225x300.jpg 225w, https:\/\/www.leccecronaca.it\/wordpress\/wp-content\/uploads\/2022\/05\/sticchi-damiani-67-768x1024.jpg 768w, https:\/\/www.leccecronaca.it\/wordpress\/wp-content\/uploads\/2022\/05\/sticchi-damiani-67-1152x1536.jpg 1152w\" sizes=\"(max-width: 1536px) 100vw, 1536px\" \/><\/p>\n<p>Il presidente <strong>Saverio Sticchi Damiani\u00a0<\/strong>(nella foto) e il Responsabile dell&#8217;Area Tecnica <strong>Pantaleo Corvino<\/strong>, durante il loro breve intervento, hanno ringraziato\u00a0 gli operatori dell&#8217;informazione per la vicinanza e\u00a0 gli sforzi profusi, durante l&#8217;anno , nel raccontare\u00a0 il campionato della compagine allenata\u00a0 da <strong>Marco Baroni<\/strong>, e non \u00e8 mancata una sorpresa&#8230;<\/p>\n<p>&nbsp;<\/p>\n<p><strong><img decoding=\"async\" loading=\"lazy\" class=\"alignnone size-full wp-image-199534\" src=\"https:\/\/www.leccecronaca.it\/wordpress\/wp-content\/uploads\/2022\/05\/elio-donno-76.jpg\" alt=\"\" width=\"436\" height=\"1305\" srcset=\"https:\/\/www.leccecronaca.it\/wordpress\/wp-content\/uploads\/2022\/05\/elio-donno-76.jpg 436w, https:\/\/www.leccecronaca.it\/wordpress\/wp-content\/uploads\/2022\/05\/elio-donno-76-100x300.jpg 100w, https:\/\/www.leccecronaca.it\/wordpress\/wp-content\/uploads\/2022\/05\/elio-donno-76-342x1024.jpg 342w\" sizes=\"(max-width: 436px) 100vw, 436px\" \/><\/strong><\/p>\n<p>&nbsp;<\/p>\n<p><strong>Elio Donno<\/strong>(nella foto), decano del giornalismo leccese e prestigiosa firma del <em>&#8220;Corriere dello Sport<\/em>&#8220;, nel corso di una lunghissima carriera che abbraccia pi\u00f9 di mezzo secolo, ha avuto l&#8217;onore e l&#8217;onere di raccontare ben tredici promozioni del <strong>Lecce\u00a0<\/strong>(non solo quelle in A), pertanto, \u00e8 stato omaggiato dal club\u00a0 \u00a0con una maglia celebrativa.<\/p>\n<p>&nbsp;<\/p>\n<p><img decoding=\"async\" loading=\"lazy\" class=\"alignnone size-full wp-image-199537\" src=\"https:\/\/www.leccecronaca.it\/wordpress\/wp-content\/uploads\/2022\/05\/dirigenza-lecce.jpg\" alt=\"\" width=\"1536\" height=\"2048\" srcset=\"https:\/\/www.leccecronaca.it\/wordpress\/wp-content\/uploads\/2022\/05\/dirigenza-lecce.jpg 1536w, https:\/\/www.leccecronaca.it\/wordpress\/wp-content\/uploads\/2022\/05\/dirigenza-lecce-225x300.jpg 225w, https:\/\/www.leccecronaca.it\/wordpress\/wp-content\/uploads\/2022\/05\/dirigenza-lecce-768x1024.jpg 768w, https:\/\/www.leccecronaca.it\/wordpress\/wp-content\/uploads\/2022\/05\/dirigenza-lecce-1152x1536.jpg 1152w\" sizes=\"(max-width: 1536px) 100vw, 1536px\" \/>Dopodich\u00e9 la societ\u00e0 (nella foto), presente al completo, ad eccezione dell&#8217;azionista di maggioranza <strong>Ren\u00e8<\/strong> <strong>De Picciotto<\/strong>, ha offerto ai giornalisti un gustoso buffet a base di sushi e frittini vari, con un bicchiere di spumante.<\/p>\n<p>Infine, dopo la torta di rito, l&#8217;arrivederci al prossimo anno, con l&#8217;augurio di conquistare un altro risultato importante , che avrebbe del miracoloso, ovvero\u00a0 la salvezza\u00a0 in &#8220;<em>Paradiso<\/em>&#8220;(SERIE A).<\/p>\n<p>Parola di <strong>Pantaleo Corvino<\/strong>!<\/p>\n<p>&nbsp;<\/p>\n<p>&nbsp;<\/p>\n<p>&nbsp;<\/p>\n<p>&nbsp;<\/p>\n<fb:like href='https:\/\/www.leccecronaca.it\/index.php\/2022\/05\/14\/il-lecce-convocala-stampa-al-richmond-restaurant-per-festeggiare-la-serie-a\/' send='true' layout='button_count' show_faces='true' width='450' height='65' action='recommend' colorscheme='light' font='lucida grande'><\/fb:like><span class=\"fb_share\"><fb:like href=\"https:\/\/www.leccecronaca.it\/index.php\/2022\/05\/14\/il-lecce-convocala-stampa-al-richmond-restaurant-per-festeggiare-la-serie-a\/\" layout=\"button_count\"><\/fb:like><\/span>","protected":false},"excerpt":{"rendered":"<p>(m.a.) ______ L&#8217;U.S. Lecce ha convocato nella serata di ieri la stampa locale al Richmond Restaurant, locale rinomato a due passi da Piazza Mazzini, per festeggiare insieme\u00a0 la\u00a0 \u00a0promozione in Serie A della squadra. Due ore\u00a0 trascorse in compagnia in un&#8217;atmosfera gradevole. Il presidente Saverio Sticchi Damiani\u00a0(nella foto) e il Responsabile dell&#8217;Area Tecnica Pantaleo Corvino, [&hellip;]<\/p>\n","protected":false},"author":4,"featured_media":199537,"comment_status":"open","ping_status":"closed","sticky":false,"template":"","format":"standard","meta":[],"categories":[28],"tags":[],"_links":{"self":[{"href":"https:\/\/www.leccecronaca.it\/index.php\/wp-json\/wp\/v2\/posts\/199531"}],"collection":[{"href":"https:\/\/www.leccecronaca.it\/index.php\/wp-json\/wp\/v2\/posts"}],"about":[{"href":"https:\/\/www.leccecronaca.it\/index.php\/wp-json\/wp\/v2\/types\/post"}],"author":[{"embeddable":true,"href":"https:\/\/www.leccecronaca.it\/index.php\/wp-json\/wp\/v2\/users\/4"}],"replies":[{"embeddable":true,"href":"https:\/\/www.leccecronaca.it\/index.php\/wp-json\/wp\/v2\/comments?post=199531"}],"version-history":[{"count":5,"href":"https:\/\/www.leccecronaca.it\/index.php\/wp-json\/wp\/v2\/posts\/199531\/revisions"}],"predecessor-version":[{"id":199544,"href":"https:\/\/www.leccecronaca.it\/index.php\/wp-json\/wp\/v2\/posts\/199531\/revisions\/199544"}],"wp:featuredmedia":[{"embeddable":true,"href":"https:\/\/www.leccecronaca.it\/index.php\/wp-json\/wp\/v2\/media\/199537"}],"wp:attachment":[{"href":"https:\/\/www.leccecronaca.it\/index.php\/wp-json\/wp\/v2\/media?parent=199531"}],"wp:term":[{"taxonomy":"category","embeddable":true,"href":"https:\/\/www.leccecronaca.it\/index.php\/wp-json\/wp\/v2\/categories?post=199531"},{"taxonomy":"post_tag","embeddable":true,"href":"https:\/\/www.leccecronaca.it\/index.php\/wp-json\/wp\/v2\/tags?post=199531"}],"curies":[{"name":"wp","href":"https:\/\/api.w.org\/{rel}","templated":true}]}}